{"id":6298,"date":"2025-09-08T17:05:01","date_gmt":"2025-09-08T15:05:01","guid":{"rendered":"https:\/\/www.valerie-philippin.com\/site\/?p=6298"},"modified":"2025-09-09T13:02:07","modified_gmt":"2025-09-09T11:02:07","slug":"des-voix-sur-un-plateau","status":"publish","type":"post","link":"https:\/\/www.valerie-philippin.com\/site\/des-voix-sur-un-plateau\/","title":{"rendered":"DES VOIX SUR UN PLATEAU"},"content":{"rendered":"\n<div class=\"wp-block-columns is-layout-flex wp-container-core-columns-is-layout-9d6595d7 wp-block-columns-is-layout-flex\">\n<div class=\"wp-block-column is-layout-flow wp-block-column-is-layout-flow\">\n<p><strong>Contexte de la recherche<\/strong><br>Ce projet de recherche th\u00e9orique et pratique sur la place de la voix dans les processus de cr\u00e9ation et d&rsquo;interpr\u00e9tation de la sc\u00e8ne th\u00e9\u00e2trale a re\u00e7u en juin 2025 le soutien du Minist\u00e8re de la culture.<br>Il sera men\u00e9 par les \u00e9l\u00e8ves de l&rsquo;\u00e9cole de th\u00e9\u00e2tre du Th\u00e9\u00e2tre National Bordeaux Aquitaine, encadr\u00e9s par Val\u00e9rie Philippin pendant deux saisons, de septembre 2025 \u00e0 septembre 2027.<\/p>\n\n\n\n<p><strong>Objet de la recherche<\/strong><br>S\u2019appuyant sur des \u00e9crits et t\u00e9moignages d\u2019artistes de th\u00e9\u00e2tre qui d\u00e9voilent leur conception de la voix en sc\u00e8ne, accompagn\u00e9e d&rsquo;exp\u00e9rimentations et explorations vocales, la recherche men\u00e9e avec les \u00e9l\u00e8ves de l\u2019\u00e9cole du TNBA vise \u00e0 dresser un panorama des usages de la voix au prisme des diverses esth\u00e9tiques et influences marquant les XXe et XXIe si\u00e8cles.<\/p>\n\n\n\n<p><strong>Restitution publique<\/strong><br>Conf\u00e9rence et performances vocales pr\u00e9vues au TNBA en d\u00e9but de saison 2027-28.<\/p>\n<\/div>\n\n\n\n<div class=\"wp-block-column is-layout-flow wp-block-column-is-layout-flow\"><\/div>\n\n\n\n<div class=\"wp-block-column is-layout-flow wp-block-column-is-layout-flow\"><\/div>\n<\/div>\n","protected":false},"excerpt":{"rendered":"<p>Recherche avec la promo 7 de l&rsquo;\u00e9cole du TNBA, dans le cadre du dispositif REVES de la DGCA &#8211; Minist\u00e8re de la Culture<\/p>\n","protected":false},"author":2,"featured_media":6299,"comment_status":"closed","ping_status":"closed","sticky":false,"template":"","format":"standard","meta":{"footnotes":""},"categories":[17,16],"tags":[],"class_list":["post-6298","post","type-post","status-publish","format-standard","has-post-thumbnail","hentry","category-actualite-formation-professionnelle","category-formation-professionnelle"],"yoast_head":"<!-- This site is optimized with the Yoast SEO plugin v27.5 - https:\/\/yoast.com\/product\/yoast-seo-wordpress\/ -->\n<title>DES VOIX SUR UN PLATEAU &#8226; Val\u00e9rie Philippin \/ Cie Territoires de la voix<\/title>\n<meta name=\"robots\" content=\"noindex, follow\" \/>\n<meta property=\"og:locale\" content=\"fr_FR\" \/>\n<meta property=\"og:type\" content=\"article\" \/>\n<meta property=\"og:title\" content=\"DES VOIX SUR UN PLATEAU &#8226; Val\u00e9rie Philippin \/ Cie Territoires de la voix\" \/>\n<meta property=\"og:description\" content=\"Recherche avec la promo 7 de l&#039;\u00e9cole du TNBA, dans le cadre du dispositif REVES de la DGCA - Minist\u00e8re de la Culture\" \/>\n<meta property=\"og:url\" content=\"https:\/\/www.valerie-philippin.com\/site\/des-voix-sur-un-plateau\/\" \/>\n<meta property=\"og:site_name\" content=\"Val\u00e9rie Philippin \/ Cie Territoires de la voix\" \/>\n<meta property=\"article:published_time\" content=\"2025-09-08T15:05:01+00:00\" \/>\n<meta property=\"article:modified_time\" content=\"2025-09-09T11:02:07+00:00\" \/>\n<meta property=\"og:image\" content=\"http:\/\/www.valerie-philippin.com\/site\/wp-content\/uploads\/Workshop-Valerie-Philippin-08-copie.jpg\" \/>\n\t<meta property=\"og:image:width\" content=\"1450\" \/>\n\t<meta property=\"og:image:height\" content=\"771\" \/>\n\t<meta property=\"og:image:type\" content=\"image\/jpeg\" \/>\n<meta name=\"author\" content=\"Val\u00e9rie Philippin\" \/>\n<meta name=\"twitter:card\" content=\"summary_large_image\" \/>\n<meta name=\"twitter:label1\" content=\"\u00c9crit par\" \/>\n\t<meta name=\"twitter:data1\" content=\"Val\u00e9rie Philippin\" \/>\n\t<meta name=\"twitter:label2\" content=\"Dur\u00e9e de lecture estim\u00e9e\" \/>\n\t<meta name=\"twitter:data2\" content=\"1 minute\" \/>\n<script type=\"application\/ld+json\" class=\"yoast-schema-graph\">{\"@context\":\"https:\\\/\\\/schema.org\",\"@graph\":[{\"@type\":\"Article\",\"@id\":\"https:\\\/\\\/www.valerie-philippin.com\\\/site\\\/des-voix-sur-un-plateau\\\/#article\",\"isPartOf\":{\"@id\":\"https:\\\/\\\/www.valerie-philippin.com\\\/site\\\/des-voix-sur-un-plateau\\\/\"},\"author\":{\"name\":\"Val\u00e9rie Philippin\",\"@id\":\"https:\\\/\\\/www.valerie-philippin.com\\\/site\\\/#\\\/schema\\\/person\\\/b4b89fdb961cd2821524f194ed6980db\"},\"headline\":\"DES VOIX SUR UN PLATEAU\",\"datePublished\":\"2025-09-08T15:05:01+00:00\",\"dateModified\":\"2025-09-09T11:02:07+00:00\",\"mainEntityOfPage\":{\"@id\":\"https:\\\/\\\/www.valerie-philippin.com\\\/site\\\/des-voix-sur-un-plateau\\\/\"},\"wordCount\":173,\"publisher\":{\"@id\":\"https:\\\/\\\/www.valerie-philippin.com\\\/site\\\/#organization\"},\"image\":{\"@id\":\"https:\\\/\\\/www.valerie-philippin.com\\\/site\\\/des-voix-sur-un-plateau\\\/#primaryimage\"},\"thumbnailUrl\":\"https:\\\/\\\/www.valerie-philippin.com\\\/site\\\/wp-content\\\/uploads\\\/Workshop-Valerie-Philippin-08-copie.jpg\",\"articleSection\":[\"Actualit\u00e9\",\"FabLab \\\/ Formation professionnelle\"],\"inLanguage\":\"fr-FR\"},{\"@type\":\"WebPage\",\"@id\":\"https:\\\/\\\/www.valerie-philippin.com\\\/site\\\/des-voix-sur-un-plateau\\\/\",\"url\":\"https:\\\/\\\/www.valerie-philippin.com\\\/site\\\/des-voix-sur-un-plateau\\\/\",\"name\":\"DES VOIX SUR UN PLATEAU &#8226; Val\u00e9rie Philippin \\\/ Cie Territoires de la voix\",\"isPartOf\":{\"@id\":\"https:\\\/\\\/www.valerie-philippin.com\\\/site\\\/#website\"},\"primaryImageOfPage\":{\"@id\":\"https:\\\/\\\/www.valerie-philippin.com\\\/site\\\/des-voix-sur-un-plateau\\\/#primaryimage\"},\"image\":{\"@id\":\"https:\\\/\\\/www.valerie-philippin.com\\\/site\\\/des-voix-sur-un-plateau\\\/#primaryimage\"},\"thumbnailUrl\":\"https:\\\/\\\/www.valerie-philippin.com\\\/site\\\/wp-content\\\/uploads\\\/Workshop-Valerie-Philippin-08-copie.jpg\",\"datePublished\":\"2025-09-08T15:05:01+00:00\",\"dateModified\":\"2025-09-09T11:02:07+00:00\",\"breadcrumb\":{\"@id\":\"https:\\\/\\\/www.valerie-philippin.com\\\/site\\\/des-voix-sur-un-plateau\\\/#breadcrumb\"},\"inLanguage\":\"fr-FR\",\"potentialAction\":[{\"@type\":\"ReadAction\",\"target\":[\"https:\\\/\\\/www.valerie-philippin.com\\\/site\\\/des-voix-sur-un-plateau\\\/\"]}]},{\"@type\":\"ImageObject\",\"inLanguage\":\"fr-FR\",\"@id\":\"https:\\\/\\\/www.valerie-philippin.com\\\/site\\\/des-voix-sur-un-plateau\\\/#primaryimage\",\"url\":\"https:\\\/\\\/www.valerie-philippin.com\\\/site\\\/wp-content\\\/uploads\\\/Workshop-Valerie-Philippin-08-copie.jpg\",\"contentUrl\":\"https:\\\/\\\/www.valerie-philippin.com\\\/site\\\/wp-content\\\/uploads\\\/Workshop-Valerie-Philippin-08-copie.jpg\",\"width\":1450,\"height\":771},{\"@type\":\"BreadcrumbList\",\"@id\":\"https:\\\/\\\/www.valerie-philippin.com\\\/site\\\/des-voix-sur-un-plateau\\\/#breadcrumb\",\"itemListElement\":[{\"@type\":\"ListItem\",\"position\":1,\"name\":\"Accueil\",\"item\":\"https:\\\/\\\/www.valerie-philippin.com\\\/site\\\/\"},{\"@type\":\"ListItem\",\"position\":2,\"name\":\"DES VOIX SUR UN PLATEAU\"}]},{\"@type\":\"WebSite\",\"@id\":\"https:\\\/\\\/www.valerie-philippin.com\\\/site\\\/#website\",\"url\":\"https:\\\/\\\/www.valerie-philippin.com\\\/site\\\/\",\"name\":\"Val\u00e9rie Philippin \\\/ Cie Territoires de la voix\",\"description\":\"FaBLab de cr\u00e9ation vocale contemporaine\",\"publisher\":{\"@id\":\"https:\\\/\\\/www.valerie-philippin.com\\\/site\\\/#organization\"},\"potentialAction\":[{\"@type\":\"SearchAction\",\"target\":{\"@type\":\"EntryPoint\",\"urlTemplate\":\"https:\\\/\\\/www.valerie-philippin.com\\\/site\\\/?s={search_term_string}\"},\"query-input\":{\"@type\":\"PropertyValueSpecification\",\"valueRequired\":true,\"valueName\":\"search_term_string\"}}],\"inLanguage\":\"fr-FR\"},{\"@type\":\"Organization\",\"@id\":\"https:\\\/\\\/www.valerie-philippin.com\\\/site\\\/#organization\",\"name\":\"Territoires de la voix\",\"url\":\"https:\\\/\\\/www.valerie-philippin.com\\\/site\\\/\",\"logo\":{\"@type\":\"ImageObject\",\"inLanguage\":\"fr-FR\",\"@id\":\"https:\\\/\\\/www.valerie-philippin.com\\\/site\\\/#\\\/schema\\\/logo\\\/image\\\/\",\"url\":\"http:\\\/\\\/www.valerie-philippin.com\\\/site\\\/wp-content\\\/uploads\\\/2020\\\/06\\\/logoterritoiresdelavoix.png\",\"contentUrl\":\"http:\\\/\\\/www.valerie-philippin.com\\\/site\\\/wp-content\\\/uploads\\\/2020\\\/06\\\/logoterritoiresdelavoix.png\",\"width\":500,\"height\":537,\"caption\":\"Territoires de la voix\"},\"image\":{\"@id\":\"https:\\\/\\\/www.valerie-philippin.com\\\/site\\\/#\\\/schema\\\/logo\\\/image\\\/\"}},{\"@type\":\"Person\",\"@id\":\"https:\\\/\\\/www.valerie-philippin.com\\\/site\\\/#\\\/schema\\\/person\\\/b4b89fdb961cd2821524f194ed6980db\",\"name\":\"Val\u00e9rie Philippin\",\"description\":\"Chanteuse, autrice, compositrice - Territoires de la Voix\",\"sameAs\":[\"http:\\\/\\\/www.valerie-philippin.com\"]}]}<\/script>\n<!-- \/ Yoast SEO plugin. -->","yoast_head_json":{"title":"DES VOIX SUR UN PLATEAU &#8226; Val\u00e9rie Philippin \/ Cie Territoires de la voix","robots":{"index":"noindex","follow":"follow"},"og_locale":"fr_FR","og_type":"article","og_title":"DES VOIX SUR UN PLATEAU &#8226; Val\u00e9rie Philippin \/ Cie Territoires de la voix","og_description":"Recherche avec la promo 7 de l'\u00e9cole du TNBA, dans le cadre du dispositif REVES de la DGCA - Minist\u00e8re de la Culture","og_url":"https:\/\/www.valerie-philippin.com\/site\/des-voix-sur-un-plateau\/","og_site_name":"Val\u00e9rie Philippin \/ Cie Territoires de la voix","article_published_time":"2025-09-08T15:05:01+00:00","article_modified_time":"2025-09-09T11:02:07+00:00","og_image":[{"width":1450,"height":771,"url":"http:\/\/www.valerie-philippin.com\/site\/wp-content\/uploads\/Workshop-Valerie-Philippin-08-copie.jpg","type":"image\/jpeg"}],"author":"Val\u00e9rie Philippin","twitter_card":"summary_large_image","twitter_misc":{"\u00c9crit par":"Val\u00e9rie Philippin","Dur\u00e9e de lecture estim\u00e9e":"1 minute"},"schema":{"@context":"https:\/\/schema.org","@graph":[{"@type":"Article","@id":"https:\/\/www.valerie-philippin.com\/site\/des-voix-sur-un-plateau\/#article","isPartOf":{"@id":"https:\/\/www.valerie-philippin.com\/site\/des-voix-sur-un-plateau\/"},"author":{"name":"Val\u00e9rie Philippin","@id":"https:\/\/www.valerie-philippin.com\/site\/#\/schema\/person\/b4b89fdb961cd2821524f194ed6980db"},"headline":"DES VOIX SUR UN PLATEAU","datePublished":"2025-09-08T15:05:01+00:00","dateModified":"2025-09-09T11:02:07+00:00","mainEntityOfPage":{"@id":"https:\/\/www.valerie-philippin.com\/site\/des-voix-sur-un-plateau\/"},"wordCount":173,"publisher":{"@id":"https:\/\/www.valerie-philippin.com\/site\/#organization"},"image":{"@id":"https:\/\/www.valerie-philippin.com\/site\/des-voix-sur-un-plateau\/#primaryimage"},"thumbnailUrl":"https:\/\/www.valerie-philippin.com\/site\/wp-content\/uploads\/Workshop-Valerie-Philippin-08-copie.jpg","articleSection":["Actualit\u00e9","FabLab \/ Formation professionnelle"],"inLanguage":"fr-FR"},{"@type":"WebPage","@id":"https:\/\/www.valerie-philippin.com\/site\/des-voix-sur-un-plateau\/","url":"https:\/\/www.valerie-philippin.com\/site\/des-voix-sur-un-plateau\/","name":"DES VOIX SUR UN PLATEAU &#8226; Val\u00e9rie Philippin \/ Cie Territoires de la voix","isPartOf":{"@id":"https:\/\/www.valerie-philippin.com\/site\/#website"},"primaryImageOfPage":{"@id":"https:\/\/www.valerie-philippin.com\/site\/des-voix-sur-un-plateau\/#primaryimage"},"image":{"@id":"https:\/\/www.valerie-philippin.com\/site\/des-voix-sur-un-plateau\/#primaryimage"},"thumbnailUrl":"https:\/\/www.valerie-philippin.com\/site\/wp-content\/uploads\/Workshop-Valerie-Philippin-08-copie.jpg","datePublished":"2025-09-08T15:05:01+00:00","dateModified":"2025-09-09T11:02:07+00:00","breadcrumb":{"@id":"https:\/\/www.valerie-philippin.com\/site\/des-voix-sur-un-plateau\/#breadcrumb"},"inLanguage":"fr-FR","potentialAction":[{"@type":"ReadAction","target":["https:\/\/www.valerie-philippin.com\/site\/des-voix-sur-un-plateau\/"]}]},{"@type":"ImageObject","inLanguage":"fr-FR","@id":"https:\/\/www.valerie-philippin.com\/site\/des-voix-sur-un-plateau\/#primaryimage","url":"https:\/\/www.valerie-philippin.com\/site\/wp-content\/uploads\/Workshop-Valerie-Philippin-08-copie.jpg","contentUrl":"https:\/\/www.valerie-philippin.com\/site\/wp-content\/uploads\/Workshop-Valerie-Philippin-08-copie.jpg","width":1450,"height":771},{"@type":"BreadcrumbList","@id":"https:\/\/www.valerie-philippin.com\/site\/des-voix-sur-un-plateau\/#breadcrumb","itemListElement":[{"@type":"ListItem","position":1,"name":"Accueil","item":"https:\/\/www.valerie-philippin.com\/site\/"},{"@type":"ListItem","position":2,"name":"DES VOIX SUR UN PLATEAU"}]},{"@type":"WebSite","@id":"https:\/\/www.valerie-philippin.com\/site\/#website","url":"https:\/\/www.valerie-philippin.com\/site\/","name":"Val\u00e9rie Philippin \/ Cie Territoires de la voix","description":"FaBLab de cr\u00e9ation vocale contemporaine","publisher":{"@id":"https:\/\/www.valerie-philippin.com\/site\/#organization"},"potentialAction":[{"@type":"SearchAction","target":{"@type":"EntryPoint","urlTemplate":"https:\/\/www.valerie-philippin.com\/site\/?s={search_term_string}"},"query-input":{"@type":"PropertyValueSpecification","valueRequired":true,"valueName":"search_term_string"}}],"inLanguage":"fr-FR"},{"@type":"Organization","@id":"https:\/\/www.valerie-philippin.com\/site\/#organization","name":"Territoires de la voix","url":"https:\/\/www.valerie-philippin.com\/site\/","logo":{"@type":"ImageObject","inLanguage":"fr-FR","@id":"https:\/\/www.valerie-philippin.com\/site\/#\/schema\/logo\/image\/","url":"http:\/\/www.valerie-philippin.com\/site\/wp-content\/uploads\/2020\/06\/logoterritoiresdelavoix.png","contentUrl":"http:\/\/www.valerie-philippin.com\/site\/wp-content\/uploads\/2020\/06\/logoterritoiresdelavoix.png","width":500,"height":537,"caption":"Territoires de la voix"},"image":{"@id":"https:\/\/www.valerie-philippin.com\/site\/#\/schema\/logo\/image\/"}},{"@type":"Person","@id":"https:\/\/www.valerie-philippin.com\/site\/#\/schema\/person\/b4b89fdb961cd2821524f194ed6980db","name":"Val\u00e9rie Philippin","description":"Chanteuse, autrice, compositrice - Territoires de la Voix","sameAs":["http:\/\/www.valerie-philippin.com"]}]}},"_links":{"self":[{"href":"https:\/\/www.valerie-philippin.com\/site\/wp-json\/wp\/v2\/posts\/6298","targetHints":{"allow":["GET"]}}],"collection":[{"href":"https:\/\/www.valerie-philippin.com\/site\/wp-json\/wp\/v2\/posts"}],"about":[{"href":"https:\/\/www.valerie-philippin.com\/site\/wp-json\/wp\/v2\/types\/post"}],"author":[{"embeddable":true,"href":"https:\/\/www.valerie-philippin.com\/site\/wp-json\/wp\/v2\/users\/2"}],"replies":[{"embeddable":true,"href":"https:\/\/www.valerie-philippin.com\/site\/wp-json\/wp\/v2\/comments?post=6298"}],"version-history":[{"count":14,"href":"https:\/\/www.valerie-philippin.com\/site\/wp-json\/wp\/v2\/posts\/6298\/revisions"}],"predecessor-version":[{"id":6321,"href":"https:\/\/www.valerie-philippin.com\/site\/wp-json\/wp\/v2\/posts\/6298\/revisions\/6321"}],"wp:featuredmedia":[{"embeddable":true,"href":"https:\/\/www.valerie-philippin.com\/site\/wp-json\/wp\/v2\/media\/6299"}],"wp:attachment":[{"href":"https:\/\/www.valerie-philippin.com\/site\/wp-json\/wp\/v2\/media?parent=6298"}],"wp:term":[{"taxonomy":"category","embeddable":true,"href":"https:\/\/www.valerie-philippin.com\/site\/wp-json\/wp\/v2\/categories?post=6298"},{"taxonomy":"post_tag","embeddable":true,"href":"https:\/\/www.valerie-philippin.com\/site\/wp-json\/wp\/v2\/tags?post=6298"}],"curies":[{"name":"wp","href":"https:\/\/api.w.org\/{rel}","templated":true}]}}