{"id":6243,"date":"2025-09-04T12:10:08","date_gmt":"2025-09-04T10:10:08","guid":{"rendered":"https:\/\/www.valerie-philippin.com\/site\/?p=6243"},"modified":"2025-10-14T18:16:02","modified_gmt":"2025-10-14T16:16:02","slug":"formation-pro-individuelle","status":"publish","type":"post","link":"https:\/\/www.valerie-philippin.com\/site\/formation-pro-individuelle\/","title":{"rendered":"FORMATion pro individuelle"},"content":{"rendered":"\n<div class=\"wp-block-columns is-layout-flex wp-container-core-columns-is-layout-9d6595d7 wp-block-columns-is-layout-flex\">\n<div class=\"wp-block-column is-layout-flow wp-block-column-is-layout-flow\">\n<p> Val\u00e9rie Philippin propose des formations individualis\u00e9es destin\u00e9es aux professionnel\u2022le\u2022s de la musique et du<br>spectacle vivant qui cherchent \u00e0 d\u00e9velopper leurs capacit\u00e9s, acqu\u00e9rir de nouvelles comp\u00e9tences<br>et rencontrer des d\u00e9marches artistiques et p\u00e9dagogiques singuli\u00e8res.<br>Formation prises en charge par la formation professionnelle, en partenariat avec la Cie D&rsquo;un Instant \u00e0 l&rsquo;Autre<br><br><strong>PUBLIC<\/strong><br>Artistes de la voix (chanteur.euse.s, acteur.ice.s, performeur.euse.s\u2026)<br>compositeur.rice.s<br>enseignant.e.s de la voix<\/p>\n\n\n\n<p><strong>DUR\u00c9E<\/strong><br>nombre d&rsquo;heures et r\u00e9partition  des s\u00e9ances \u00e0 d\u00e9finir en concertation<\/p>\n\n\n\n<p><strong>INFORMATION<\/strong><br><a href=\"https:\/\/www.uninstantalautre.com\/fr\/formation-individualisee?date=0\">https:\/\/www.uninstantalautre.com\/fr\/formation-individualisee?date=<\/a><br><br><strong>CONTACT<\/strong><br>Pablo Viette :<br>accueil@uninstantalautre.co<\/p>\n<\/div>\n\n\n\n<div class=\"wp-block-column is-layout-flow wp-block-column-is-layout-flow\">\n<p><strong>CONTENU<\/strong><br>\u00e0 d\u00e9finir avec la personne selon ses besoins<\/p>\n\n\n\n<ul class=\"wp-block-list\">\n<li>Technique fondamentale pour tout type de r\u00e9pertoire, voix parl\u00e9e et chant\u00e9e<\/li>\n\n\n\n<li>Associer le corps et la voix dans l\u2019interpr\u00e9tation du r\u00e9pertoire, la cr\u00e9ation, la prestation en sc\u00e8ne<\/li>\n\n\n\n<li>P\u00e9dagogie d\u2019un enseignement vocal individuel et collectif tissant r\u00e9pertoire(s), improvisation et cr\u00e9ation<\/li>\n\n\n\n<li>Improvisation, la pratiquer, la transmettre<\/li>\n\n\n\n<li>Chanter et transmettre le r\u00e9pertoire vocal contemporain, les sp\u00e9cificit\u00e9s de la voix au th\u00e9\u00e2tre, la po\u00e9sie sonore<\/li>\n\n\n\n<li>Composer avec et pour la voix<\/li>\n\n\n\n<li>Pour les enseignant.e.s, suivi \u00e9ventuel sur le terrain<\/li>\n\n\n\n<li>Accompagnement artistique de projets p\u00e9dagogiques et de cr\u00e9ation<\/li>\n\n\n\n<li>Point sur la situation de carri\u00e8re<\/li>\n<\/ul>\n<\/div>\n\n\n\n<div class=\"wp-block-column is-layout-flow wp-block-column-is-layout-flow\">\n<figure class=\"wp-block-image size-full\"><img loading=\"lazy\" decoding=\"async\" width=\"720\" height=\"430\" src=\"http:\/\/www.valerie-philippin.com\/site\/wp-content\/uploads\/IRCAM_atelier_voix_photographe_quentin_chevrier_juin2021-4-e1756980769928.jpg\" alt=\"\" class=\"wp-image-5800\" srcset=\"https:\/\/www.valerie-philippin.com\/site\/wp-content\/uploads\/IRCAM_atelier_voix_photographe_quentin_chevrier_juin2021-4-e1756980769928.jpg 720w, https:\/\/www.valerie-philippin.com\/site\/wp-content\/uploads\/IRCAM_atelier_voix_photographe_quentin_chevrier_juin2021-4-e1756980769928-500x299.jpg 500w\" sizes=\"auto, (max-width: 720px) 100vw, 720px\" \/><\/figure>\n<\/div>\n<\/div>\n","protected":false},"excerpt":{"rendered":"<p>Programme individualis\u00e9 &#8211; formation Qualiopi<\/p>\n","protected":false},"author":2,"featured_media":5800,"comment_status":"closed","ping_status":"closed","sticky":false,"template":"","format":"standard","meta":{"footnotes":""},"categories":[17,16],"tags":[],"class_list":["post-6243","post","type-post","status-publish","format-standard","has-post-thumbnail","hentry","category-actualite-formation-professionnelle","category-formation-professionnelle"],"yoast_head":"<!-- This site is optimized with the Yoast SEO plugin v27.5 - https:\/\/yoast.com\/product\/yoast-seo-wordpress\/ -->\n<title>FORMATion pro individuelle &#8226; Val\u00e9rie Philippin \/ Cie Territoires de la voix<\/title>\n<meta name=\"robots\" content=\"noindex, follow\" \/>\n<meta property=\"og:locale\" content=\"fr_FR\" \/>\n<meta property=\"og:type\" content=\"article\" \/>\n<meta property=\"og:title\" content=\"FORMATion pro individuelle &#8226; Val\u00e9rie Philippin \/ Cie Territoires de la voix\" \/>\n<meta property=\"og:description\" content=\"Programme individualis\u00e9 - formation Qualiopi\" \/>\n<meta property=\"og:url\" content=\"https:\/\/www.valerie-philippin.com\/site\/formation-pro-individuelle\/\" \/>\n<meta property=\"og:site_name\" content=\"Val\u00e9rie Philippin \/ Cie Territoires de la voix\" \/>\n<meta property=\"article:published_time\" content=\"2025-09-04T10:10:08+00:00\" \/>\n<meta property=\"article:modified_time\" content=\"2025-10-14T16:16:02+00:00\" \/>\n<meta property=\"og:image\" content=\"http:\/\/www.valerie-philippin.com\/site\/wp-content\/uploads\/IRCAM_atelier_voix_photographe_quentin_chevrier_juin2021-4-e1756980769928.jpg\" \/>\n\t<meta property=\"og:image:width\" content=\"720\" \/>\n\t<meta property=\"og:image:height\" content=\"430\" \/>\n\t<meta property=\"og:image:type\" content=\"image\/jpeg\" \/>\n<meta name=\"author\" content=\"Val\u00e9rie Philippin\" \/>\n<meta name=\"twitter:card\" content=\"summary_large_image\" \/>\n<meta name=\"twitter:label1\" content=\"\u00c9crit par\" \/>\n\t<meta name=\"twitter:data1\" content=\"Val\u00e9rie Philippin\" \/>\n\t<meta name=\"twitter:label2\" content=\"Dur\u00e9e de lecture estim\u00e9e\" \/>\n\t<meta name=\"twitter:data2\" content=\"2 minutes\" \/>\n<script type=\"application\/ld+json\" class=\"yoast-schema-graph\">{\"@context\":\"https:\\\/\\\/schema.org\",\"@graph\":[{\"@type\":\"Article\",\"@id\":\"https:\\\/\\\/www.valerie-philippin.com\\\/site\\\/formation-pro-individuelle\\\/#article\",\"isPartOf\":{\"@id\":\"https:\\\/\\\/www.valerie-philippin.com\\\/site\\\/formation-pro-individuelle\\\/\"},\"author\":{\"name\":\"Val\u00e9rie Philippin\",\"@id\":\"https:\\\/\\\/www.valerie-philippin.com\\\/site\\\/#\\\/schema\\\/person\\\/b4b89fdb961cd2821524f194ed6980db\"},\"headline\":\"FORMATion pro individuelle\",\"datePublished\":\"2025-09-04T10:10:08+00:00\",\"dateModified\":\"2025-10-14T16:16:02+00:00\",\"mainEntityOfPage\":{\"@id\":\"https:\\\/\\\/www.valerie-philippin.com\\\/site\\\/formation-pro-individuelle\\\/\"},\"wordCount\":236,\"publisher\":{\"@id\":\"https:\\\/\\\/www.valerie-philippin.com\\\/site\\\/#organization\"},\"image\":{\"@id\":\"https:\\\/\\\/www.valerie-philippin.com\\\/site\\\/formation-pro-individuelle\\\/#primaryimage\"},\"thumbnailUrl\":\"https:\\\/\\\/www.valerie-philippin.com\\\/site\\\/wp-content\\\/uploads\\\/IRCAM_atelier_voix_photographe_quentin_chevrier_juin2021-4-e1756980769928.jpg\",\"articleSection\":[\"Actualit\u00e9\",\"FabLab \\\/ Formation professionnelle\"],\"inLanguage\":\"fr-FR\"},{\"@type\":\"WebPage\",\"@id\":\"https:\\\/\\\/www.valerie-philippin.com\\\/site\\\/formation-pro-individuelle\\\/\",\"url\":\"https:\\\/\\\/www.valerie-philippin.com\\\/site\\\/formation-pro-individuelle\\\/\",\"name\":\"FORMATion pro individuelle &#8226; Val\u00e9rie Philippin \\\/ Cie Territoires de la voix\",\"isPartOf\":{\"@id\":\"https:\\\/\\\/www.valerie-philippin.com\\\/site\\\/#website\"},\"primaryImageOfPage\":{\"@id\":\"https:\\\/\\\/www.valerie-philippin.com\\\/site\\\/formation-pro-individuelle\\\/#primaryimage\"},\"image\":{\"@id\":\"https:\\\/\\\/www.valerie-philippin.com\\\/site\\\/formation-pro-individuelle\\\/#primaryimage\"},\"thumbnailUrl\":\"https:\\\/\\\/www.valerie-philippin.com\\\/site\\\/wp-content\\\/uploads\\\/IRCAM_atelier_voix_photographe_quentin_chevrier_juin2021-4-e1756980769928.jpg\",\"datePublished\":\"2025-09-04T10:10:08+00:00\",\"dateModified\":\"2025-10-14T16:16:02+00:00\",\"breadcrumb\":{\"@id\":\"https:\\\/\\\/www.valerie-philippin.com\\\/site\\\/formation-pro-individuelle\\\/#breadcrumb\"},\"inLanguage\":\"fr-FR\",\"potentialAction\":[{\"@type\":\"ReadAction\",\"target\":[\"https:\\\/\\\/www.valerie-philippin.com\\\/site\\\/formation-pro-individuelle\\\/\"]}]},{\"@type\":\"ImageObject\",\"inLanguage\":\"fr-FR\",\"@id\":\"https:\\\/\\\/www.valerie-philippin.com\\\/site\\\/formation-pro-individuelle\\\/#primaryimage\",\"url\":\"https:\\\/\\\/www.valerie-philippin.com\\\/site\\\/wp-content\\\/uploads\\\/IRCAM_atelier_voix_photographe_quentin_chevrier_juin2021-4-e1756980769928.jpg\",\"contentUrl\":\"https:\\\/\\\/www.valerie-philippin.com\\\/site\\\/wp-content\\\/uploads\\\/IRCAM_atelier_voix_photographe_quentin_chevrier_juin2021-4-e1756980769928.jpg\",\"width\":720,\"height\":430},{\"@type\":\"BreadcrumbList\",\"@id\":\"https:\\\/\\\/www.valerie-philippin.com\\\/site\\\/formation-pro-individuelle\\\/#breadcrumb\",\"itemListElement\":[{\"@type\":\"ListItem\",\"position\":1,\"name\":\"Accueil\",\"item\":\"https:\\\/\\\/www.valerie-philippin.com\\\/site\\\/\"},{\"@type\":\"ListItem\",\"position\":2,\"name\":\"FORMATion pro individuelle\"}]},{\"@type\":\"WebSite\",\"@id\":\"https:\\\/\\\/www.valerie-philippin.com\\\/site\\\/#website\",\"url\":\"https:\\\/\\\/www.valerie-philippin.com\\\/site\\\/\",\"name\":\"Val\u00e9rie Philippin \\\/ Cie Territoires de la voix\",\"description\":\"FaBLab de cr\u00e9ation vocale contemporaine\",\"publisher\":{\"@id\":\"https:\\\/\\\/www.valerie-philippin.com\\\/site\\\/#organization\"},\"potentialAction\":[{\"@type\":\"SearchAction\",\"target\":{\"@type\":\"EntryPoint\",\"urlTemplate\":\"https:\\\/\\\/www.valerie-philippin.com\\\/site\\\/?s={search_term_string}\"},\"query-input\":{\"@type\":\"PropertyValueSpecification\",\"valueRequired\":true,\"valueName\":\"search_term_string\"}}],\"inLanguage\":\"fr-FR\"},{\"@type\":\"Organization\",\"@id\":\"https:\\\/\\\/www.valerie-philippin.com\\\/site\\\/#organization\",\"name\":\"Territoires de la voix\",\"url\":\"https:\\\/\\\/www.valerie-philippin.com\\\/site\\\/\",\"logo\":{\"@type\":\"ImageObject\",\"inLanguage\":\"fr-FR\",\"@id\":\"https:\\\/\\\/www.valerie-philippin.com\\\/site\\\/#\\\/schema\\\/logo\\\/image\\\/\",\"url\":\"http:\\\/\\\/www.valerie-philippin.com\\\/site\\\/wp-content\\\/uploads\\\/2020\\\/06\\\/logoterritoiresdelavoix.png\",\"contentUrl\":\"http:\\\/\\\/www.valerie-philippin.com\\\/site\\\/wp-content\\\/uploads\\\/2020\\\/06\\\/logoterritoiresdelavoix.png\",\"width\":500,\"height\":537,\"caption\":\"Territoires de la voix\"},\"image\":{\"@id\":\"https:\\\/\\\/www.valerie-philippin.com\\\/site\\\/#\\\/schema\\\/logo\\\/image\\\/\"}},{\"@type\":\"Person\",\"@id\":\"https:\\\/\\\/www.valerie-philippin.com\\\/site\\\/#\\\/schema\\\/person\\\/b4b89fdb961cd2821524f194ed6980db\",\"name\":\"Val\u00e9rie Philippin\",\"description\":\"Chanteuse, autrice, compositrice - Territoires de la Voix\",\"sameAs\":[\"http:\\\/\\\/www.valerie-philippin.com\"]}]}<\/script>\n<!-- \/ Yoast SEO plugin. -->","yoast_head_json":{"title":"FORMATion pro individuelle &#8226; Val\u00e9rie Philippin \/ Cie Territoires de la voix","robots":{"index":"noindex","follow":"follow"},"og_locale":"fr_FR","og_type":"article","og_title":"FORMATion pro individuelle &#8226; Val\u00e9rie Philippin \/ Cie Territoires de la voix","og_description":"Programme individualis\u00e9 - formation Qualiopi","og_url":"https:\/\/www.valerie-philippin.com\/site\/formation-pro-individuelle\/","og_site_name":"Val\u00e9rie Philippin \/ Cie Territoires de la voix","article_published_time":"2025-09-04T10:10:08+00:00","article_modified_time":"2025-10-14T16:16:02+00:00","og_image":[{"width":720,"height":430,"url":"http:\/\/www.valerie-philippin.com\/site\/wp-content\/uploads\/IRCAM_atelier_voix_photographe_quentin_chevrier_juin2021-4-e1756980769928.jpg","type":"image\/jpeg"}],"author":"Val\u00e9rie Philippin","twitter_card":"summary_large_image","twitter_misc":{"\u00c9crit par":"Val\u00e9rie Philippin","Dur\u00e9e de lecture estim\u00e9e":"2 minutes"},"schema":{"@context":"https:\/\/schema.org","@graph":[{"@type":"Article","@id":"https:\/\/www.valerie-philippin.com\/site\/formation-pro-individuelle\/#article","isPartOf":{"@id":"https:\/\/www.valerie-philippin.com\/site\/formation-pro-individuelle\/"},"author":{"name":"Val\u00e9rie Philippin","@id":"https:\/\/www.valerie-philippin.com\/site\/#\/schema\/person\/b4b89fdb961cd2821524f194ed6980db"},"headline":"FORMATion pro individuelle","datePublished":"2025-09-04T10:10:08+00:00","dateModified":"2025-10-14T16:16:02+00:00","mainEntityOfPage":{"@id":"https:\/\/www.valerie-philippin.com\/site\/formation-pro-individuelle\/"},"wordCount":236,"publisher":{"@id":"https:\/\/www.valerie-philippin.com\/site\/#organization"},"image":{"@id":"https:\/\/www.valerie-philippin.com\/site\/formation-pro-individuelle\/#primaryimage"},"thumbnailUrl":"https:\/\/www.valerie-philippin.com\/site\/wp-content\/uploads\/IRCAM_atelier_voix_photographe_quentin_chevrier_juin2021-4-e1756980769928.jpg","articleSection":["Actualit\u00e9","FabLab \/ Formation professionnelle"],"inLanguage":"fr-FR"},{"@type":"WebPage","@id":"https:\/\/www.valerie-philippin.com\/site\/formation-pro-individuelle\/","url":"https:\/\/www.valerie-philippin.com\/site\/formation-pro-individuelle\/","name":"FORMATion pro individuelle &#8226; Val\u00e9rie Philippin \/ Cie Territoires de la voix","isPartOf":{"@id":"https:\/\/www.valerie-philippin.com\/site\/#website"},"primaryImageOfPage":{"@id":"https:\/\/www.valerie-philippin.com\/site\/formation-pro-individuelle\/#primaryimage"},"image":{"@id":"https:\/\/www.valerie-philippin.com\/site\/formation-pro-individuelle\/#primaryimage"},"thumbnailUrl":"https:\/\/www.valerie-philippin.com\/site\/wp-content\/uploads\/IRCAM_atelier_voix_photographe_quentin_chevrier_juin2021-4-e1756980769928.jpg","datePublished":"2025-09-04T10:10:08+00:00","dateModified":"2025-10-14T16:16:02+00:00","breadcrumb":{"@id":"https:\/\/www.valerie-philippin.com\/site\/formation-pro-individuelle\/#breadcrumb"},"inLanguage":"fr-FR","potentialAction":[{"@type":"ReadAction","target":["https:\/\/www.valerie-philippin.com\/site\/formation-pro-individuelle\/"]}]},{"@type":"ImageObject","inLanguage":"fr-FR","@id":"https:\/\/www.valerie-philippin.com\/site\/formation-pro-individuelle\/#primaryimage","url":"https:\/\/www.valerie-philippin.com\/site\/wp-content\/uploads\/IRCAM_atelier_voix_photographe_quentin_chevrier_juin2021-4-e1756980769928.jpg","contentUrl":"https:\/\/www.valerie-philippin.com\/site\/wp-content\/uploads\/IRCAM_atelier_voix_photographe_quentin_chevrier_juin2021-4-e1756980769928.jpg","width":720,"height":430},{"@type":"BreadcrumbList","@id":"https:\/\/www.valerie-philippin.com\/site\/formation-pro-individuelle\/#breadcrumb","itemListElement":[{"@type":"ListItem","position":1,"name":"Accueil","item":"https:\/\/www.valerie-philippin.com\/site\/"},{"@type":"ListItem","position":2,"name":"FORMATion pro individuelle"}]},{"@type":"WebSite","@id":"https:\/\/www.valerie-philippin.com\/site\/#website","url":"https:\/\/www.valerie-philippin.com\/site\/","name":"Val\u00e9rie Philippin \/ Cie Territoires de la voix","description":"FaBLab de cr\u00e9ation vocale contemporaine","publisher":{"@id":"https:\/\/www.valerie-philippin.com\/site\/#organization"},"potentialAction":[{"@type":"SearchAction","target":{"@type":"EntryPoint","urlTemplate":"https:\/\/www.valerie-philippin.com\/site\/?s={search_term_string}"},"query-input":{"@type":"PropertyValueSpecification","valueRequired":true,"valueName":"search_term_string"}}],"inLanguage":"fr-FR"},{"@type":"Organization","@id":"https:\/\/www.valerie-philippin.com\/site\/#organization","name":"Territoires de la voix","url":"https:\/\/www.valerie-philippin.com\/site\/","logo":{"@type":"ImageObject","inLanguage":"fr-FR","@id":"https:\/\/www.valerie-philippin.com\/site\/#\/schema\/logo\/image\/","url":"http:\/\/www.valerie-philippin.com\/site\/wp-content\/uploads\/2020\/06\/logoterritoiresdelavoix.png","contentUrl":"http:\/\/www.valerie-philippin.com\/site\/wp-content\/uploads\/2020\/06\/logoterritoiresdelavoix.png","width":500,"height":537,"caption":"Territoires de la voix"},"image":{"@id":"https:\/\/www.valerie-philippin.com\/site\/#\/schema\/logo\/image\/"}},{"@type":"Person","@id":"https:\/\/www.valerie-philippin.com\/site\/#\/schema\/person\/b4b89fdb961cd2821524f194ed6980db","name":"Val\u00e9rie Philippin","description":"Chanteuse, autrice, compositrice - Territoires de la Voix","sameAs":["http:\/\/www.valerie-philippin.com"]}]}},"_links":{"self":[{"href":"https:\/\/www.valerie-philippin.com\/site\/wp-json\/wp\/v2\/posts\/6243","targetHints":{"allow":["GET"]}}],"collection":[{"href":"https:\/\/www.valerie-philippin.com\/site\/wp-json\/wp\/v2\/posts"}],"about":[{"href":"https:\/\/www.valerie-philippin.com\/site\/wp-json\/wp\/v2\/types\/post"}],"author":[{"embeddable":true,"href":"https:\/\/www.valerie-philippin.com\/site\/wp-json\/wp\/v2\/users\/2"}],"replies":[{"embeddable":true,"href":"https:\/\/www.valerie-philippin.com\/site\/wp-json\/wp\/v2\/comments?post=6243"}],"version-history":[{"count":9,"href":"https:\/\/www.valerie-philippin.com\/site\/wp-json\/wp\/v2\/posts\/6243\/revisions"}],"predecessor-version":[{"id":6414,"href":"https:\/\/www.valerie-philippin.com\/site\/wp-json\/wp\/v2\/posts\/6243\/revisions\/6414"}],"wp:featuredmedia":[{"embeddable":true,"href":"https:\/\/www.valerie-philippin.com\/site\/wp-json\/wp\/v2\/media\/5800"}],"wp:attachment":[{"href":"https:\/\/www.valerie-philippin.com\/site\/wp-json\/wp\/v2\/media?parent=6243"}],"wp:term":[{"taxonomy":"category","embeddable":true,"href":"https:\/\/www.valerie-philippin.com\/site\/wp-json\/wp\/v2\/categories?post=6243"},{"taxonomy":"post_tag","embeddable":true,"href":"https:\/\/www.valerie-philippin.com\/site\/wp-json\/wp\/v2\/tags?post=6243"}],"curies":[{"name":"wp","href":"https:\/\/api.w.org\/{rel}","templated":true}]}}