{"id":5841,"date":"2025-01-02T16:57:55","date_gmt":"2025-01-02T15:57:55","guid":{"rendered":"https:\/\/www.valerie-philippin.com\/site\/?p=5841"},"modified":"2025-09-20T15:25:39","modified_gmt":"2025-09-20T13:25:39","slug":"arco-academie-recherche-et-creation-musicale","status":"publish","type":"post","link":"https:\/\/www.valerie-philippin.com\/site\/arco-academie-recherche-et-creation-musicale\/","title":{"rendered":"ARCO &#8211; ACAD\u00c9MIE RECHERCHE ET CR\u00c9ATION MUSICALE"},"content":{"rendered":"\n<div class=\"wp-block-columns is-layout-flex wp-container-core-columns-is-layout-9d6595d7 wp-block-columns-is-layout-flex\">\n<div class=\"wp-block-column is-layout-flow wp-block-column-is-layout-flow\">\n<p>ARCO \u2013 Art, Research and Creation \u2013 is a binational university dedicated to musical creation, association between the Mozarteum University Salzburg, Gmem-Marseille (one of the French National Center of Musical Creation) and French ensembles : Multilaterale and Les M\u00e9taboles.<\/p>\n\n\n\n<p>A succession of individual meetings, rehearsals, conferences, workshops, seminars as well as improvisation sessions and work on gesture, movement and displacement.<br>The week will be punctuated by several concerts &#8211; at the GMEM and around Marseille &#8211; giving a festival dimension to the academy.<\/p>\n\n\n\n<p><strong><em>Vocal Caching<\/em><\/strong><br>With the presence of<strong>&nbsp;the Ensemble Vocal Les M\u00e9taboles, L\u00e9o Warynski and&nbsp;Val\u00e9rie Philippin,<\/strong>&nbsp;ARCo is expanding and opening up to singers. In the same way as the composers, the students will be immersed in musical creation through conferences, workshops and coaching.<br>This workshop will focus&nbsp;on vocal chamber music (spoken voice, singing voice) as well as personal technical,&nbsp;musical work and improvisation. It is aimed both at singers who would like to&nbsp;approach the contemporary vocal repertoire for the first time or who would like to deepen their knowledge of it.&nbsp;<\/p>\n\n\n\n<p>Val\u00e9rie Philippin a fait partie des intervenants en 2023 et 2025<\/p>\n<\/div>\n\n\n\n<div class=\"wp-block-column is-layout-flow wp-block-column-is-layout-flow\">\n<figure class=\"wp-block-image size-large is-style-default\"><img loading=\"lazy\" decoding=\"async\" width=\"1024\" height=\"683\" src=\"http:\/\/www.valerie-philippin.com\/site\/wp-content\/uploads\/IMG_8287-1024x683.jpg\" alt=\"\" class=\"wp-image-5846\" srcset=\"https:\/\/www.valerie-philippin.com\/site\/wp-content\/uploads\/IMG_8287-1024x683.jpg 1024w, https:\/\/www.valerie-philippin.com\/site\/wp-content\/uploads\/IMG_8287-500x333.jpg 500w, https:\/\/www.valerie-philippin.com\/site\/wp-content\/uploads\/IMG_8287-768x512.jpg 768w, https:\/\/www.valerie-philippin.com\/site\/wp-content\/uploads\/IMG_8287-1536x1024.jpg 1536w, https:\/\/www.valerie-philippin.com\/site\/wp-content\/uploads\/IMG_8287-2048x1365.jpg 2048w\" sizes=\"auto, (max-width: 1024px) 100vw, 1024px\" \/><figcaption class=\"wp-element-caption\">Avec les acad\u00e9miciennes \u00e0 la Friche de la Belle de Mai &#8211; juillet 2023<\/figcaption><\/figure>\n\n\n\n<figure class=\"wp-block-image size-large\"><img loading=\"lazy\" decoding=\"async\" width=\"1024\" height=\"682\" src=\"http:\/\/www.valerie-philippin.com\/site\/wp-content\/uploads\/Arco-2025-1024x682.jpg\" alt=\"\" class=\"wp-image-6276\" srcset=\"https:\/\/www.valerie-philippin.com\/site\/wp-content\/uploads\/Arco-2025-1024x682.jpg 1024w, https:\/\/www.valerie-philippin.com\/site\/wp-content\/uploads\/Arco-2025-500x333.jpg 500w, https:\/\/www.valerie-philippin.com\/site\/wp-content\/uploads\/Arco-2025-768x512.jpg 768w, https:\/\/www.valerie-philippin.com\/site\/wp-content\/uploads\/Arco-2025.jpg 1280w\" sizes=\"auto, (max-width: 1024px) 100vw, 1024px\" \/><\/figure>\n\n\n\n<p>Avec les acad\u00e9micien.ne.s &#8211; juillet 2025<\/p>\n<\/div>\n\n\n\n<div class=\"wp-block-column is-layout-flow wp-block-column-is-layout-flow\">\n<figure class=\"wp-block-image size-large\"><img loading=\"lazy\" decoding=\"async\" width=\"1024\" height=\"683\" src=\"http:\/\/www.valerie-philippin.com\/site\/wp-content\/uploads\/concert_ARCO_jun25-058-1-1024x683.jpg\" alt=\"\" class=\"wp-image-6265\" srcset=\"https:\/\/www.valerie-philippin.com\/site\/wp-content\/uploads\/concert_ARCO_jun25-058-1-1024x683.jpg 1024w, https:\/\/www.valerie-philippin.com\/site\/wp-content\/uploads\/concert_ARCO_jun25-058-1-500x333.jpg 500w, https:\/\/www.valerie-philippin.com\/site\/wp-content\/uploads\/concert_ARCO_jun25-058-1-768x512.jpg 768w, https:\/\/www.valerie-philippin.com\/site\/wp-content\/uploads\/concert_ARCO_jun25-058-1-1536x1024.jpg 1536w, https:\/\/www.valerie-philippin.com\/site\/wp-content\/uploads\/concert_ARCO_jun25-058-1-2048x1365.jpg 2048w\" sizes=\"auto, (max-width: 1024px) 100vw, 1024px\" \/><\/figure>\n\n\n\n<p>Concert de fin d&rsquo;acad\u00e9mie &#8211; Juillet 2025<\/p>\n\n\n\n<figure class=\"wp-block-image size-large\"><img loading=\"lazy\" decoding=\"async\" width=\"1024\" height=\"683\" src=\"http:\/\/www.valerie-philippin.com\/site\/wp-content\/uploads\/concert_ARCO_jun25-121-1024x683.jpg\" alt=\"concert de fon d'acad\u00e9mie juillet 2025\" class=\"wp-image-6267\" srcset=\"https:\/\/www.valerie-philippin.com\/site\/wp-content\/uploads\/concert_ARCO_jun25-121-1024x683.jpg 1024w, https:\/\/www.valerie-philippin.com\/site\/wp-content\/uploads\/concert_ARCO_jun25-121-500x333.jpg 500w, https:\/\/www.valerie-philippin.com\/site\/wp-content\/uploads\/concert_ARCO_jun25-121-768x512.jpg 768w, https:\/\/www.valerie-philippin.com\/site\/wp-content\/uploads\/concert_ARCO_jun25-121-1536x1024.jpg 1536w, https:\/\/www.valerie-philippin.com\/site\/wp-content\/uploads\/concert_ARCO_jun25-121-2048x1365.jpg 2048w\" sizes=\"auto, (max-width: 1024px) 100vw, 1024px\" \/><\/figure>\n\n\n<\/div>\n<\/div>\n","protected":false},"excerpt":{"rendered":"<p>\u00c9ditions 2023 et 2025<\/p>\n","protected":false},"author":2,"featured_media":5844,"comment_status":"closed","ping_status":"closed","sticky":false,"template":"","format":"standard","meta":{"footnotes":""},"categories":[19,16],"tags":[],"class_list":["post-5841","post","type-post","status-publish","format-standard","has-post-thumbnail","hentry","category-inventaire-formation-professionnelle","category-formation-professionnelle"],"yoast_head":"<!-- This site is optimized with the Yoast SEO plugin v27.5 - https:\/\/yoast.com\/product\/yoast-seo-wordpress\/ -->\n<title>ARCO - ACAD\u00c9MIE RECHERCHE ET CR\u00c9ATION MUSICALE &#8226; Val\u00e9rie Philippin \/ Cie Territoires de la voix<\/title>\n<meta name=\"robots\" content=\"noindex, follow\" \/>\n<meta property=\"og:locale\" content=\"fr_FR\" \/>\n<meta property=\"og:type\" content=\"article\" \/>\n<meta property=\"og:title\" content=\"ARCO - ACAD\u00c9MIE RECHERCHE ET CR\u00c9ATION MUSICALE &#8226; Val\u00e9rie Philippin \/ Cie Territoires de la voix\" \/>\n<meta property=\"og:description\" content=\"\u00c9ditions 2023 et 2025\" \/>\n<meta property=\"og:url\" content=\"https:\/\/www.valerie-philippin.com\/site\/arco-academie-recherche-et-creation-musicale\/\" \/>\n<meta property=\"og:site_name\" content=\"Val\u00e9rie Philippin \/ Cie Territoires de la voix\" \/>\n<meta property=\"article:published_time\" content=\"2025-01-02T15:57:55+00:00\" \/>\n<meta property=\"article:modified_time\" content=\"2025-09-20T13:25:39+00:00\" \/>\n<meta property=\"og:image\" content=\"http:\/\/www.valerie-philippin.com\/site\/wp-content\/uploads\/images-e1735834068677.png\" \/>\n\t<meta property=\"og:image:width\" content=\"189\" \/>\n\t<meta property=\"og:image:height\" content=\"158\" \/>\n\t<meta property=\"og:image:type\" content=\"image\/png\" \/>\n<meta name=\"author\" content=\"Val\u00e9rie Philippin\" \/>\n<meta name=\"twitter:card\" content=\"summary_large_image\" \/>\n<meta name=\"twitter:label1\" content=\"\u00c9crit par\" \/>\n\t<meta name=\"twitter:data1\" content=\"Val\u00e9rie Philippin\" \/>\n\t<meta name=\"twitter:label2\" content=\"Dur\u00e9e de lecture estim\u00e9e\" \/>\n\t<meta name=\"twitter:data2\" content=\"3 minutes\" \/>\n<script type=\"application\/ld+json\" class=\"yoast-schema-graph\">{\"@context\":\"https:\\\/\\\/schema.org\",\"@graph\":[{\"@type\":\"Article\",\"@id\":\"https:\\\/\\\/www.valerie-philippin.com\\\/site\\\/arco-academie-recherche-et-creation-musicale\\\/#article\",\"isPartOf\":{\"@id\":\"https:\\\/\\\/www.valerie-philippin.com\\\/site\\\/arco-academie-recherche-et-creation-musicale\\\/\"},\"author\":{\"name\":\"Val\u00e9rie Philippin\",\"@id\":\"https:\\\/\\\/www.valerie-philippin.com\\\/site\\\/#\\\/schema\\\/person\\\/b4b89fdb961cd2821524f194ed6980db\"},\"headline\":\"ARCO &#8211; ACAD\u00c9MIE RECHERCHE ET CR\u00c9ATION MUSICALE\",\"datePublished\":\"2025-01-02T15:57:55+00:00\",\"dateModified\":\"2025-09-20T13:25:39+00:00\",\"mainEntityOfPage\":{\"@id\":\"https:\\\/\\\/www.valerie-philippin.com\\\/site\\\/arco-academie-recherche-et-creation-musicale\\\/\"},\"wordCount\":233,\"publisher\":{\"@id\":\"https:\\\/\\\/www.valerie-philippin.com\\\/site\\\/#organization\"},\"image\":{\"@id\":\"https:\\\/\\\/www.valerie-philippin.com\\\/site\\\/arco-academie-recherche-et-creation-musicale\\\/#primaryimage\"},\"thumbnailUrl\":\"https:\\\/\\\/www.valerie-philippin.com\\\/site\\\/wp-content\\\/uploads\\\/images-e1735834068677.png\",\"articleSection\":[\"Inventaire\",\"FabLab \\\/ Formation professionnelle\"],\"inLanguage\":\"fr-FR\"},{\"@type\":\"WebPage\",\"@id\":\"https:\\\/\\\/www.valerie-philippin.com\\\/site\\\/arco-academie-recherche-et-creation-musicale\\\/\",\"url\":\"https:\\\/\\\/www.valerie-philippin.com\\\/site\\\/arco-academie-recherche-et-creation-musicale\\\/\",\"name\":\"ARCO - ACAD\u00c9MIE RECHERCHE ET CR\u00c9ATION MUSICALE &#8226; Val\u00e9rie Philippin \\\/ Cie Territoires de la voix\",\"isPartOf\":{\"@id\":\"https:\\\/\\\/www.valerie-philippin.com\\\/site\\\/#website\"},\"primaryImageOfPage\":{\"@id\":\"https:\\\/\\\/www.valerie-philippin.com\\\/site\\\/arco-academie-recherche-et-creation-musicale\\\/#primaryimage\"},\"image\":{\"@id\":\"https:\\\/\\\/www.valerie-philippin.com\\\/site\\\/arco-academie-recherche-et-creation-musicale\\\/#primaryimage\"},\"thumbnailUrl\":\"https:\\\/\\\/www.valerie-philippin.com\\\/site\\\/wp-content\\\/uploads\\\/images-e1735834068677.png\",\"datePublished\":\"2025-01-02T15:57:55+00:00\",\"dateModified\":\"2025-09-20T13:25:39+00:00\",\"breadcrumb\":{\"@id\":\"https:\\\/\\\/www.valerie-philippin.com\\\/site\\\/arco-academie-recherche-et-creation-musicale\\\/#breadcrumb\"},\"inLanguage\":\"fr-FR\",\"potentialAction\":[{\"@type\":\"ReadAction\",\"target\":[\"https:\\\/\\\/www.valerie-philippin.com\\\/site\\\/arco-academie-recherche-et-creation-musicale\\\/\"]}]},{\"@type\":\"ImageObject\",\"inLanguage\":\"fr-FR\",\"@id\":\"https:\\\/\\\/www.valerie-philippin.com\\\/site\\\/arco-academie-recherche-et-creation-musicale\\\/#primaryimage\",\"url\":\"https:\\\/\\\/www.valerie-philippin.com\\\/site\\\/wp-content\\\/uploads\\\/images-e1735834068677.png\",\"contentUrl\":\"https:\\\/\\\/www.valerie-philippin.com\\\/site\\\/wp-content\\\/uploads\\\/images-e1735834068677.png\",\"width\":189,\"height\":158},{\"@type\":\"BreadcrumbList\",\"@id\":\"https:\\\/\\\/www.valerie-philippin.com\\\/site\\\/arco-academie-recherche-et-creation-musicale\\\/#breadcrumb\",\"itemListElement\":[{\"@type\":\"ListItem\",\"position\":1,\"name\":\"Accueil\",\"item\":\"https:\\\/\\\/www.valerie-philippin.com\\\/site\\\/\"},{\"@type\":\"ListItem\",\"position\":2,\"name\":\"ARCO &#8211; ACAD\u00c9MIE RECHERCHE ET CR\u00c9ATION MUSICALE\"}]},{\"@type\":\"WebSite\",\"@id\":\"https:\\\/\\\/www.valerie-philippin.com\\\/site\\\/#website\",\"url\":\"https:\\\/\\\/www.valerie-philippin.com\\\/site\\\/\",\"name\":\"Val\u00e9rie Philippin \\\/ Cie Territoires de la voix\",\"description\":\"FaBLab de cr\u00e9ation vocale contemporaine\",\"publisher\":{\"@id\":\"https:\\\/\\\/www.valerie-philippin.com\\\/site\\\/#organization\"},\"potentialAction\":[{\"@type\":\"SearchAction\",\"target\":{\"@type\":\"EntryPoint\",\"urlTemplate\":\"https:\\\/\\\/www.valerie-philippin.com\\\/site\\\/?s={search_term_string}\"},\"query-input\":{\"@type\":\"PropertyValueSpecification\",\"valueRequired\":true,\"valueName\":\"search_term_string\"}}],\"inLanguage\":\"fr-FR\"},{\"@type\":\"Organization\",\"@id\":\"https:\\\/\\\/www.valerie-philippin.com\\\/site\\\/#organization\",\"name\":\"Territoires de la voix\",\"url\":\"https:\\\/\\\/www.valerie-philippin.com\\\/site\\\/\",\"logo\":{\"@type\":\"ImageObject\",\"inLanguage\":\"fr-FR\",\"@id\":\"https:\\\/\\\/www.valerie-philippin.com\\\/site\\\/#\\\/schema\\\/logo\\\/image\\\/\",\"url\":\"http:\\\/\\\/www.valerie-philippin.com\\\/site\\\/wp-content\\\/uploads\\\/2020\\\/06\\\/logoterritoiresdelavoix.png\",\"contentUrl\":\"http:\\\/\\\/www.valerie-philippin.com\\\/site\\\/wp-content\\\/uploads\\\/2020\\\/06\\\/logoterritoiresdelavoix.png\",\"width\":500,\"height\":537,\"caption\":\"Territoires de la voix\"},\"image\":{\"@id\":\"https:\\\/\\\/www.valerie-philippin.com\\\/site\\\/#\\\/schema\\\/logo\\\/image\\\/\"}},{\"@type\":\"Person\",\"@id\":\"https:\\\/\\\/www.valerie-philippin.com\\\/site\\\/#\\\/schema\\\/person\\\/b4b89fdb961cd2821524f194ed6980db\",\"name\":\"Val\u00e9rie Philippin\",\"description\":\"Chanteuse, autrice, compositrice - Territoires de la Voix\",\"sameAs\":[\"http:\\\/\\\/www.valerie-philippin.com\"]}]}<\/script>\n<!-- \/ Yoast SEO plugin. -->","yoast_head_json":{"title":"ARCO - ACAD\u00c9MIE RECHERCHE ET CR\u00c9ATION MUSICALE &#8226; Val\u00e9rie Philippin \/ Cie Territoires de la voix","robots":{"index":"noindex","follow":"follow"},"og_locale":"fr_FR","og_type":"article","og_title":"ARCO - ACAD\u00c9MIE RECHERCHE ET CR\u00c9ATION MUSICALE &#8226; Val\u00e9rie Philippin \/ Cie Territoires de la voix","og_description":"\u00c9ditions 2023 et 2025","og_url":"https:\/\/www.valerie-philippin.com\/site\/arco-academie-recherche-et-creation-musicale\/","og_site_name":"Val\u00e9rie Philippin \/ Cie Territoires de la voix","article_published_time":"2025-01-02T15:57:55+00:00","article_modified_time":"2025-09-20T13:25:39+00:00","og_image":[{"width":189,"height":158,"url":"http:\/\/www.valerie-philippin.com\/site\/wp-content\/uploads\/images-e1735834068677.png","type":"image\/png"}],"author":"Val\u00e9rie Philippin","twitter_card":"summary_large_image","twitter_misc":{"\u00c9crit par":"Val\u00e9rie Philippin","Dur\u00e9e de lecture estim\u00e9e":"3 minutes"},"schema":{"@context":"https:\/\/schema.org","@graph":[{"@type":"Article","@id":"https:\/\/www.valerie-philippin.com\/site\/arco-academie-recherche-et-creation-musicale\/#article","isPartOf":{"@id":"https:\/\/www.valerie-philippin.com\/site\/arco-academie-recherche-et-creation-musicale\/"},"author":{"name":"Val\u00e9rie Philippin","@id":"https:\/\/www.valerie-philippin.com\/site\/#\/schema\/person\/b4b89fdb961cd2821524f194ed6980db"},"headline":"ARCO &#8211; ACAD\u00c9MIE RECHERCHE ET CR\u00c9ATION MUSICALE","datePublished":"2025-01-02T15:57:55+00:00","dateModified":"2025-09-20T13:25:39+00:00","mainEntityOfPage":{"@id":"https:\/\/www.valerie-philippin.com\/site\/arco-academie-recherche-et-creation-musicale\/"},"wordCount":233,"publisher":{"@id":"https:\/\/www.valerie-philippin.com\/site\/#organization"},"image":{"@id":"https:\/\/www.valerie-philippin.com\/site\/arco-academie-recherche-et-creation-musicale\/#primaryimage"},"thumbnailUrl":"https:\/\/www.valerie-philippin.com\/site\/wp-content\/uploads\/images-e1735834068677.png","articleSection":["Inventaire","FabLab \/ Formation professionnelle"],"inLanguage":"fr-FR"},{"@type":"WebPage","@id":"https:\/\/www.valerie-philippin.com\/site\/arco-academie-recherche-et-creation-musicale\/","url":"https:\/\/www.valerie-philippin.com\/site\/arco-academie-recherche-et-creation-musicale\/","name":"ARCO - ACAD\u00c9MIE RECHERCHE ET CR\u00c9ATION MUSICALE &#8226; Val\u00e9rie Philippin \/ Cie Territoires de la voix","isPartOf":{"@id":"https:\/\/www.valerie-philippin.com\/site\/#website"},"primaryImageOfPage":{"@id":"https:\/\/www.valerie-philippin.com\/site\/arco-academie-recherche-et-creation-musicale\/#primaryimage"},"image":{"@id":"https:\/\/www.valerie-philippin.com\/site\/arco-academie-recherche-et-creation-musicale\/#primaryimage"},"thumbnailUrl":"https:\/\/www.valerie-philippin.com\/site\/wp-content\/uploads\/images-e1735834068677.png","datePublished":"2025-01-02T15:57:55+00:00","dateModified":"2025-09-20T13:25:39+00:00","breadcrumb":{"@id":"https:\/\/www.valerie-philippin.com\/site\/arco-academie-recherche-et-creation-musicale\/#breadcrumb"},"inLanguage":"fr-FR","potentialAction":[{"@type":"ReadAction","target":["https:\/\/www.valerie-philippin.com\/site\/arco-academie-recherche-et-creation-musicale\/"]}]},{"@type":"ImageObject","inLanguage":"fr-FR","@id":"https:\/\/www.valerie-philippin.com\/site\/arco-academie-recherche-et-creation-musicale\/#primaryimage","url":"https:\/\/www.valerie-philippin.com\/site\/wp-content\/uploads\/images-e1735834068677.png","contentUrl":"https:\/\/www.valerie-philippin.com\/site\/wp-content\/uploads\/images-e1735834068677.png","width":189,"height":158},{"@type":"BreadcrumbList","@id":"https:\/\/www.valerie-philippin.com\/site\/arco-academie-recherche-et-creation-musicale\/#breadcrumb","itemListElement":[{"@type":"ListItem","position":1,"name":"Accueil","item":"https:\/\/www.valerie-philippin.com\/site\/"},{"@type":"ListItem","position":2,"name":"ARCO &#8211; ACAD\u00c9MIE RECHERCHE ET CR\u00c9ATION MUSICALE"}]},{"@type":"WebSite","@id":"https:\/\/www.valerie-philippin.com\/site\/#website","url":"https:\/\/www.valerie-philippin.com\/site\/","name":"Val\u00e9rie Philippin \/ Cie Territoires de la voix","description":"FaBLab de cr\u00e9ation vocale contemporaine","publisher":{"@id":"https:\/\/www.valerie-philippin.com\/site\/#organization"},"potentialAction":[{"@type":"SearchAction","target":{"@type":"EntryPoint","urlTemplate":"https:\/\/www.valerie-philippin.com\/site\/?s={search_term_string}"},"query-input":{"@type":"PropertyValueSpecification","valueRequired":true,"valueName":"search_term_string"}}],"inLanguage":"fr-FR"},{"@type":"Organization","@id":"https:\/\/www.valerie-philippin.com\/site\/#organization","name":"Territoires de la voix","url":"https:\/\/www.valerie-philippin.com\/site\/","logo":{"@type":"ImageObject","inLanguage":"fr-FR","@id":"https:\/\/www.valerie-philippin.com\/site\/#\/schema\/logo\/image\/","url":"http:\/\/www.valerie-philippin.com\/site\/wp-content\/uploads\/2020\/06\/logoterritoiresdelavoix.png","contentUrl":"http:\/\/www.valerie-philippin.com\/site\/wp-content\/uploads\/2020\/06\/logoterritoiresdelavoix.png","width":500,"height":537,"caption":"Territoires de la voix"},"image":{"@id":"https:\/\/www.valerie-philippin.com\/site\/#\/schema\/logo\/image\/"}},{"@type":"Person","@id":"https:\/\/www.valerie-philippin.com\/site\/#\/schema\/person\/b4b89fdb961cd2821524f194ed6980db","name":"Val\u00e9rie Philippin","description":"Chanteuse, autrice, compositrice - Territoires de la Voix","sameAs":["http:\/\/www.valerie-philippin.com"]}]}},"_links":{"self":[{"href":"https:\/\/www.valerie-philippin.com\/site\/wp-json\/wp\/v2\/posts\/5841","targetHints":{"allow":["GET"]}}],"collection":[{"href":"https:\/\/www.valerie-philippin.com\/site\/wp-json\/wp\/v2\/posts"}],"about":[{"href":"https:\/\/www.valerie-philippin.com\/site\/wp-json\/wp\/v2\/types\/post"}],"author":[{"embeddable":true,"href":"https:\/\/www.valerie-philippin.com\/site\/wp-json\/wp\/v2\/users\/2"}],"replies":[{"embeddable":true,"href":"https:\/\/www.valerie-philippin.com\/site\/wp-json\/wp\/v2\/comments?post=5841"}],"version-history":[{"count":13,"href":"https:\/\/www.valerie-philippin.com\/site\/wp-json\/wp\/v2\/posts\/5841\/revisions"}],"predecessor-version":[{"id":6352,"href":"https:\/\/www.valerie-philippin.com\/site\/wp-json\/wp\/v2\/posts\/5841\/revisions\/6352"}],"wp:featuredmedia":[{"embeddable":true,"href":"https:\/\/www.valerie-philippin.com\/site\/wp-json\/wp\/v2\/media\/5844"}],"wp:attachment":[{"href":"https:\/\/www.valerie-philippin.com\/site\/wp-json\/wp\/v2\/media?parent=5841"}],"wp:term":[{"taxonomy":"category","embeddable":true,"href":"https:\/\/www.valerie-philippin.com\/site\/wp-json\/wp\/v2\/categories?post=5841"},{"taxonomy":"post_tag","embeddable":true,"href":"https:\/\/www.valerie-philippin.com\/site\/wp-json\/wp\/v2\/tags?post=5841"}],"curies":[{"name":"wp","href":"https:\/\/api.w.org\/{rel}","templated":true}]}}