{"id":5405,"date":"2024-05-06T16:38:00","date_gmt":"2024-05-06T14:38:00","guid":{"rendered":"https:\/\/www.valerie-philippin.com\/site\/?p=5405"},"modified":"2024-09-06T17:58:22","modified_gmt":"2024-09-06T15:58:22","slug":"ensemble-instrumental-kiosk","status":"publish","type":"post","link":"https:\/\/www.valerie-philippin.com\/site\/ensemble-instrumental-kiosk\/","title":{"rendered":"ENSEMBLE INSTRUMENTAL KIOSK"},"content":{"rendered":"\n<div class=\"wp-block-columns is-layout-flex wp-container-core-columns-is-layout-9d6595d7 wp-block-columns-is-layout-flex\">\n<div class=\"wp-block-column is-layout-flow wp-block-column-is-layout-flow\"><\/div>\n\n\n\n<div class=\"wp-block-column is-layout-flow wp-block-column-is-layout-flow\"><\/div>\n<\/div>\n\n\n\n<div class=\"wp-block-columns is-layout-flex wp-container-core-columns-is-layout-9d6595d7 wp-block-columns-is-layout-flex\">\n<div class=\"wp-block-column is-layout-flow wp-block-column-is-layout-flow\">\n<p>La Cie Singuli\u00e8re Compagnie &#8211; La voix et les arts de la sc\u00e8ne \u00e0 \u00e9t\u00e9 cr\u00e9\u00e9e par Val\u00e9rie Philippin et Chantal Latour en 1995, et a d\u00e9velopp\u00e9 des activit\u00e9s de cr\u00e9ation et formation professionnelle jusqu&rsquo;en 2015<\/p>\n\n\n\n<p><strong>L\u2019ensemble Kiosk<\/strong> a \u00e9t\u00e9 cr\u00e9\u00e9 au sein de Singuli\u00e8re Compagnie en 2004 pour interpr\u00e9ter le r\u00e9pertoire de musique de chambre avec voix du XX\u00e8me si\u00e8cle et d\u2019aujourd\u2019hui, avec un attachement particulier pour le th\u00e9\u00e2tre musical et le concert mis en sc\u00e8ne.<\/p>\n\n\n\n<p><strong><em>Les musiciens de Kiosk :<\/em><\/strong><br>Ga\u00eblle Belot, fl\u00fbtes ; Jean-Philippe Causse, piano ; Ludovic Montet, percussions et voix de baryton ; Aur\u00e9lie Pichon, clarinettes ; Val\u00e9rie Philippin, voix et direction artistique ; Aur\u00e9lie Saraf, harpe, ; Christelle Sery, guitare.<br><strong><em>Musiciens invit\u00e9s :<\/em><\/strong><br>Deborah Walker, violoncelle ; Caroline Simonnot, alto<\/p>\n\n\n\n<figure class=\"wp-block-image size-large is-style-default\"><img loading=\"lazy\" decoding=\"async\" width=\"710\" height=\"1024\" src=\"http:\/\/www.valerie-philippin.com\/site\/wp-content\/uploads\/Logo-KIOSK-HD-copy-copie-710x1024.jpg\" alt=\"\" class=\"wp-image-5414\" srcset=\"https:\/\/www.valerie-philippin.com\/site\/wp-content\/uploads\/Logo-KIOSK-HD-copy-copie-710x1024.jpg 710w, https:\/\/www.valerie-philippin.com\/site\/wp-content\/uploads\/Logo-KIOSK-HD-copy-copie-347x500.jpg 347w, https:\/\/www.valerie-philippin.com\/site\/wp-content\/uploads\/Logo-KIOSK-HD-copy-copie-768x1108.jpg 768w, https:\/\/www.valerie-philippin.com\/site\/wp-content\/uploads\/Logo-KIOSK-HD-copy-copie-1065x1536.jpg 1065w, https:\/\/www.valerie-philippin.com\/site\/wp-content\/uploads\/Logo-KIOSK-HD-copy-copie-1420x2048.jpg 1420w, https:\/\/www.valerie-philippin.com\/site\/wp-content\/uploads\/Logo-KIOSK-HD-copy-copie.jpg 1654w\" sizes=\"auto, (max-width: 710px) 100vw, 710px\" \/><\/figure>\n<\/div>\n\n\n\n<div class=\"wp-block-column is-layout-flow wp-block-column-is-layout-flow\">\n<figure class=\"wp-block-image size-full is-style-default\"><img loading=\"lazy\" decoding=\"async\" width=\"200\" height=\"200\" src=\"http:\/\/www.valerie-philippin.com\/site\/wp-content\/uploads\/charles-Cros.jpg\" alt=\"\" class=\"wp-image-5429\" srcset=\"https:\/\/www.valerie-philippin.com\/site\/wp-content\/uploads\/charles-Cros.jpg 200w, https:\/\/www.valerie-philippin.com\/site\/wp-content\/uploads\/charles-Cros-150x150.jpg 150w\" sizes=\"auto, (max-width: 200px) 100vw, 200px\" \/><\/figure>\n\n\n\n<p><strong><em>2011 Sortie du CD\/DVD A port\u00e9e de voix<\/em><\/strong> oeuvres avec voix de Georges Aperghis, Label Ameson 2011, <strong>Grand Prix Musique Contemporaine de l\u2019Acad\u00e9mie Charles Cros.<\/strong><\/p>\n\n\n\n<p><strong><em>2008\/2009 &#8211; Kiosk\u2019\u00e0 la harpe<\/em><\/strong><br>Trio voix, harpe et percussions, musique de chambre, th\u00e9\u00e2tre musical et improvisation, Aperghis, Jarrell, Drouet, Rebotier<br>Auditorium du Conservatoire de Bourg-la-Reine, Festival de harpe de Gargilesse<\/p>\n\n\n\n<p><strong><em>2006-2007 &#8211; Kiosk\u2019Aperghis<\/em><\/strong><br>Spectacle monographique de musique de chambre et th\u00e9\u00e2tre musical, conception et mise en sc\u00e8ne Val\u00e9rie Philippin<br>Festival Musiques de Notre Temps \u00e0 Charenton-le-Pont, Auditorium de Vincennes, Festival Why Note \u00e0 Dijon, Festival Musiques Libres de Besan\u00e7on, Futurs Compos\u00e9s aux Nuits Blanches \u00e0 Paris et \u00e0 l\u2019Auditorium Saint-Germain .<\/p>\n\n\n\n<p><strong><em>2007 &#8211; Kiosk\u2019\u00e0 deux &#8211; La lettre amoureuse<\/em><\/strong><br>Duo voix et percussions, musique ancienne et contemporaine.<br>Printemps des po\u00e8tes au Centre Culturel de l\u2019Universit\u00e9 de Jussieu<\/p>\n\n\n\n<p><strong><em>2006 &#8211; Kiosk\u2019\u00e0 deux<\/em><\/strong><br>R\u00e9cital harpe et voix autour de la chanson. Britten, Ravel, De Falla, Cage, Ferr\u00e9<br>Eglise de Saint-Vivien en M\u00e9doc<\/p>\n\n\n\n<p><strong><em>2006 &#8211; Kiosk\u2019\u00e0 trois<\/em><\/strong><br>Trio voix, clarinette et percussions, musiques ancienne et contemporaine, improvisations<br>Festival Les vocales \u00e0 Gaillan en M\u00e9doc<\/p>\n\n\n\n<p><strong><em>2006 &#8211; Un public de 14 juillet<\/em><\/strong><br>Film documentaire de Georges Groult, musiques compos\u00e9es et improvis\u00e9es par Kiosk.<br>Production INA pour Arte 2006.<br>Collection \u00ab m\u00e9moires du th\u00e9\u00e2tre, dirig\u00e9e par Georges Groult, musiques<\/p>\n\n\n\n<p><strong><em>2005 &#8211; Jean Brugi\u00e9, guerre et utopie<\/em><\/strong><br>Film documentaire de Jean-Pierre Vedel, musique improvis\u00e9e par Kiosk. Production INA pour France3<\/p>\n\n\n\n<p><strong><em>2004\/2005 &#8211; Kiosk\u2019Azimut<\/em><\/strong><br>Spectacle pour cinq musiciens, mise en sc\u00e8ne Val\u00e9rie Philippin. Musiques d\u2019Aperghis, Bach, Brahms, Dejours, Kagel, Monk, Reich, Sarhan, Stravinsky, Webern, et textes de Roland Dubillard et Raymond Devos<br>Festival Musiques de Notre Temps de Charenton-le-Pont, Festival Mosa\u00efques de Rouffiac de l\u2019Aude <\/p>\n\n\n\n<p><strong><em>2004 \u00e0 2011 &#8211; Kiosk en concert<\/em><\/strong><br>Musique contemporaine et th\u00e9\u00e2tre musical, oeuvres de Sarhan, Ravel, Debussy, Webern, Stravinsky, Berio, Denisov, Takemitsu, Fedele, Crumb, Rebotier, Aperghis, Drouet&#8230; <br>Auditorium d\u2019Ivry, Auditorium de Ch\u00e2tillon, Cit\u00e9 Culture \u00e0 Paris, Festival Musiques de Notre Temps de Charenton-le-Pont, Festival Mosa\u00efques de Rouffiac de l\u2019Aude, th\u00e9\u00e2tre TNT \u00e0 Bordeaux, \u00e9glise de Saint-Vivien\u2013en-M\u00e9doc, Regard du Cygne \u00e0 Paris<\/p>\n<\/div>\n\n\n\n<div class=\"wp-block-column is-layout-flow wp-block-column-is-layout-flow\">\n<figure class=\"wp-block-image size-full is-style-default\"><img loading=\"lazy\" decoding=\"async\" width=\"640\" height=\"426\" src=\"http:\/\/www.valerie-philippin.com\/site\/wp-content\/uploads\/7-crimes-couchee-daubas.jpg\" alt=\"\" class=\"wp-image-5424\" srcset=\"https:\/\/www.valerie-philippin.com\/site\/wp-content\/uploads\/7-crimes-couchee-daubas.jpg 640w, https:\/\/www.valerie-philippin.com\/site\/wp-content\/uploads\/7-crimes-couchee-daubas-500x333.jpg 500w\" sizes=\"auto, (max-width: 640px) 100vw, 640px\" \/><figcaption class=\"wp-element-caption\">Aperghis <em>Les sept crimes de l&rsquo;amour<\/em><\/figcaption><\/figure>\n\n\n\n<figure class=\"wp-block-image size-large is-style-default\"><img loading=\"lazy\" decoding=\"async\" width=\"1024\" height=\"531\" src=\"http:\/\/www.valerie-philippin.com\/site\/wp-content\/uploads\/ses-muscles-repe-rognee-1024x531.jpg\" alt=\"\" class=\"wp-image-5425\" srcset=\"https:\/\/www.valerie-philippin.com\/site\/wp-content\/uploads\/ses-muscles-repe-rognee-1024x531.jpg 1024w, https:\/\/www.valerie-philippin.com\/site\/wp-content\/uploads\/ses-muscles-repe-rognee-500x259.jpg 500w, https:\/\/www.valerie-philippin.com\/site\/wp-content\/uploads\/ses-muscles-repe-rognee-768x398.jpg 768w, https:\/\/www.valerie-philippin.com\/site\/wp-content\/uploads\/ses-muscles-repe-rognee-1536x796.jpg 1536w, https:\/\/www.valerie-philippin.com\/site\/wp-content\/uploads\/ses-muscles-repe-rognee-2048x1062.jpg 2048w\" sizes=\"auto, (max-width: 1024px) 100vw, 1024px\" \/><figcaption class=\"wp-element-caption\">Aperghis <em>Ses Muscles<\/em><\/figcaption><\/figure>\n\n\n\n<figure class=\"wp-block-image size-large is-style-default\"><img loading=\"lazy\" decoding=\"async\" width=\"683\" height=\"1024\" src=\"http:\/\/www.valerie-philippin.com\/site\/wp-content\/uploads\/fidelite-683x1024.jpg\" alt=\"\" class=\"wp-image-5426\" srcset=\"https:\/\/www.valerie-philippin.com\/site\/wp-content\/uploads\/fidelite-683x1024.jpg 683w, https:\/\/www.valerie-philippin.com\/site\/wp-content\/uploads\/fidelite-333x500.jpg 333w, https:\/\/www.valerie-philippin.com\/site\/wp-content\/uploads\/fidelite-768x1152.jpg 768w, https:\/\/www.valerie-philippin.com\/site\/wp-content\/uploads\/fidelite-1024x1536.jpg 1024w, https:\/\/www.valerie-philippin.com\/site\/wp-content\/uploads\/fidelite-1365x2048.jpg 1365w, https:\/\/www.valerie-philippin.com\/site\/wp-content\/uploads\/fidelite-scaled.jpg 1707w\" sizes=\"auto, (max-width: 683px) 100vw, 683px\" \/><figcaption class=\"wp-element-caption\">Aperghis <em>Fid\u00e9lit\u00e9<\/em><\/figcaption><\/figure>\n<\/div>\n<\/div>\n","protected":false},"excerpt":{"rendered":"<p>R\u00e9pertoire contemporain et th\u00e9\u00e2tre musical<br \/>\nParis \u2013 de 2004 \u00e0 2012<\/p>\n","protected":false},"author":2,"featured_media":5408,"comment_status":"closed","ping_status":"closed","sticky":false,"template":"","format":"standard","meta":{"footnotes":""},"categories":[32],"tags":[],"class_list":["post-5405","post","type-post","status-publish","format-standard","has-post-thumbnail","hentry","category-ensembles"],"yoast_head":"<!-- This site is optimized with the Yoast SEO plugin v27.5 - https:\/\/yoast.com\/product\/yoast-seo-wordpress\/ -->\n<title>ENSEMBLE INSTRUMENTAL KIOSK &#8226; Val\u00e9rie Philippin \/ Cie Territoires de la voix<\/title>\n<meta name=\"robots\" content=\"noindex, follow\" \/>\n<meta property=\"og:locale\" content=\"fr_FR\" \/>\n<meta property=\"og:type\" content=\"article\" \/>\n<meta property=\"og:title\" content=\"ENSEMBLE INSTRUMENTAL KIOSK &#8226; Val\u00e9rie Philippin \/ Cie Territoires de la voix\" \/>\n<meta property=\"og:description\" content=\"R\u00e9pertoire contemporain et th\u00e9\u00e2tre musical Paris \u2013 de 2004 \u00e0 2012\" \/>\n<meta property=\"og:url\" content=\"https:\/\/www.valerie-philippin.com\/site\/ensemble-instrumental-kiosk\/\" \/>\n<meta property=\"og:site_name\" content=\"Val\u00e9rie Philippin \/ Cie Territoires de la voix\" \/>\n<meta property=\"article:published_time\" content=\"2024-05-06T14:38:00+00:00\" \/>\n<meta property=\"article:modified_time\" content=\"2024-09-06T15:58:22+00:00\" \/>\n<meta property=\"og:image\" content=\"http:\/\/www.valerie-philippin.com\/site\/wp-content\/uploads\/kiosk-portrait-groupe-copie-recadree.jpg\" \/>\n\t<meta property=\"og:image:width\" content=\"674\" \/>\n\t<meta property=\"og:image:height\" content=\"452\" \/>\n\t<meta property=\"og:image:type\" content=\"image\/jpeg\" \/>\n<meta name=\"author\" content=\"Val\u00e9rie Philippin\" \/>\n<meta name=\"twitter:card\" content=\"summary_large_image\" \/>\n<meta name=\"twitter:label1\" content=\"\u00c9crit par\" \/>\n\t<meta name=\"twitter:data1\" content=\"Val\u00e9rie Philippin\" \/>\n\t<meta name=\"twitter:label2\" content=\"Dur\u00e9e de lecture estim\u00e9e\" \/>\n\t<meta name=\"twitter:data2\" content=\"4 minutes\" \/>\n<script type=\"application\/ld+json\" class=\"yoast-schema-graph\">{\"@context\":\"https:\\\/\\\/schema.org\",\"@graph\":[{\"@type\":\"Article\",\"@id\":\"https:\\\/\\\/www.valerie-philippin.com\\\/site\\\/ensemble-instrumental-kiosk\\\/#article\",\"isPartOf\":{\"@id\":\"https:\\\/\\\/www.valerie-philippin.com\\\/site\\\/ensemble-instrumental-kiosk\\\/\"},\"author\":{\"name\":\"Val\u00e9rie Philippin\",\"@id\":\"https:\\\/\\\/www.valerie-philippin.com\\\/site\\\/#\\\/schema\\\/person\\\/b4b89fdb961cd2821524f194ed6980db\"},\"headline\":\"ENSEMBLE INSTRUMENTAL KIOSK\",\"datePublished\":\"2024-05-06T14:38:00+00:00\",\"dateModified\":\"2024-09-06T15:58:22+00:00\",\"mainEntityOfPage\":{\"@id\":\"https:\\\/\\\/www.valerie-philippin.com\\\/site\\\/ensemble-instrumental-kiosk\\\/\"},\"wordCount\":497,\"publisher\":{\"@id\":\"https:\\\/\\\/www.valerie-philippin.com\\\/site\\\/#organization\"},\"image\":{\"@id\":\"https:\\\/\\\/www.valerie-philippin.com\\\/site\\\/ensemble-instrumental-kiosk\\\/#primaryimage\"},\"thumbnailUrl\":\"https:\\\/\\\/www.valerie-philippin.com\\\/site\\\/wp-content\\\/uploads\\\/kiosk-portrait-groupe-copie-recadree.jpg\",\"articleSection\":[\"FabLab \\\/ Ensembles\"],\"inLanguage\":\"fr-FR\"},{\"@type\":\"WebPage\",\"@id\":\"https:\\\/\\\/www.valerie-philippin.com\\\/site\\\/ensemble-instrumental-kiosk\\\/\",\"url\":\"https:\\\/\\\/www.valerie-philippin.com\\\/site\\\/ensemble-instrumental-kiosk\\\/\",\"name\":\"ENSEMBLE INSTRUMENTAL KIOSK &#8226; Val\u00e9rie Philippin \\\/ Cie Territoires de la voix\",\"isPartOf\":{\"@id\":\"https:\\\/\\\/www.valerie-philippin.com\\\/site\\\/#website\"},\"primaryImageOfPage\":{\"@id\":\"https:\\\/\\\/www.valerie-philippin.com\\\/site\\\/ensemble-instrumental-kiosk\\\/#primaryimage\"},\"image\":{\"@id\":\"https:\\\/\\\/www.valerie-philippin.com\\\/site\\\/ensemble-instrumental-kiosk\\\/#primaryimage\"},\"thumbnailUrl\":\"https:\\\/\\\/www.valerie-philippin.com\\\/site\\\/wp-content\\\/uploads\\\/kiosk-portrait-groupe-copie-recadree.jpg\",\"datePublished\":\"2024-05-06T14:38:00+00:00\",\"dateModified\":\"2024-09-06T15:58:22+00:00\",\"breadcrumb\":{\"@id\":\"https:\\\/\\\/www.valerie-philippin.com\\\/site\\\/ensemble-instrumental-kiosk\\\/#breadcrumb\"},\"inLanguage\":\"fr-FR\",\"potentialAction\":[{\"@type\":\"ReadAction\",\"target\":[\"https:\\\/\\\/www.valerie-philippin.com\\\/site\\\/ensemble-instrumental-kiosk\\\/\"]}]},{\"@type\":\"ImageObject\",\"inLanguage\":\"fr-FR\",\"@id\":\"https:\\\/\\\/www.valerie-philippin.com\\\/site\\\/ensemble-instrumental-kiosk\\\/#primaryimage\",\"url\":\"https:\\\/\\\/www.valerie-philippin.com\\\/site\\\/wp-content\\\/uploads\\\/kiosk-portrait-groupe-copie-recadree.jpg\",\"contentUrl\":\"https:\\\/\\\/www.valerie-philippin.com\\\/site\\\/wp-content\\\/uploads\\\/kiosk-portrait-groupe-copie-recadree.jpg\",\"width\":674,\"height\":452,\"caption\":\"Enregistrement d'un disque de valerie Phillipin au CRR de Paris pour Ameson\"},{\"@type\":\"BreadcrumbList\",\"@id\":\"https:\\\/\\\/www.valerie-philippin.com\\\/site\\\/ensemble-instrumental-kiosk\\\/#breadcrumb\",\"itemListElement\":[{\"@type\":\"ListItem\",\"position\":1,\"name\":\"Accueil\",\"item\":\"https:\\\/\\\/www.valerie-philippin.com\\\/site\\\/\"},{\"@type\":\"ListItem\",\"position\":2,\"name\":\"ENSEMBLE INSTRUMENTAL KIOSK\"}]},{\"@type\":\"WebSite\",\"@id\":\"https:\\\/\\\/www.valerie-philippin.com\\\/site\\\/#website\",\"url\":\"https:\\\/\\\/www.valerie-philippin.com\\\/site\\\/\",\"name\":\"Val\u00e9rie Philippin \\\/ Cie Territoires de la voix\",\"description\":\"FaBLab de cr\u00e9ation vocale contemporaine\",\"publisher\":{\"@id\":\"https:\\\/\\\/www.valerie-philippin.com\\\/site\\\/#organization\"},\"potentialAction\":[{\"@type\":\"SearchAction\",\"target\":{\"@type\":\"EntryPoint\",\"urlTemplate\":\"https:\\\/\\\/www.valerie-philippin.com\\\/site\\\/?s={search_term_string}\"},\"query-input\":{\"@type\":\"PropertyValueSpecification\",\"valueRequired\":true,\"valueName\":\"search_term_string\"}}],\"inLanguage\":\"fr-FR\"},{\"@type\":\"Organization\",\"@id\":\"https:\\\/\\\/www.valerie-philippin.com\\\/site\\\/#organization\",\"name\":\"Territoires de la voix\",\"url\":\"https:\\\/\\\/www.valerie-philippin.com\\\/site\\\/\",\"logo\":{\"@type\":\"ImageObject\",\"inLanguage\":\"fr-FR\",\"@id\":\"https:\\\/\\\/www.valerie-philippin.com\\\/site\\\/#\\\/schema\\\/logo\\\/image\\\/\",\"url\":\"http:\\\/\\\/www.valerie-philippin.com\\\/site\\\/wp-content\\\/uploads\\\/2020\\\/06\\\/logoterritoiresdelavoix.png\",\"contentUrl\":\"http:\\\/\\\/www.valerie-philippin.com\\\/site\\\/wp-content\\\/uploads\\\/2020\\\/06\\\/logoterritoiresdelavoix.png\",\"width\":500,\"height\":537,\"caption\":\"Territoires de la voix\"},\"image\":{\"@id\":\"https:\\\/\\\/www.valerie-philippin.com\\\/site\\\/#\\\/schema\\\/logo\\\/image\\\/\"}},{\"@type\":\"Person\",\"@id\":\"https:\\\/\\\/www.valerie-philippin.com\\\/site\\\/#\\\/schema\\\/person\\\/b4b89fdb961cd2821524f194ed6980db\",\"name\":\"Val\u00e9rie Philippin\",\"description\":\"Chanteuse, autrice, compositrice - Territoires de la Voix\",\"sameAs\":[\"http:\\\/\\\/www.valerie-philippin.com\"]}]}<\/script>\n<!-- \/ Yoast SEO plugin. -->","yoast_head_json":{"title":"ENSEMBLE INSTRUMENTAL KIOSK &#8226; Val\u00e9rie Philippin \/ Cie Territoires de la voix","robots":{"index":"noindex","follow":"follow"},"og_locale":"fr_FR","og_type":"article","og_title":"ENSEMBLE INSTRUMENTAL KIOSK &#8226; Val\u00e9rie Philippin \/ Cie Territoires de la voix","og_description":"R\u00e9pertoire contemporain et th\u00e9\u00e2tre musical Paris \u2013 de 2004 \u00e0 2012","og_url":"https:\/\/www.valerie-philippin.com\/site\/ensemble-instrumental-kiosk\/","og_site_name":"Val\u00e9rie Philippin \/ Cie Territoires de la voix","article_published_time":"2024-05-06T14:38:00+00:00","article_modified_time":"2024-09-06T15:58:22+00:00","og_image":[{"width":674,"height":452,"url":"http:\/\/www.valerie-philippin.com\/site\/wp-content\/uploads\/kiosk-portrait-groupe-copie-recadree.jpg","type":"image\/jpeg"}],"author":"Val\u00e9rie Philippin","twitter_card":"summary_large_image","twitter_misc":{"\u00c9crit par":"Val\u00e9rie Philippin","Dur\u00e9e de lecture estim\u00e9e":"4 minutes"},"schema":{"@context":"https:\/\/schema.org","@graph":[{"@type":"Article","@id":"https:\/\/www.valerie-philippin.com\/site\/ensemble-instrumental-kiosk\/#article","isPartOf":{"@id":"https:\/\/www.valerie-philippin.com\/site\/ensemble-instrumental-kiosk\/"},"author":{"name":"Val\u00e9rie Philippin","@id":"https:\/\/www.valerie-philippin.com\/site\/#\/schema\/person\/b4b89fdb961cd2821524f194ed6980db"},"headline":"ENSEMBLE INSTRUMENTAL KIOSK","datePublished":"2024-05-06T14:38:00+00:00","dateModified":"2024-09-06T15:58:22+00:00","mainEntityOfPage":{"@id":"https:\/\/www.valerie-philippin.com\/site\/ensemble-instrumental-kiosk\/"},"wordCount":497,"publisher":{"@id":"https:\/\/www.valerie-philippin.com\/site\/#organization"},"image":{"@id":"https:\/\/www.valerie-philippin.com\/site\/ensemble-instrumental-kiosk\/#primaryimage"},"thumbnailUrl":"https:\/\/www.valerie-philippin.com\/site\/wp-content\/uploads\/kiosk-portrait-groupe-copie-recadree.jpg","articleSection":["FabLab \/ Ensembles"],"inLanguage":"fr-FR"},{"@type":"WebPage","@id":"https:\/\/www.valerie-philippin.com\/site\/ensemble-instrumental-kiosk\/","url":"https:\/\/www.valerie-philippin.com\/site\/ensemble-instrumental-kiosk\/","name":"ENSEMBLE INSTRUMENTAL KIOSK &#8226; Val\u00e9rie Philippin \/ Cie Territoires de la voix","isPartOf":{"@id":"https:\/\/www.valerie-philippin.com\/site\/#website"},"primaryImageOfPage":{"@id":"https:\/\/www.valerie-philippin.com\/site\/ensemble-instrumental-kiosk\/#primaryimage"},"image":{"@id":"https:\/\/www.valerie-philippin.com\/site\/ensemble-instrumental-kiosk\/#primaryimage"},"thumbnailUrl":"https:\/\/www.valerie-philippin.com\/site\/wp-content\/uploads\/kiosk-portrait-groupe-copie-recadree.jpg","datePublished":"2024-05-06T14:38:00+00:00","dateModified":"2024-09-06T15:58:22+00:00","breadcrumb":{"@id":"https:\/\/www.valerie-philippin.com\/site\/ensemble-instrumental-kiosk\/#breadcrumb"},"inLanguage":"fr-FR","potentialAction":[{"@type":"ReadAction","target":["https:\/\/www.valerie-philippin.com\/site\/ensemble-instrumental-kiosk\/"]}]},{"@type":"ImageObject","inLanguage":"fr-FR","@id":"https:\/\/www.valerie-philippin.com\/site\/ensemble-instrumental-kiosk\/#primaryimage","url":"https:\/\/www.valerie-philippin.com\/site\/wp-content\/uploads\/kiosk-portrait-groupe-copie-recadree.jpg","contentUrl":"https:\/\/www.valerie-philippin.com\/site\/wp-content\/uploads\/kiosk-portrait-groupe-copie-recadree.jpg","width":674,"height":452,"caption":"Enregistrement d'un disque de valerie Phillipin au CRR de Paris pour Ameson"},{"@type":"BreadcrumbList","@id":"https:\/\/www.valerie-philippin.com\/site\/ensemble-instrumental-kiosk\/#breadcrumb","itemListElement":[{"@type":"ListItem","position":1,"name":"Accueil","item":"https:\/\/www.valerie-philippin.com\/site\/"},{"@type":"ListItem","position":2,"name":"ENSEMBLE INSTRUMENTAL KIOSK"}]},{"@type":"WebSite","@id":"https:\/\/www.valerie-philippin.com\/site\/#website","url":"https:\/\/www.valerie-philippin.com\/site\/","name":"Val\u00e9rie Philippin \/ Cie Territoires de la voix","description":"FaBLab de cr\u00e9ation vocale contemporaine","publisher":{"@id":"https:\/\/www.valerie-philippin.com\/site\/#organization"},"potentialAction":[{"@type":"SearchAction","target":{"@type":"EntryPoint","urlTemplate":"https:\/\/www.valerie-philippin.com\/site\/?s={search_term_string}"},"query-input":{"@type":"PropertyValueSpecification","valueRequired":true,"valueName":"search_term_string"}}],"inLanguage":"fr-FR"},{"@type":"Organization","@id":"https:\/\/www.valerie-philippin.com\/site\/#organization","name":"Territoires de la voix","url":"https:\/\/www.valerie-philippin.com\/site\/","logo":{"@type":"ImageObject","inLanguage":"fr-FR","@id":"https:\/\/www.valerie-philippin.com\/site\/#\/schema\/logo\/image\/","url":"http:\/\/www.valerie-philippin.com\/site\/wp-content\/uploads\/2020\/06\/logoterritoiresdelavoix.png","contentUrl":"http:\/\/www.valerie-philippin.com\/site\/wp-content\/uploads\/2020\/06\/logoterritoiresdelavoix.png","width":500,"height":537,"caption":"Territoires de la voix"},"image":{"@id":"https:\/\/www.valerie-philippin.com\/site\/#\/schema\/logo\/image\/"}},{"@type":"Person","@id":"https:\/\/www.valerie-philippin.com\/site\/#\/schema\/person\/b4b89fdb961cd2821524f194ed6980db","name":"Val\u00e9rie Philippin","description":"Chanteuse, autrice, compositrice - Territoires de la Voix","sameAs":["http:\/\/www.valerie-philippin.com"]}]}},"_links":{"self":[{"href":"https:\/\/www.valerie-philippin.com\/site\/wp-json\/wp\/v2\/posts\/5405","targetHints":{"allow":["GET"]}}],"collection":[{"href":"https:\/\/www.valerie-philippin.com\/site\/wp-json\/wp\/v2\/posts"}],"about":[{"href":"https:\/\/www.valerie-philippin.com\/site\/wp-json\/wp\/v2\/types\/post"}],"author":[{"embeddable":true,"href":"https:\/\/www.valerie-philippin.com\/site\/wp-json\/wp\/v2\/users\/2"}],"replies":[{"embeddable":true,"href":"https:\/\/www.valerie-philippin.com\/site\/wp-json\/wp\/v2\/comments?post=5405"}],"version-history":[{"count":10,"href":"https:\/\/www.valerie-philippin.com\/site\/wp-json\/wp\/v2\/posts\/5405\/revisions"}],"predecessor-version":[{"id":5441,"href":"https:\/\/www.valerie-philippin.com\/site\/wp-json\/wp\/v2\/posts\/5405\/revisions\/5441"}],"wp:featuredmedia":[{"embeddable":true,"href":"https:\/\/www.valerie-philippin.com\/site\/wp-json\/wp\/v2\/media\/5408"}],"wp:attachment":[{"href":"https:\/\/www.valerie-philippin.com\/site\/wp-json\/wp\/v2\/media?parent=5405"}],"wp:term":[{"taxonomy":"category","embeddable":true,"href":"https:\/\/www.valerie-philippin.com\/site\/wp-json\/wp\/v2\/categories?post=5405"},{"taxonomy":"post_tag","embeddable":true,"href":"https:\/\/www.valerie-philippin.com\/site\/wp-json\/wp\/v2\/tags?post=5405"}],"curies":[{"name":"wp","href":"https:\/\/api.w.org\/{rel}","templated":true}]}}