{"id":5311,"date":"2024-09-02T01:21:20","date_gmt":"2024-09-01T23:21:20","guid":{"rendered":"https:\/\/www.valerie-philippin.com\/site\/?p=5311"},"modified":"2025-01-04T14:08:02","modified_gmt":"2025-01-04T13:08:02","slug":"recital-solo","status":"publish","type":"post","link":"https:\/\/www.valerie-philippin.com\/site\/recital-solo\/","title":{"rendered":"R\u00c9CITAL SOLO"},"content":{"rendered":"\n<div class=\"wp-block-columns is-layout-flex wp-container-core-columns-is-layout-9d6595d7 wp-block-columns-is-layout-flex\">\n<div class=\"wp-block-column is-layout-flow wp-block-column-is-layout-flow\">\n<p><strong><em>\u00c0 propos<\/em><\/strong><br>Val\u00e9rie Philippin propose ce r\u00e9cital  sous diff\u00e9rentes formes et lieux, dans les festivals, salles de concerts, galeries d&rsquo;art, espaces de repr\u00e9sentation non conventionnels&#8230;<\/p>\n\n\n\n<p><strong><em>Programme<\/em><\/strong><br> pi\u00e8ces pour voix seule de Georges Aperghis, Philippe Leroux, John Cage, Kaija Saariaho, Fran\u00e7ois-Bernard M\u00e2che, Pascal Dusapin, Morton Feldman, Jacques Rebotier&#8230;<br>Selon les lieux, le r\u00e9cital peut \u00eatre mis en espace et en lumi\u00e8re<\/p>\n\n\n\n<p><strong><em>Dates<\/em><\/strong><br>2019 Programm\u00e9 par Proxima Centauri au March\u00e9 des Douves, Bordeaux<br>2016 Festival Format Raisin, La Charit\u00e9 sur Loire<br>2012 Tourn\u00e9es de biblioth\u00e8ques en Seine Saint-Denis<br>2010 Festival Aspro Impro, Besan\u00e7on<br>2005 Festival Why Note au Frac Bourgogne, Dijon<br>2005 Festival Musiques de notre temps, auditorium du conservatoire de Charenton-le-Pont<\/p>\n\n\n\n<p><br><br><\/p>\n<\/div>\n\n\n\n<div class=\"wp-block-column is-layout-flow wp-block-column-is-layout-flow\">\n<figure class=\"wp-block-image size-large is-resized is-style-default\"><img loading=\"lazy\" decoding=\"async\" width=\"683\" height=\"1024\" src=\"http:\/\/www.valerie-philippin.com\/site\/wp-content\/uploads\/Valerie-FORMAT-RAISINS-20165-683x1024.jpg\" alt=\"\" class=\"wp-image-5326\" style=\"width:205px;height:auto\" srcset=\"https:\/\/www.valerie-philippin.com\/site\/wp-content\/uploads\/Valerie-FORMAT-RAISINS-20165-683x1024.jpg 683w, https:\/\/www.valerie-philippin.com\/site\/wp-content\/uploads\/Valerie-FORMAT-RAISINS-20165-333x500.jpg 333w, https:\/\/www.valerie-philippin.com\/site\/wp-content\/uploads\/Valerie-FORMAT-RAISINS-20165-768x1152.jpg 768w, https:\/\/www.valerie-philippin.com\/site\/wp-content\/uploads\/Valerie-FORMAT-RAISINS-20165-1024x1536.jpg 1024w, https:\/\/www.valerie-philippin.com\/site\/wp-content\/uploads\/Valerie-FORMAT-RAISINS-20165-1365x2048.jpg 1365w, https:\/\/www.valerie-philippin.com\/site\/wp-content\/uploads\/Valerie-FORMAT-RAISINS-20165-scaled.jpg 1707w\" sizes=\"auto, (max-width: 683px) 100vw, 683px\" \/><figcaption class=\"wp-element-caption\">Festival Format Raisins &#8211; La Charit\u00e9 sur Loire 2016<\/figcaption><\/figure>\n<\/div>\n\n\n\n<div class=\"wp-block-column is-layout-flow wp-block-column-is-layout-flow\">\n<figure class=\"wp-block-image size-large is-style-default\"><img loading=\"lazy\" decoding=\"async\" width=\"1024\" height=\"683\" src=\"http:\/\/www.valerie-philippin.com\/site\/wp-content\/uploads\/CO9D9E1-copie-1024x683.jpg\" alt=\"\" class=\"wp-image-5329\" srcset=\"https:\/\/www.valerie-philippin.com\/site\/wp-content\/uploads\/CO9D9E1-copie-1024x683.jpg 1024w, https:\/\/www.valerie-philippin.com\/site\/wp-content\/uploads\/CO9D9E1-copie-500x333.jpg 500w, https:\/\/www.valerie-philippin.com\/site\/wp-content\/uploads\/CO9D9E1-copie-768x512.jpg 768w, https:\/\/www.valerie-philippin.com\/site\/wp-content\/uploads\/CO9D9E1-copie-1536x1024.jpg 1536w, https:\/\/www.valerie-philippin.com\/site\/wp-content\/uploads\/CO9D9E1-copie.jpg 1773w\" sizes=\"auto, (max-width: 1024px) 100vw, 1024px\" \/><figcaption class=\"wp-element-caption\">Festival Why Note Dijon 2005<\/figcaption><\/figure>\n<\/div>\n<\/div>\n\n\n\n<p><\/p>\n","protected":false},"excerpt":{"rendered":"<p>R\u00e9pertoire contemporain pour voix seule<br \/>\nVal\u00e9rie Philippin<br \/>\nDepuis 2005<\/p>\n","protected":false},"author":2,"featured_media":5315,"comment_status":"closed","ping_status":"closed","sticky":false,"template":"","format":"standard","meta":{"footnotes":""},"categories":[6,8],"tags":[],"class_list":["post-5311","post","type-post","status-publish","format-standard","has-post-thumbnail","hentry","category-spectacles","category-en-diffusion"],"yoast_head":"<!-- This site is optimized with the Yoast SEO plugin v27.5 - https:\/\/yoast.com\/product\/yoast-seo-wordpress\/ -->\n<title>R\u00c9CITAL SOLO &#8226; Val\u00e9rie Philippin \/ Cie Territoires de la voix<\/title>\n<meta name=\"robots\" content=\"noindex, follow\" \/>\n<meta property=\"og:locale\" content=\"fr_FR\" \/>\n<meta property=\"og:type\" content=\"article\" \/>\n<meta property=\"og:title\" content=\"R\u00c9CITAL SOLO &#8226; Val\u00e9rie Philippin \/ Cie Territoires de la voix\" \/>\n<meta property=\"og:description\" content=\"R\u00e9pertoire contemporain pour voix seule Val\u00e9rie Philippin Depuis 2005\" \/>\n<meta property=\"og:url\" content=\"https:\/\/www.valerie-philippin.com\/site\/recital-solo\/\" \/>\n<meta property=\"og:site_name\" content=\"Val\u00e9rie Philippin \/ Cie Territoires de la voix\" \/>\n<meta property=\"article:published_time\" content=\"2024-09-01T23:21:20+00:00\" \/>\n<meta property=\"article:modified_time\" content=\"2025-01-04T13:08:02+00:00\" \/>\n<meta property=\"og:image\" content=\"http:\/\/www.valerie-philippin.com\/site\/wp-content\/uploads\/Valerie-FORMAT-RAISINS-20164-1.jpg\" \/>\n\t<meta property=\"og:image:width\" content=\"1024\" \/>\n\t<meta property=\"og:image:height\" content=\"532\" \/>\n\t<meta property=\"og:image:type\" content=\"image\/jpeg\" \/>\n<meta name=\"author\" content=\"Val\u00e9rie Philippin\" \/>\n<meta name=\"twitter:card\" content=\"summary_large_image\" \/>\n<meta name=\"twitter:label1\" content=\"\u00c9crit par\" \/>\n\t<meta name=\"twitter:data1\" content=\"Val\u00e9rie Philippin\" \/>\n\t<meta name=\"twitter:label2\" content=\"Dur\u00e9e de lecture estim\u00e9e\" \/>\n\t<meta name=\"twitter:data2\" content=\"2 minutes\" \/>\n<script type=\"application\/ld+json\" class=\"yoast-schema-graph\">{\"@context\":\"https:\\\/\\\/schema.org\",\"@graph\":[{\"@type\":\"Article\",\"@id\":\"https:\\\/\\\/www.valerie-philippin.com\\\/site\\\/recital-solo\\\/#article\",\"isPartOf\":{\"@id\":\"https:\\\/\\\/www.valerie-philippin.com\\\/site\\\/recital-solo\\\/\"},\"author\":{\"name\":\"Val\u00e9rie Philippin\",\"@id\":\"https:\\\/\\\/www.valerie-philippin.com\\\/site\\\/#\\\/schema\\\/person\\\/b4b89fdb961cd2821524f194ed6980db\"},\"headline\":\"R\u00c9CITAL SOLO\",\"datePublished\":\"2024-09-01T23:21:20+00:00\",\"dateModified\":\"2025-01-04T13:08:02+00:00\",\"mainEntityOfPage\":{\"@id\":\"https:\\\/\\\/www.valerie-philippin.com\\\/site\\\/recital-solo\\\/\"},\"wordCount\":131,\"publisher\":{\"@id\":\"https:\\\/\\\/www.valerie-philippin.com\\\/site\\\/#organization\"},\"image\":{\"@id\":\"https:\\\/\\\/www.valerie-philippin.com\\\/site\\\/recital-solo\\\/#primaryimage\"},\"thumbnailUrl\":\"https:\\\/\\\/www.valerie-philippin.com\\\/site\\\/wp-content\\\/uploads\\\/Valerie-FORMAT-RAISINS-20164-1.jpg\",\"articleSection\":[\"FabLab \\\/ Spectacles\",\"En diffusion\"],\"inLanguage\":\"fr-FR\"},{\"@type\":\"WebPage\",\"@id\":\"https:\\\/\\\/www.valerie-philippin.com\\\/site\\\/recital-solo\\\/\",\"url\":\"https:\\\/\\\/www.valerie-philippin.com\\\/site\\\/recital-solo\\\/\",\"name\":\"R\u00c9CITAL SOLO &#8226; Val\u00e9rie Philippin \\\/ Cie Territoires de la voix\",\"isPartOf\":{\"@id\":\"https:\\\/\\\/www.valerie-philippin.com\\\/site\\\/#website\"},\"primaryImageOfPage\":{\"@id\":\"https:\\\/\\\/www.valerie-philippin.com\\\/site\\\/recital-solo\\\/#primaryimage\"},\"image\":{\"@id\":\"https:\\\/\\\/www.valerie-philippin.com\\\/site\\\/recital-solo\\\/#primaryimage\"},\"thumbnailUrl\":\"https:\\\/\\\/www.valerie-philippin.com\\\/site\\\/wp-content\\\/uploads\\\/Valerie-FORMAT-RAISINS-20164-1.jpg\",\"datePublished\":\"2024-09-01T23:21:20+00:00\",\"dateModified\":\"2025-01-04T13:08:02+00:00\",\"breadcrumb\":{\"@id\":\"https:\\\/\\\/www.valerie-philippin.com\\\/site\\\/recital-solo\\\/#breadcrumb\"},\"inLanguage\":\"fr-FR\",\"potentialAction\":[{\"@type\":\"ReadAction\",\"target\":[\"https:\\\/\\\/www.valerie-philippin.com\\\/site\\\/recital-solo\\\/\"]}]},{\"@type\":\"ImageObject\",\"inLanguage\":\"fr-FR\",\"@id\":\"https:\\\/\\\/www.valerie-philippin.com\\\/site\\\/recital-solo\\\/#primaryimage\",\"url\":\"https:\\\/\\\/www.valerie-philippin.com\\\/site\\\/wp-content\\\/uploads\\\/Valerie-FORMAT-RAISINS-20164-1.jpg\",\"contentUrl\":\"https:\\\/\\\/www.valerie-philippin.com\\\/site\\\/wp-content\\\/uploads\\\/Valerie-FORMAT-RAISINS-20164-1.jpg\",\"width\":1024,\"height\":532},{\"@type\":\"BreadcrumbList\",\"@id\":\"https:\\\/\\\/www.valerie-philippin.com\\\/site\\\/recital-solo\\\/#breadcrumb\",\"itemListElement\":[{\"@type\":\"ListItem\",\"position\":1,\"name\":\"Accueil\",\"item\":\"https:\\\/\\\/www.valerie-philippin.com\\\/site\\\/\"},{\"@type\":\"ListItem\",\"position\":2,\"name\":\"R\u00c9CITAL SOLO\"}]},{\"@type\":\"WebSite\",\"@id\":\"https:\\\/\\\/www.valerie-philippin.com\\\/site\\\/#website\",\"url\":\"https:\\\/\\\/www.valerie-philippin.com\\\/site\\\/\",\"name\":\"Val\u00e9rie Philippin \\\/ Cie Territoires de la voix\",\"description\":\"FaBLab de cr\u00e9ation vocale contemporaine\",\"publisher\":{\"@id\":\"https:\\\/\\\/www.valerie-philippin.com\\\/site\\\/#organization\"},\"potentialAction\":[{\"@type\":\"SearchAction\",\"target\":{\"@type\":\"EntryPoint\",\"urlTemplate\":\"https:\\\/\\\/www.valerie-philippin.com\\\/site\\\/?s={search_term_string}\"},\"query-input\":{\"@type\":\"PropertyValueSpecification\",\"valueRequired\":true,\"valueName\":\"search_term_string\"}}],\"inLanguage\":\"fr-FR\"},{\"@type\":\"Organization\",\"@id\":\"https:\\\/\\\/www.valerie-philippin.com\\\/site\\\/#organization\",\"name\":\"Territoires de la voix\",\"url\":\"https:\\\/\\\/www.valerie-philippin.com\\\/site\\\/\",\"logo\":{\"@type\":\"ImageObject\",\"inLanguage\":\"fr-FR\",\"@id\":\"https:\\\/\\\/www.valerie-philippin.com\\\/site\\\/#\\\/schema\\\/logo\\\/image\\\/\",\"url\":\"http:\\\/\\\/www.valerie-philippin.com\\\/site\\\/wp-content\\\/uploads\\\/2020\\\/06\\\/logoterritoiresdelavoix.png\",\"contentUrl\":\"http:\\\/\\\/www.valerie-philippin.com\\\/site\\\/wp-content\\\/uploads\\\/2020\\\/06\\\/logoterritoiresdelavoix.png\",\"width\":500,\"height\":537,\"caption\":\"Territoires de la voix\"},\"image\":{\"@id\":\"https:\\\/\\\/www.valerie-philippin.com\\\/site\\\/#\\\/schema\\\/logo\\\/image\\\/\"}},{\"@type\":\"Person\",\"@id\":\"https:\\\/\\\/www.valerie-philippin.com\\\/site\\\/#\\\/schema\\\/person\\\/b4b89fdb961cd2821524f194ed6980db\",\"name\":\"Val\u00e9rie Philippin\",\"description\":\"Chanteuse, autrice, compositrice - Territoires de la Voix\",\"sameAs\":[\"http:\\\/\\\/www.valerie-philippin.com\"]}]}<\/script>\n<!-- \/ Yoast SEO plugin. -->","yoast_head_json":{"title":"R\u00c9CITAL SOLO &#8226; Val\u00e9rie Philippin \/ Cie Territoires de la voix","robots":{"index":"noindex","follow":"follow"},"og_locale":"fr_FR","og_type":"article","og_title":"R\u00c9CITAL SOLO &#8226; Val\u00e9rie Philippin \/ Cie Territoires de la voix","og_description":"R\u00e9pertoire contemporain pour voix seule Val\u00e9rie Philippin Depuis 2005","og_url":"https:\/\/www.valerie-philippin.com\/site\/recital-solo\/","og_site_name":"Val\u00e9rie Philippin \/ Cie Territoires de la voix","article_published_time":"2024-09-01T23:21:20+00:00","article_modified_time":"2025-01-04T13:08:02+00:00","og_image":[{"width":1024,"height":532,"url":"http:\/\/www.valerie-philippin.com\/site\/wp-content\/uploads\/Valerie-FORMAT-RAISINS-20164-1.jpg","type":"image\/jpeg"}],"author":"Val\u00e9rie Philippin","twitter_card":"summary_large_image","twitter_misc":{"\u00c9crit par":"Val\u00e9rie Philippin","Dur\u00e9e de lecture estim\u00e9e":"2 minutes"},"schema":{"@context":"https:\/\/schema.org","@graph":[{"@type":"Article","@id":"https:\/\/www.valerie-philippin.com\/site\/recital-solo\/#article","isPartOf":{"@id":"https:\/\/www.valerie-philippin.com\/site\/recital-solo\/"},"author":{"name":"Val\u00e9rie Philippin","@id":"https:\/\/www.valerie-philippin.com\/site\/#\/schema\/person\/b4b89fdb961cd2821524f194ed6980db"},"headline":"R\u00c9CITAL SOLO","datePublished":"2024-09-01T23:21:20+00:00","dateModified":"2025-01-04T13:08:02+00:00","mainEntityOfPage":{"@id":"https:\/\/www.valerie-philippin.com\/site\/recital-solo\/"},"wordCount":131,"publisher":{"@id":"https:\/\/www.valerie-philippin.com\/site\/#organization"},"image":{"@id":"https:\/\/www.valerie-philippin.com\/site\/recital-solo\/#primaryimage"},"thumbnailUrl":"https:\/\/www.valerie-philippin.com\/site\/wp-content\/uploads\/Valerie-FORMAT-RAISINS-20164-1.jpg","articleSection":["FabLab \/ Spectacles","En diffusion"],"inLanguage":"fr-FR"},{"@type":"WebPage","@id":"https:\/\/www.valerie-philippin.com\/site\/recital-solo\/","url":"https:\/\/www.valerie-philippin.com\/site\/recital-solo\/","name":"R\u00c9CITAL SOLO &#8226; Val\u00e9rie Philippin \/ Cie Territoires de la voix","isPartOf":{"@id":"https:\/\/www.valerie-philippin.com\/site\/#website"},"primaryImageOfPage":{"@id":"https:\/\/www.valerie-philippin.com\/site\/recital-solo\/#primaryimage"},"image":{"@id":"https:\/\/www.valerie-philippin.com\/site\/recital-solo\/#primaryimage"},"thumbnailUrl":"https:\/\/www.valerie-philippin.com\/site\/wp-content\/uploads\/Valerie-FORMAT-RAISINS-20164-1.jpg","datePublished":"2024-09-01T23:21:20+00:00","dateModified":"2025-01-04T13:08:02+00:00","breadcrumb":{"@id":"https:\/\/www.valerie-philippin.com\/site\/recital-solo\/#breadcrumb"},"inLanguage":"fr-FR","potentialAction":[{"@type":"ReadAction","target":["https:\/\/www.valerie-philippin.com\/site\/recital-solo\/"]}]},{"@type":"ImageObject","inLanguage":"fr-FR","@id":"https:\/\/www.valerie-philippin.com\/site\/recital-solo\/#primaryimage","url":"https:\/\/www.valerie-philippin.com\/site\/wp-content\/uploads\/Valerie-FORMAT-RAISINS-20164-1.jpg","contentUrl":"https:\/\/www.valerie-philippin.com\/site\/wp-content\/uploads\/Valerie-FORMAT-RAISINS-20164-1.jpg","width":1024,"height":532},{"@type":"BreadcrumbList","@id":"https:\/\/www.valerie-philippin.com\/site\/recital-solo\/#breadcrumb","itemListElement":[{"@type":"ListItem","position":1,"name":"Accueil","item":"https:\/\/www.valerie-philippin.com\/site\/"},{"@type":"ListItem","position":2,"name":"R\u00c9CITAL SOLO"}]},{"@type":"WebSite","@id":"https:\/\/www.valerie-philippin.com\/site\/#website","url":"https:\/\/www.valerie-philippin.com\/site\/","name":"Val\u00e9rie Philippin \/ Cie Territoires de la voix","description":"FaBLab de cr\u00e9ation vocale contemporaine","publisher":{"@id":"https:\/\/www.valerie-philippin.com\/site\/#organization"},"potentialAction":[{"@type":"SearchAction","target":{"@type":"EntryPoint","urlTemplate":"https:\/\/www.valerie-philippin.com\/site\/?s={search_term_string}"},"query-input":{"@type":"PropertyValueSpecification","valueRequired":true,"valueName":"search_term_string"}}],"inLanguage":"fr-FR"},{"@type":"Organization","@id":"https:\/\/www.valerie-philippin.com\/site\/#organization","name":"Territoires de la voix","url":"https:\/\/www.valerie-philippin.com\/site\/","logo":{"@type":"ImageObject","inLanguage":"fr-FR","@id":"https:\/\/www.valerie-philippin.com\/site\/#\/schema\/logo\/image\/","url":"http:\/\/www.valerie-philippin.com\/site\/wp-content\/uploads\/2020\/06\/logoterritoiresdelavoix.png","contentUrl":"http:\/\/www.valerie-philippin.com\/site\/wp-content\/uploads\/2020\/06\/logoterritoiresdelavoix.png","width":500,"height":537,"caption":"Territoires de la voix"},"image":{"@id":"https:\/\/www.valerie-philippin.com\/site\/#\/schema\/logo\/image\/"}},{"@type":"Person","@id":"https:\/\/www.valerie-philippin.com\/site\/#\/schema\/person\/b4b89fdb961cd2821524f194ed6980db","name":"Val\u00e9rie Philippin","description":"Chanteuse, autrice, compositrice - Territoires de la Voix","sameAs":["http:\/\/www.valerie-philippin.com"]}]}},"_links":{"self":[{"href":"https:\/\/www.valerie-philippin.com\/site\/wp-json\/wp\/v2\/posts\/5311","targetHints":{"allow":["GET"]}}],"collection":[{"href":"https:\/\/www.valerie-philippin.com\/site\/wp-json\/wp\/v2\/posts"}],"about":[{"href":"https:\/\/www.valerie-philippin.com\/site\/wp-json\/wp\/v2\/types\/post"}],"author":[{"embeddable":true,"href":"https:\/\/www.valerie-philippin.com\/site\/wp-json\/wp\/v2\/users\/2"}],"replies":[{"embeddable":true,"href":"https:\/\/www.valerie-philippin.com\/site\/wp-json\/wp\/v2\/comments?post=5311"}],"version-history":[{"count":14,"href":"https:\/\/www.valerie-philippin.com\/site\/wp-json\/wp\/v2\/posts\/5311\/revisions"}],"predecessor-version":[{"id":5870,"href":"https:\/\/www.valerie-philippin.com\/site\/wp-json\/wp\/v2\/posts\/5311\/revisions\/5870"}],"wp:featuredmedia":[{"embeddable":true,"href":"https:\/\/www.valerie-philippin.com\/site\/wp-json\/wp\/v2\/media\/5315"}],"wp:attachment":[{"href":"https:\/\/www.valerie-philippin.com\/site\/wp-json\/wp\/v2\/media?parent=5311"}],"wp:term":[{"taxonomy":"category","embeddable":true,"href":"https:\/\/www.valerie-philippin.com\/site\/wp-json\/wp\/v2\/categories?post=5311"},{"taxonomy":"post_tag","embeddable":true,"href":"https:\/\/www.valerie-philippin.com\/site\/wp-json\/wp\/v2\/tags?post=5311"}],"curies":[{"name":"wp","href":"https:\/\/api.w.org\/{rel}","templated":true}]}}