{"id":4873,"date":"2024-02-08T14:45:30","date_gmt":"2024-02-08T13:45:30","guid":{"rendered":"https:\/\/www.valerie-philippin.com\/site\/?p=4873"},"modified":"2025-01-03T16:46:04","modified_gmt":"2025-01-03T15:46:04","slug":"delices-phonetiques","status":"publish","type":"post","link":"https:\/\/www.valerie-philippin.com\/site\/delices-phonetiques\/","title":{"rendered":"D\u00c9LICES PHON\u00c9TIQUES"},"content":{"rendered":"\n<div class=\"wp-block-columns is-layout-flex wp-container-core-columns-is-layout-9d6595d7 wp-block-columns-is-layout-flex\">\n<div class=\"wp-block-column is-layout-flow wp-block-column-is-layout-flow\">\n<p><strong><em>\u00c0 propos<\/em><\/strong><br>Val\u00e9rie Philippin compose pour et avec les enfants de CE2 de l&rsquo;\u00e9cole  Gambetta de B\u00e8gles, en complicit\u00e9 avec l&rsquo;enseignante Ana\u00efs Criquet, \u00e9galement chanteuse. Restitution publique au th\u00e9\u00e2tre en Miettes de B\u00e8gles. La compositrice et l&rsquo;enseignante m\u00ealeront leurs voix \u00e0 celles de enfants.<br><br><strong><em>Argument<\/em><\/strong><br>Dans un laboratoire secret, une \u00e9quipe de savants explorent la phon\u00e9tique et d\u00e9cortiquent la parole pour d\u00e9couvrir et faire entendre la musique qui s\u2019y cache. Lors d\u2019un grand colloque international, le 17 mai 2024, ils restitueront  les r\u00e9sultats de leurs recherches \u00e0 un public de sp\u00e9cialistes, d\u00e9montrant que la parole EST musique. <\/p>\n\n\n\n<p><strong><em>Financement<\/em><\/strong><br>Fabriques \u00e0 Musique de la Sacem, partenariat avec le Th\u00e9\u00e2tre en Miettes de B\u00e8gles<\/p>\n\n\n\n<p><strong><em>Repr\u00e9sentation publique<\/em><\/strong><br><strong>17 mai 2024<\/strong> au Th\u00e9\u00e2tre en Miettes<\/p>\n<\/div>\n\n\n\n<div class=\"wp-block-column is-layout-flow wp-block-column-is-layout-flow\">\n<p><\/p>\n\n\n\n<figure class=\"wp-block-image size-full is-style-default\"><img loading=\"lazy\" decoding=\"async\" width=\"795\" height=\"542\" src=\"http:\/\/www.valerie-philippin.com\/site\/wp-content\/uploads\/delices-capture-decran-2.png\" alt=\"\" class=\"wp-image-4881\" srcset=\"https:\/\/www.valerie-philippin.com\/site\/wp-content\/uploads\/delices-capture-decran-2.png 795w, https:\/\/www.valerie-philippin.com\/site\/wp-content\/uploads\/delices-capture-decran-2-500x341.png 500w, https:\/\/www.valerie-philippin.com\/site\/wp-content\/uploads\/delices-capture-decran-2-768x524.png 768w\" sizes=\"auto, (max-width: 795px) 100vw, 795px\" \/><\/figure>\n\n\n\n<figure class=\"wp-block-image size-full is-style-default\"><img loading=\"lazy\" decoding=\"async\" width=\"551\" height=\"594\" src=\"http:\/\/www.valerie-philippin.com\/site\/wp-content\/uploads\/delices-capture-decran-1.png\" alt=\"\" class=\"wp-image-4882\" srcset=\"https:\/\/www.valerie-philippin.com\/site\/wp-content\/uploads\/delices-capture-decran-1.png 551w, https:\/\/www.valerie-philippin.com\/site\/wp-content\/uploads\/delices-capture-decran-1-464x500.png 464w\" sizes=\"auto, (max-width: 551px) 100vw, 551px\" \/><\/figure>\n<\/div>\n\n\n\n<div class=\"wp-block-column is-layout-flow wp-block-column-is-layout-flow\">\n<figure class=\"wp-block-image size-full is-style-default\"><img loading=\"lazy\" decoding=\"async\" width=\"751\" height=\"612\" src=\"http:\/\/www.valerie-philippin.com\/site\/wp-content\/uploads\/alphabet-Delices-phonetiques-esquisse-copie-pdf.jpg\" alt=\"\" class=\"wp-image-4886\"\/><\/figure>\n\n\n\n<figure class=\"wp-block-image size-large is-style-default\"><img loading=\"lazy\" decoding=\"async\" width=\"1024\" height=\"461\" src=\"http:\/\/www.valerie-philippin.com\/site\/wp-content\/uploads\/Delices-Phonetiques-lettres-1024x461.jpg\" alt=\"\" class=\"wp-image-5852\" srcset=\"https:\/\/www.valerie-philippin.com\/site\/wp-content\/uploads\/Delices-Phonetiques-lettres-1024x461.jpg 1024w, https:\/\/www.valerie-philippin.com\/site\/wp-content\/uploads\/Delices-Phonetiques-lettres-500x225.jpg 500w, https:\/\/www.valerie-philippin.com\/site\/wp-content\/uploads\/Delices-Phonetiques-lettres-768x346.jpg 768w, https:\/\/www.valerie-philippin.com\/site\/wp-content\/uploads\/Delices-Phonetiques-lettres-1536x691.jpg 1536w, https:\/\/www.valerie-philippin.com\/site\/wp-content\/uploads\/Delices-Phonetiques-lettres-2048x922.jpg 2048w\" sizes=\"auto, (max-width: 1024px) 100vw, 1024px\" \/><\/figure>\n<\/div>\n<\/div>\n","protected":false},"excerpt":{"rendered":"<p>Th\u00e9\u00e2tre musical<br \/>\nVal\u00e9rie Philippin, composition et mise en sc\u00e8ne<br \/>\navec les enfants de l&rsquo;\u00e9cole Gambetta de B\u00e8gles<br \/>\nFabrique \u00e0 Musique de la Sacem<\/p>\n","protected":false},"author":2,"featured_media":4874,"comment_status":"closed","ping_status":"closed","sticky":false,"template":"","format":"standard","meta":{"footnotes":""},"categories":[6,9],"tags":[],"class_list":["post-4873","post","type-post","status-publish","format-standard","has-post-thumbnail","hentry","category-spectacles","category-inventaire-productions"],"yoast_head":"<!-- This site is optimized with the Yoast SEO plugin v27.5 - https:\/\/yoast.com\/product\/yoast-seo-wordpress\/ -->\n<title>D\u00c9LICES PHON\u00c9TIQUES &#8226; Val\u00e9rie Philippin \/ Cie Territoires de la voix<\/title>\n<meta name=\"robots\" content=\"noindex, follow\" \/>\n<meta property=\"og:locale\" content=\"fr_FR\" \/>\n<meta property=\"og:type\" content=\"article\" \/>\n<meta property=\"og:title\" content=\"D\u00c9LICES PHON\u00c9TIQUES &#8226; Val\u00e9rie Philippin \/ Cie Territoires de la voix\" \/>\n<meta property=\"og:description\" content=\"Th\u00e9\u00e2tre musical Val\u00e9rie Philippin, composition et mise en sc\u00e8ne avec les enfants de l&#039;\u00e9cole Gambetta de B\u00e8gles Fabrique \u00e0 Musique de la Sacem\" \/>\n<meta property=\"og:url\" content=\"https:\/\/www.valerie-philippin.com\/site\/delices-phonetiques\/\" \/>\n<meta property=\"og:site_name\" content=\"Val\u00e9rie Philippin \/ Cie Territoires de la voix\" \/>\n<meta property=\"article:published_time\" content=\"2024-02-08T13:45:30+00:00\" \/>\n<meta property=\"article:modified_time\" content=\"2025-01-03T15:46:04+00:00\" \/>\n<meta property=\"og:image\" content=\"http:\/\/www.valerie-philippin.com\/site\/wp-content\/uploads\/delices-capture-decran-5.png\" \/>\n\t<meta property=\"og:image:width\" content=\"1380\" \/>\n\t<meta property=\"og:image:height\" content=\"671\" \/>\n\t<meta property=\"og:image:type\" content=\"image\/png\" \/>\n<meta name=\"author\" content=\"Val\u00e9rie Philippin\" \/>\n<meta name=\"twitter:card\" content=\"summary_large_image\" \/>\n<meta name=\"twitter:label1\" content=\"\u00c9crit par\" \/>\n\t<meta name=\"twitter:data1\" content=\"Val\u00e9rie Philippin\" \/>\n\t<meta name=\"twitter:label2\" content=\"Dur\u00e9e de lecture estim\u00e9e\" \/>\n\t<meta name=\"twitter:data2\" content=\"2 minutes\" \/>\n<script type=\"application\/ld+json\" class=\"yoast-schema-graph\">{\"@context\":\"https:\\\/\\\/schema.org\",\"@graph\":[{\"@type\":\"Article\",\"@id\":\"https:\\\/\\\/www.valerie-philippin.com\\\/site\\\/delices-phonetiques\\\/#article\",\"isPartOf\":{\"@id\":\"https:\\\/\\\/www.valerie-philippin.com\\\/site\\\/delices-phonetiques\\\/\"},\"author\":{\"name\":\"Val\u00e9rie Philippin\",\"@id\":\"https:\\\/\\\/www.valerie-philippin.com\\\/site\\\/#\\\/schema\\\/person\\\/b4b89fdb961cd2821524f194ed6980db\"},\"headline\":\"D\u00c9LICES PHON\u00c9TIQUES\",\"datePublished\":\"2024-02-08T13:45:30+00:00\",\"dateModified\":\"2025-01-03T15:46:04+00:00\",\"mainEntityOfPage\":{\"@id\":\"https:\\\/\\\/www.valerie-philippin.com\\\/site\\\/delices-phonetiques\\\/\"},\"wordCount\":138,\"publisher\":{\"@id\":\"https:\\\/\\\/www.valerie-philippin.com\\\/site\\\/#organization\"},\"image\":{\"@id\":\"https:\\\/\\\/www.valerie-philippin.com\\\/site\\\/delices-phonetiques\\\/#primaryimage\"},\"thumbnailUrl\":\"https:\\\/\\\/www.valerie-philippin.com\\\/site\\\/wp-content\\\/uploads\\\/delices-capture-decran-5.png\",\"articleSection\":[\"FabLab \\\/ Spectacles\",\"Inventaire\"],\"inLanguage\":\"fr-FR\"},{\"@type\":\"WebPage\",\"@id\":\"https:\\\/\\\/www.valerie-philippin.com\\\/site\\\/delices-phonetiques\\\/\",\"url\":\"https:\\\/\\\/www.valerie-philippin.com\\\/site\\\/delices-phonetiques\\\/\",\"name\":\"D\u00c9LICES PHON\u00c9TIQUES &#8226; Val\u00e9rie Philippin \\\/ Cie Territoires de la voix\",\"isPartOf\":{\"@id\":\"https:\\\/\\\/www.valerie-philippin.com\\\/site\\\/#website\"},\"primaryImageOfPage\":{\"@id\":\"https:\\\/\\\/www.valerie-philippin.com\\\/site\\\/delices-phonetiques\\\/#primaryimage\"},\"image\":{\"@id\":\"https:\\\/\\\/www.valerie-philippin.com\\\/site\\\/delices-phonetiques\\\/#primaryimage\"},\"thumbnailUrl\":\"https:\\\/\\\/www.valerie-philippin.com\\\/site\\\/wp-content\\\/uploads\\\/delices-capture-decran-5.png\",\"datePublished\":\"2024-02-08T13:45:30+00:00\",\"dateModified\":\"2025-01-03T15:46:04+00:00\",\"breadcrumb\":{\"@id\":\"https:\\\/\\\/www.valerie-philippin.com\\\/site\\\/delices-phonetiques\\\/#breadcrumb\"},\"inLanguage\":\"fr-FR\",\"potentialAction\":[{\"@type\":\"ReadAction\",\"target\":[\"https:\\\/\\\/www.valerie-philippin.com\\\/site\\\/delices-phonetiques\\\/\"]}]},{\"@type\":\"ImageObject\",\"inLanguage\":\"fr-FR\",\"@id\":\"https:\\\/\\\/www.valerie-philippin.com\\\/site\\\/delices-phonetiques\\\/#primaryimage\",\"url\":\"https:\\\/\\\/www.valerie-philippin.com\\\/site\\\/wp-content\\\/uploads\\\/delices-capture-decran-5.png\",\"contentUrl\":\"https:\\\/\\\/www.valerie-philippin.com\\\/site\\\/wp-content\\\/uploads\\\/delices-capture-decran-5.png\",\"width\":1380,\"height\":671},{\"@type\":\"BreadcrumbList\",\"@id\":\"https:\\\/\\\/www.valerie-philippin.com\\\/site\\\/delices-phonetiques\\\/#breadcrumb\",\"itemListElement\":[{\"@type\":\"ListItem\",\"position\":1,\"name\":\"Accueil\",\"item\":\"https:\\\/\\\/www.valerie-philippin.com\\\/site\\\/\"},{\"@type\":\"ListItem\",\"position\":2,\"name\":\"D\u00c9LICES PHON\u00c9TIQUES\"}]},{\"@type\":\"WebSite\",\"@id\":\"https:\\\/\\\/www.valerie-philippin.com\\\/site\\\/#website\",\"url\":\"https:\\\/\\\/www.valerie-philippin.com\\\/site\\\/\",\"name\":\"Val\u00e9rie Philippin \\\/ Cie Territoires de la voix\",\"description\":\"FaBLab de cr\u00e9ation vocale contemporaine\",\"publisher\":{\"@id\":\"https:\\\/\\\/www.valerie-philippin.com\\\/site\\\/#organization\"},\"potentialAction\":[{\"@type\":\"SearchAction\",\"target\":{\"@type\":\"EntryPoint\",\"urlTemplate\":\"https:\\\/\\\/www.valerie-philippin.com\\\/site\\\/?s={search_term_string}\"},\"query-input\":{\"@type\":\"PropertyValueSpecification\",\"valueRequired\":true,\"valueName\":\"search_term_string\"}}],\"inLanguage\":\"fr-FR\"},{\"@type\":\"Organization\",\"@id\":\"https:\\\/\\\/www.valerie-philippin.com\\\/site\\\/#organization\",\"name\":\"Territoires de la voix\",\"url\":\"https:\\\/\\\/www.valerie-philippin.com\\\/site\\\/\",\"logo\":{\"@type\":\"ImageObject\",\"inLanguage\":\"fr-FR\",\"@id\":\"https:\\\/\\\/www.valerie-philippin.com\\\/site\\\/#\\\/schema\\\/logo\\\/image\\\/\",\"url\":\"http:\\\/\\\/www.valerie-philippin.com\\\/site\\\/wp-content\\\/uploads\\\/2020\\\/06\\\/logoterritoiresdelavoix.png\",\"contentUrl\":\"http:\\\/\\\/www.valerie-philippin.com\\\/site\\\/wp-content\\\/uploads\\\/2020\\\/06\\\/logoterritoiresdelavoix.png\",\"width\":500,\"height\":537,\"caption\":\"Territoires de la voix\"},\"image\":{\"@id\":\"https:\\\/\\\/www.valerie-philippin.com\\\/site\\\/#\\\/schema\\\/logo\\\/image\\\/\"}},{\"@type\":\"Person\",\"@id\":\"https:\\\/\\\/www.valerie-philippin.com\\\/site\\\/#\\\/schema\\\/person\\\/b4b89fdb961cd2821524f194ed6980db\",\"name\":\"Val\u00e9rie Philippin\",\"description\":\"Chanteuse, autrice, compositrice - Territoires de la Voix\",\"sameAs\":[\"http:\\\/\\\/www.valerie-philippin.com\"]}]}<\/script>\n<!-- \/ Yoast SEO plugin. -->","yoast_head_json":{"title":"D\u00c9LICES PHON\u00c9TIQUES &#8226; Val\u00e9rie Philippin \/ Cie Territoires de la voix","robots":{"index":"noindex","follow":"follow"},"og_locale":"fr_FR","og_type":"article","og_title":"D\u00c9LICES PHON\u00c9TIQUES &#8226; Val\u00e9rie Philippin \/ Cie Territoires de la voix","og_description":"Th\u00e9\u00e2tre musical Val\u00e9rie Philippin, composition et mise en sc\u00e8ne avec les enfants de l'\u00e9cole Gambetta de B\u00e8gles Fabrique \u00e0 Musique de la Sacem","og_url":"https:\/\/www.valerie-philippin.com\/site\/delices-phonetiques\/","og_site_name":"Val\u00e9rie Philippin \/ Cie Territoires de la voix","article_published_time":"2024-02-08T13:45:30+00:00","article_modified_time":"2025-01-03T15:46:04+00:00","og_image":[{"width":1380,"height":671,"url":"http:\/\/www.valerie-philippin.com\/site\/wp-content\/uploads\/delices-capture-decran-5.png","type":"image\/png"}],"author":"Val\u00e9rie Philippin","twitter_card":"summary_large_image","twitter_misc":{"\u00c9crit par":"Val\u00e9rie Philippin","Dur\u00e9e de lecture estim\u00e9e":"2 minutes"},"schema":{"@context":"https:\/\/schema.org","@graph":[{"@type":"Article","@id":"https:\/\/www.valerie-philippin.com\/site\/delices-phonetiques\/#article","isPartOf":{"@id":"https:\/\/www.valerie-philippin.com\/site\/delices-phonetiques\/"},"author":{"name":"Val\u00e9rie Philippin","@id":"https:\/\/www.valerie-philippin.com\/site\/#\/schema\/person\/b4b89fdb961cd2821524f194ed6980db"},"headline":"D\u00c9LICES PHON\u00c9TIQUES","datePublished":"2024-02-08T13:45:30+00:00","dateModified":"2025-01-03T15:46:04+00:00","mainEntityOfPage":{"@id":"https:\/\/www.valerie-philippin.com\/site\/delices-phonetiques\/"},"wordCount":138,"publisher":{"@id":"https:\/\/www.valerie-philippin.com\/site\/#organization"},"image":{"@id":"https:\/\/www.valerie-philippin.com\/site\/delices-phonetiques\/#primaryimage"},"thumbnailUrl":"https:\/\/www.valerie-philippin.com\/site\/wp-content\/uploads\/delices-capture-decran-5.png","articleSection":["FabLab \/ Spectacles","Inventaire"],"inLanguage":"fr-FR"},{"@type":"WebPage","@id":"https:\/\/www.valerie-philippin.com\/site\/delices-phonetiques\/","url":"https:\/\/www.valerie-philippin.com\/site\/delices-phonetiques\/","name":"D\u00c9LICES PHON\u00c9TIQUES &#8226; Val\u00e9rie Philippin \/ Cie Territoires de la voix","isPartOf":{"@id":"https:\/\/www.valerie-philippin.com\/site\/#website"},"primaryImageOfPage":{"@id":"https:\/\/www.valerie-philippin.com\/site\/delices-phonetiques\/#primaryimage"},"image":{"@id":"https:\/\/www.valerie-philippin.com\/site\/delices-phonetiques\/#primaryimage"},"thumbnailUrl":"https:\/\/www.valerie-philippin.com\/site\/wp-content\/uploads\/delices-capture-decran-5.png","datePublished":"2024-02-08T13:45:30+00:00","dateModified":"2025-01-03T15:46:04+00:00","breadcrumb":{"@id":"https:\/\/www.valerie-philippin.com\/site\/delices-phonetiques\/#breadcrumb"},"inLanguage":"fr-FR","potentialAction":[{"@type":"ReadAction","target":["https:\/\/www.valerie-philippin.com\/site\/delices-phonetiques\/"]}]},{"@type":"ImageObject","inLanguage":"fr-FR","@id":"https:\/\/www.valerie-philippin.com\/site\/delices-phonetiques\/#primaryimage","url":"https:\/\/www.valerie-philippin.com\/site\/wp-content\/uploads\/delices-capture-decran-5.png","contentUrl":"https:\/\/www.valerie-philippin.com\/site\/wp-content\/uploads\/delices-capture-decran-5.png","width":1380,"height":671},{"@type":"BreadcrumbList","@id":"https:\/\/www.valerie-philippin.com\/site\/delices-phonetiques\/#breadcrumb","itemListElement":[{"@type":"ListItem","position":1,"name":"Accueil","item":"https:\/\/www.valerie-philippin.com\/site\/"},{"@type":"ListItem","position":2,"name":"D\u00c9LICES PHON\u00c9TIQUES"}]},{"@type":"WebSite","@id":"https:\/\/www.valerie-philippin.com\/site\/#website","url":"https:\/\/www.valerie-philippin.com\/site\/","name":"Val\u00e9rie Philippin \/ Cie Territoires de la voix","description":"FaBLab de cr\u00e9ation vocale contemporaine","publisher":{"@id":"https:\/\/www.valerie-philippin.com\/site\/#organization"},"potentialAction":[{"@type":"SearchAction","target":{"@type":"EntryPoint","urlTemplate":"https:\/\/www.valerie-philippin.com\/site\/?s={search_term_string}"},"query-input":{"@type":"PropertyValueSpecification","valueRequired":true,"valueName":"search_term_string"}}],"inLanguage":"fr-FR"},{"@type":"Organization","@id":"https:\/\/www.valerie-philippin.com\/site\/#organization","name":"Territoires de la voix","url":"https:\/\/www.valerie-philippin.com\/site\/","logo":{"@type":"ImageObject","inLanguage":"fr-FR","@id":"https:\/\/www.valerie-philippin.com\/site\/#\/schema\/logo\/image\/","url":"http:\/\/www.valerie-philippin.com\/site\/wp-content\/uploads\/2020\/06\/logoterritoiresdelavoix.png","contentUrl":"http:\/\/www.valerie-philippin.com\/site\/wp-content\/uploads\/2020\/06\/logoterritoiresdelavoix.png","width":500,"height":537,"caption":"Territoires de la voix"},"image":{"@id":"https:\/\/www.valerie-philippin.com\/site\/#\/schema\/logo\/image\/"}},{"@type":"Person","@id":"https:\/\/www.valerie-philippin.com\/site\/#\/schema\/person\/b4b89fdb961cd2821524f194ed6980db","name":"Val\u00e9rie Philippin","description":"Chanteuse, autrice, compositrice - Territoires de la Voix","sameAs":["http:\/\/www.valerie-philippin.com"]}]}},"_links":{"self":[{"href":"https:\/\/www.valerie-philippin.com\/site\/wp-json\/wp\/v2\/posts\/4873","targetHints":{"allow":["GET"]}}],"collection":[{"href":"https:\/\/www.valerie-philippin.com\/site\/wp-json\/wp\/v2\/posts"}],"about":[{"href":"https:\/\/www.valerie-philippin.com\/site\/wp-json\/wp\/v2\/types\/post"}],"author":[{"embeddable":true,"href":"https:\/\/www.valerie-philippin.com\/site\/wp-json\/wp\/v2\/users\/2"}],"replies":[{"embeddable":true,"href":"https:\/\/www.valerie-philippin.com\/site\/wp-json\/wp\/v2\/comments?post=4873"}],"version-history":[{"count":10,"href":"https:\/\/www.valerie-philippin.com\/site\/wp-json\/wp\/v2\/posts\/4873\/revisions"}],"predecessor-version":[{"id":5853,"href":"https:\/\/www.valerie-philippin.com\/site\/wp-json\/wp\/v2\/posts\/4873\/revisions\/5853"}],"wp:featuredmedia":[{"embeddable":true,"href":"https:\/\/www.valerie-philippin.com\/site\/wp-json\/wp\/v2\/media\/4874"}],"wp:attachment":[{"href":"https:\/\/www.valerie-philippin.com\/site\/wp-json\/wp\/v2\/media?parent=4873"}],"wp:term":[{"taxonomy":"category","embeddable":true,"href":"https:\/\/www.valerie-philippin.com\/site\/wp-json\/wp\/v2\/categories?post=4873"},{"taxonomy":"post_tag","embeddable":true,"href":"https:\/\/www.valerie-philippin.com\/site\/wp-json\/wp\/v2\/tags?post=4873"}],"curies":[{"name":"wp","href":"https:\/\/api.w.org\/{rel}","templated":true}]}}