{"id":4683,"date":"2024-02-07T18:00:48","date_gmt":"2024-02-07T17:00:48","guid":{"rendered":"https:\/\/www.valerie-philippin.com\/site\/?p=4683"},"modified":"2025-01-04T14:51:16","modified_gmt":"2025-01-04T13:51:16","slug":"montrez-la-voix-festival","status":"publish","type":"post","link":"https:\/\/www.valerie-philippin.com\/site\/montrez-la-voix-festival\/","title":{"rendered":"Montrez La voix &#8211; festival"},"content":{"rendered":"\n<div class=\"wp-block-columns is-layout-flex wp-container-core-columns-is-layout-9d6595d7 wp-block-columns-is-layout-flex\">\n<div class=\"wp-block-column is-layout-flow wp-block-column-is-layout-flow\">\n<p><strong><em>\u00c0 propos<\/em><\/strong><br>Sous la direction artistique de Val\u00e9rie Philippin et en complicit\u00e9 avec le Garage Moderne, le festival <strong><em>Montrez La Voix !<\/em><\/strong> a connu deux \u00e9ditions, en juin 2023 et 2024.<br>Une invitation au partage et \u00e0 d\u00e9gustation sonore musicale et po\u00e9tique, avec concerts et lectures, voix lyriques et chants traditionnels, sc\u00e8ne ouverte pour les jeunes voix, ateliers pour enfants et adultes.<\/p>\n\n\n\n<p><strong><em>La 2e \u00e9dition<\/em><\/strong><br>8 et 9 juin 2024<\/p>\n\n\n\n<p><em><strong>O\u00f9 ?<\/strong><\/em><br>Le Garage Moderne, rue des \u00e9trangers (2023) et \u00e0 la Cit\u00e9 Bleue (2024) &#8211; Bordeaux<\/p>\n\n\n\n<p><strong><em>Programme<\/em><\/strong> <em><strong>de la 2e \u00e9dition<\/strong><\/em><br><strong>Samedi 8 juin 2024<\/strong><br>14h00 <strong>Sieste musicale<\/strong> par Miren Cales, voix et Laurent Souli\u00e9, \u00e9lectronique<br>15h00<strong>Faux Plafond\u00a0<\/strong>lecture musiqu\u00e9e par Delphine Lafon, voix, et Bruno Laurent, contrebasse<br>16h00\u00a0<strong>Restitution d\u2019ateliers\u00a0<\/strong>avec le groupe Qui.Voix.L\u00e0 et\u00a0<strong>projection du film<\/strong>\u00a0r\u00e9alis\u00e9 avec les jeunes du DITEP\u00a0 d\u2019Eysines<br>17h <strong>Pause go\u00fbter<\/strong> \u00e0 la buvette du Garage<br>18h <strong>Donne-moi quelques mots<\/strong> solo po\u00e9tique et musical de Val\u00e9rie Philippin<br>18h45\u00a0<strong>Sc\u00e8ne ouverte aux\u00a0\u00e9l\u00e8ves du conservatoire de Bordeaux<\/strong>, Groupe Vocal Explorateur et Cours Travers\u00e9es<br>19h30 <strong>Restauration <\/strong>au food truck<br>21h <strong>SPAM\u00a0! <\/strong>duo Val\u00e9rie Philippin et Guillaume Flamen<br><br><strong>Dimanche 9 juin 2024<\/strong><br>14h <strong>Babel Bi Bo Bu<\/strong> concert pour les enfants avec Miren Cales, Agn\u00e8s Pel\u00e9 et Val\u00e9rie Philippin, suivi de la pr\u00e9sentation de l\u2019atelier <strong>Improvoisez\u00a0!<\/strong> men\u00e9 par Miren\u00a0Cales \u00e0 l\u2019\u00e9cole maternelle Henri IV-Pressens\u00e9 de Bordeaux, suivi de <strong>La Grande Ronde<\/strong> moment de chant collectif<br>15h30 <strong>Bach-Ground<\/strong>\u00a0 concert du collectif FLASH sur l&rsquo;univers de Bach<br>16h30 <strong>Pause go\u00fbter<\/strong> \u00e0 la buvette<br>17h30 <strong>Les voix dans la t\u00eate<\/strong> solo d\u2019Agn\u00e8s Pel\u00e9 \u00e0 \u00e9couter les yeux ferm\u00e9s<br>18h30 <strong>Atelier interg\u00e9n\u00e9rationnel d\u2019improvisation<\/strong><br>19h30 <strong>Restauration <\/strong>au food truck<br>21h <strong>Tout ce que vous avez toujours voulu savoir sur la musique vocale contemporaine sans jamais oser le demander<\/strong> concert du collectif FLASH<\/p>\n\n\n\n<p><strong><em>Partenaire<\/em><\/strong><br>Conservatoire de Bordeaux<br><br><strong><em>Soutiens<\/em><\/strong><br>R\u00e9gion Nouvelle-Aquitaine (\u00e9t\u00e9 culturel) ; d\u00e9partement de la Gironde, Ville de Bordeaux, Mairie de quartier Bordeaux-Maritime<\/p>\n<\/div>\n\n\n\n<div class=\"wp-block-column is-layout-flow wp-block-column-is-layout-flow\">\n<figure class=\"wp-block-image size-full is-resized is-style-default\"><img loading=\"lazy\" decoding=\"async\" width=\"595\" height=\"841\" src=\"http:\/\/www.valerie-philippin.com\/site\/wp-content\/uploads\/affiche-territoire-de-la-voix-VF1-2.jpg\" alt=\"\" class=\"wp-image-5878\" style=\"width:210px;height:auto\" srcset=\"https:\/\/www.valerie-philippin.com\/site\/wp-content\/uploads\/affiche-territoire-de-la-voix-VF1-2.jpg 595w, https:\/\/www.valerie-philippin.com\/site\/wp-content\/uploads\/affiche-territoire-de-la-voix-VF1-2-354x500.jpg 354w\" sizes=\"auto, (max-width: 595px) 100vw, 595px\" \/><figcaption class=\"wp-element-caption\">\u00e9dition 2023<\/figcaption><\/figure>\n\n\n\n<figure class=\"wp-block-image size-large is-resized is-style-default\"><img loading=\"lazy\" decoding=\"async\" width=\"724\" height=\"1024\" src=\"http:\/\/www.valerie-philippin.com\/site\/wp-content\/uploads\/FLYER-MONTREZ-LA-VOIX_version-web-1-1-pdf-724x1024.jpg\" alt=\"\" class=\"wp-image-5188\" style=\"width:213px;height:auto\"\/><figcaption class=\"wp-element-caption\">\u00e9dition 2024<\/figcaption><\/figure>\n<\/div>\n\n\n\n<div class=\"wp-block-column is-layout-flow wp-block-column-is-layout-flow\">\n<p><strong><em>LE FESTIVAL<\/em><\/strong> <strong><em>EN IMAGES<\/em><\/strong><\/p>\n\n\n\n<figure class=\"wp-block-image size-large is-resized is-style-default\"><img loading=\"lazy\" decoding=\"async\" width=\"1024\" height=\"683\" src=\"http:\/\/www.valerie-philippin.com\/site\/wp-content\/uploads\/Les-sentes-Philippin-Flamen-1-applaudissements-1-1024x683.jpg\" alt=\"\" class=\"wp-image-5875\" style=\"width:261px;height:auto\" srcset=\"https:\/\/www.valerie-philippin.com\/site\/wp-content\/uploads\/Les-sentes-Philippin-Flamen-1-applaudissements-1-1024x683.jpg 1024w, https:\/\/www.valerie-philippin.com\/site\/wp-content\/uploads\/Les-sentes-Philippin-Flamen-1-applaudissements-1-500x333.jpg 500w, https:\/\/www.valerie-philippin.com\/site\/wp-content\/uploads\/Les-sentes-Philippin-Flamen-1-applaudissements-1-768x512.jpg 768w, https:\/\/www.valerie-philippin.com\/site\/wp-content\/uploads\/Les-sentes-Philippin-Flamen-1-applaudissements-1-1536x1024.jpg 1536w, https:\/\/www.valerie-philippin.com\/site\/wp-content\/uploads\/Les-sentes-Philippin-Flamen-1-applaudissements-1-2048x1365.jpg 2048w\" sizes=\"auto, (max-width: 1024px) 100vw, 1024px\" \/><figcaption class=\"wp-element-caption\">D\u00e9jeuner en musique<\/figcaption><\/figure>\n\n\n\n<figure class=\"wp-block-image size-full is-style-default\"><img loading=\"lazy\" decoding=\"async\" width=\"320\" height=\"213\" src=\"https:\/\/www.valerie-philippin.com\/site\/wp-content\/uploads\/sieste-musicale.jpeg\" alt=\"\" class=\"wp-image-5447\"\/><figcaption class=\"wp-element-caption\">Sieste musicale par Miren Cales, voix et Laurent Souli\u00e9, \u00e9lectronique<\/figcaption><\/figure>\n\n\n\n<figure class=\"wp-block-image size-full is-style-default\"><img loading=\"lazy\" decoding=\"async\" width=\"320\" height=\"213\" src=\"https:\/\/www.valerie-philippin.com\/site\/wp-content\/uploads\/Solo-Val-donne-moi-quelques-mots.jpeg\" alt=\"\" class=\"wp-image-5448\"\/><figcaption class=\"wp-element-caption\">\u00ab\u00a0Donne-moi quelques mots\u00a0\u00bb, solo po\u00e9tique et musical, Val\u00e9rie Philippin<\/figcaption><\/figure>\n\n\n\n<figure class=\"wp-block-image size-large is-style-default\"><img loading=\"lazy\" decoding=\"async\" width=\"1024\" height=\"683\" src=\"http:\/\/www.valerie-philippin.com\/site\/wp-content\/uploads\/eleves-conservatire-de-Bordeaux-et-leurs-enseignants-1024x683.jpg\" alt=\"\" class=\"wp-image-5879\" srcset=\"https:\/\/www.valerie-philippin.com\/site\/wp-content\/uploads\/eleves-conservatire-de-Bordeaux-et-leurs-enseignants-1024x683.jpg 1024w, https:\/\/www.valerie-philippin.com\/site\/wp-content\/uploads\/eleves-conservatire-de-Bordeaux-et-leurs-enseignants-500x333.jpg 500w, https:\/\/www.valerie-philippin.com\/site\/wp-content\/uploads\/eleves-conservatire-de-Bordeaux-et-leurs-enseignants-768x512.jpg 768w, https:\/\/www.valerie-philippin.com\/site\/wp-content\/uploads\/eleves-conservatire-de-Bordeaux-et-leurs-enseignants-1536x1024.jpg 1536w, https:\/\/www.valerie-philippin.com\/site\/wp-content\/uploads\/eleves-conservatire-de-Bordeaux-et-leurs-enseignants-2048x1365.jpg 2048w\" sizes=\"auto, (max-width: 1024px) 100vw, 1024px\" \/><figcaption class=\"wp-element-caption\">les e\u0301le\u0300ves du CRR de Bordeaux et leurs enseignants<\/figcaption><\/figure>\n\n\n\n<figure class=\"wp-block-image size-large is-style-default\"><img loading=\"lazy\" decoding=\"async\" width=\"1024\" height=\"683\" src=\"http:\/\/www.valerie-philippin.com\/site\/wp-content\/uploads\/DSC_1177-1024x683.jpg\" alt=\"\" class=\"wp-image-5877\" srcset=\"https:\/\/www.valerie-philippin.com\/site\/wp-content\/uploads\/DSC_1177-1024x683.jpg 1024w, https:\/\/www.valerie-philippin.com\/site\/wp-content\/uploads\/DSC_1177-500x333.jpg 500w, https:\/\/www.valerie-philippin.com\/site\/wp-content\/uploads\/DSC_1177-768x512.jpg 768w, https:\/\/www.valerie-philippin.com\/site\/wp-content\/uploads\/DSC_1177-1536x1024.jpg 1536w, https:\/\/www.valerie-philippin.com\/site\/wp-content\/uploads\/DSC_1177-2048x1365.jpg 2048w\" sizes=\"auto, (max-width: 1024px) 100vw, 1024px\" \/><figcaption class=\"wp-element-caption\">Le groupe Timo Phe\u00efevna<\/figcaption><\/figure>\n\n\n\n<figure class=\"wp-block-image size-large is-style-default\"><img loading=\"lazy\" decoding=\"async\" width=\"1024\" height=\"683\" src=\"http:\/\/www.valerie-philippin.com\/site\/wp-content\/uploads\/Timo-6-1024x683.jpg\" alt=\"\" class=\"wp-image-5876\" srcset=\"https:\/\/www.valerie-philippin.com\/site\/wp-content\/uploads\/Timo-6-1024x683.jpg 1024w, https:\/\/www.valerie-philippin.com\/site\/wp-content\/uploads\/Timo-6-500x333.jpg 500w, https:\/\/www.valerie-philippin.com\/site\/wp-content\/uploads\/Timo-6-768x512.jpg 768w, https:\/\/www.valerie-philippin.com\/site\/wp-content\/uploads\/Timo-6-1536x1024.jpg 1536w, https:\/\/www.valerie-philippin.com\/site\/wp-content\/uploads\/Timo-6-2048x1365.jpg 2048w\" sizes=\"auto, (max-width: 1024px) 100vw, 1024px\" \/><figcaption class=\"wp-element-caption\">final dans\u00e9<\/figcaption><\/figure>\n\n\n\n<p><\/p>\n<\/div>\n<\/div>\n\n\n\n<p><\/p>\n","protected":false},"excerpt":{"rendered":"<p>Collectif Flash<br \/>\nCr\u00e9ation vocale, concerts, ateliers pour toutes les voix, sc\u00e8ne ouverte jeunes talents<br \/>\n2e \u00e9dition juin 2024<\/p>\n","protected":false},"author":2,"featured_media":4688,"comment_status":"closed","ping_status":"closed","sticky":false,"template":"","format":"standard","meta":{"footnotes":""},"categories":[6,9],"tags":[],"class_list":["post-4683","post","type-post","status-publish","format-standard","has-post-thumbnail","hentry","category-spectacles","category-inventaire-productions"],"yoast_head":"<!-- This site is optimized with the Yoast SEO plugin v27.5 - https:\/\/yoast.com\/product\/yoast-seo-wordpress\/ -->\n<title>Montrez La voix - festival &#8226; Val\u00e9rie Philippin \/ Cie Territoires de la voix<\/title>\n<meta name=\"robots\" content=\"noindex, follow\" \/>\n<meta property=\"og:locale\" content=\"fr_FR\" \/>\n<meta property=\"og:type\" content=\"article\" \/>\n<meta property=\"og:title\" content=\"Montrez La voix - festival &#8226; Val\u00e9rie Philippin \/ Cie Territoires de la voix\" \/>\n<meta property=\"og:description\" content=\"Collectif Flash Cr\u00e9ation vocale, concerts, ateliers pour toutes les voix, sc\u00e8ne ouverte jeunes talents 2e \u00e9dition juin 2024\" \/>\n<meta property=\"og:url\" content=\"https:\/\/www.valerie-philippin.com\/site\/montrez-la-voix-festival\/\" \/>\n<meta property=\"og:site_name\" content=\"Val\u00e9rie Philippin \/ Cie Territoires de la voix\" \/>\n<meta property=\"article:published_time\" content=\"2024-02-07T17:00:48+00:00\" \/>\n<meta property=\"article:modified_time\" content=\"2025-01-04T13:51:16+00:00\" \/>\n<meta property=\"og:image\" content=\"http:\/\/www.valerie-philippin.com\/site\/wp-content\/uploads\/Timo-5.jpg\" \/>\n\t<meta property=\"og:image:width\" content=\"1024\" \/>\n\t<meta property=\"og:image:height\" content=\"544\" \/>\n\t<meta property=\"og:image:type\" content=\"image\/jpeg\" \/>\n<meta name=\"author\" content=\"Val\u00e9rie Philippin\" \/>\n<meta name=\"twitter:card\" content=\"summary_large_image\" \/>\n<meta name=\"twitter:label1\" content=\"\u00c9crit par\" \/>\n\t<meta name=\"twitter:data1\" content=\"Val\u00e9rie Philippin\" \/>\n\t<meta name=\"twitter:label2\" content=\"Dur\u00e9e de lecture estim\u00e9e\" \/>\n\t<meta name=\"twitter:data2\" content=\"4 minutes\" \/>\n<script type=\"application\/ld+json\" class=\"yoast-schema-graph\">{\"@context\":\"https:\\\/\\\/schema.org\",\"@graph\":[{\"@type\":\"Article\",\"@id\":\"https:\\\/\\\/www.valerie-philippin.com\\\/site\\\/montrez-la-voix-festival\\\/#article\",\"isPartOf\":{\"@id\":\"https:\\\/\\\/www.valerie-philippin.com\\\/site\\\/montrez-la-voix-festival\\\/\"},\"author\":{\"name\":\"Val\u00e9rie Philippin\",\"@id\":\"https:\\\/\\\/www.valerie-philippin.com\\\/site\\\/#\\\/schema\\\/person\\\/b4b89fdb961cd2821524f194ed6980db\"},\"headline\":\"Montrez La voix &#8211; festival\",\"datePublished\":\"2024-02-07T17:00:48+00:00\",\"dateModified\":\"2025-01-04T13:51:16+00:00\",\"mainEntityOfPage\":{\"@id\":\"https:\\\/\\\/www.valerie-philippin.com\\\/site\\\/montrez-la-voix-festival\\\/\"},\"wordCount\":382,\"publisher\":{\"@id\":\"https:\\\/\\\/www.valerie-philippin.com\\\/site\\\/#organization\"},\"image\":{\"@id\":\"https:\\\/\\\/www.valerie-philippin.com\\\/site\\\/montrez-la-voix-festival\\\/#primaryimage\"},\"thumbnailUrl\":\"https:\\\/\\\/www.valerie-philippin.com\\\/site\\\/wp-content\\\/uploads\\\/Timo-5.jpg\",\"articleSection\":[\"FabLab \\\/ Spectacles\",\"Inventaire\"],\"inLanguage\":\"fr-FR\"},{\"@type\":\"WebPage\",\"@id\":\"https:\\\/\\\/www.valerie-philippin.com\\\/site\\\/montrez-la-voix-festival\\\/\",\"url\":\"https:\\\/\\\/www.valerie-philippin.com\\\/site\\\/montrez-la-voix-festival\\\/\",\"name\":\"Montrez La voix - festival &#8226; Val\u00e9rie Philippin \\\/ Cie Territoires de la voix\",\"isPartOf\":{\"@id\":\"https:\\\/\\\/www.valerie-philippin.com\\\/site\\\/#website\"},\"primaryImageOfPage\":{\"@id\":\"https:\\\/\\\/www.valerie-philippin.com\\\/site\\\/montrez-la-voix-festival\\\/#primaryimage\"},\"image\":{\"@id\":\"https:\\\/\\\/www.valerie-philippin.com\\\/site\\\/montrez-la-voix-festival\\\/#primaryimage\"},\"thumbnailUrl\":\"https:\\\/\\\/www.valerie-philippin.com\\\/site\\\/wp-content\\\/uploads\\\/Timo-5.jpg\",\"datePublished\":\"2024-02-07T17:00:48+00:00\",\"dateModified\":\"2025-01-04T13:51:16+00:00\",\"breadcrumb\":{\"@id\":\"https:\\\/\\\/www.valerie-philippin.com\\\/site\\\/montrez-la-voix-festival\\\/#breadcrumb\"},\"inLanguage\":\"fr-FR\",\"potentialAction\":[{\"@type\":\"ReadAction\",\"target\":[\"https:\\\/\\\/www.valerie-philippin.com\\\/site\\\/montrez-la-voix-festival\\\/\"]}]},{\"@type\":\"ImageObject\",\"inLanguage\":\"fr-FR\",\"@id\":\"https:\\\/\\\/www.valerie-philippin.com\\\/site\\\/montrez-la-voix-festival\\\/#primaryimage\",\"url\":\"https:\\\/\\\/www.valerie-philippin.com\\\/site\\\/wp-content\\\/uploads\\\/Timo-5.jpg\",\"contentUrl\":\"https:\\\/\\\/www.valerie-philippin.com\\\/site\\\/wp-content\\\/uploads\\\/Timo-5.jpg\",\"width\":1024,\"height\":544},{\"@type\":\"BreadcrumbList\",\"@id\":\"https:\\\/\\\/www.valerie-philippin.com\\\/site\\\/montrez-la-voix-festival\\\/#breadcrumb\",\"itemListElement\":[{\"@type\":\"ListItem\",\"position\":1,\"name\":\"Accueil\",\"item\":\"https:\\\/\\\/www.valerie-philippin.com\\\/site\\\/\"},{\"@type\":\"ListItem\",\"position\":2,\"name\":\"Montrez La voix &#8211; festival\"}]},{\"@type\":\"WebSite\",\"@id\":\"https:\\\/\\\/www.valerie-philippin.com\\\/site\\\/#website\",\"url\":\"https:\\\/\\\/www.valerie-philippin.com\\\/site\\\/\",\"name\":\"Val\u00e9rie Philippin \\\/ Cie Territoires de la voix\",\"description\":\"FaBLab de cr\u00e9ation vocale contemporaine\",\"publisher\":{\"@id\":\"https:\\\/\\\/www.valerie-philippin.com\\\/site\\\/#organization\"},\"potentialAction\":[{\"@type\":\"SearchAction\",\"target\":{\"@type\":\"EntryPoint\",\"urlTemplate\":\"https:\\\/\\\/www.valerie-philippin.com\\\/site\\\/?s={search_term_string}\"},\"query-input\":{\"@type\":\"PropertyValueSpecification\",\"valueRequired\":true,\"valueName\":\"search_term_string\"}}],\"inLanguage\":\"fr-FR\"},{\"@type\":\"Organization\",\"@id\":\"https:\\\/\\\/www.valerie-philippin.com\\\/site\\\/#organization\",\"name\":\"Territoires de la voix\",\"url\":\"https:\\\/\\\/www.valerie-philippin.com\\\/site\\\/\",\"logo\":{\"@type\":\"ImageObject\",\"inLanguage\":\"fr-FR\",\"@id\":\"https:\\\/\\\/www.valerie-philippin.com\\\/site\\\/#\\\/schema\\\/logo\\\/image\\\/\",\"url\":\"http:\\\/\\\/www.valerie-philippin.com\\\/site\\\/wp-content\\\/uploads\\\/2020\\\/06\\\/logoterritoiresdelavoix.png\",\"contentUrl\":\"http:\\\/\\\/www.valerie-philippin.com\\\/site\\\/wp-content\\\/uploads\\\/2020\\\/06\\\/logoterritoiresdelavoix.png\",\"width\":500,\"height\":537,\"caption\":\"Territoires de la voix\"},\"image\":{\"@id\":\"https:\\\/\\\/www.valerie-philippin.com\\\/site\\\/#\\\/schema\\\/logo\\\/image\\\/\"}},{\"@type\":\"Person\",\"@id\":\"https:\\\/\\\/www.valerie-philippin.com\\\/site\\\/#\\\/schema\\\/person\\\/b4b89fdb961cd2821524f194ed6980db\",\"name\":\"Val\u00e9rie Philippin\",\"description\":\"Chanteuse, autrice, compositrice - Territoires de la Voix\",\"sameAs\":[\"http:\\\/\\\/www.valerie-philippin.com\"]}]}<\/script>\n<!-- \/ Yoast SEO plugin. -->","yoast_head_json":{"title":"Montrez La voix - festival &#8226; Val\u00e9rie Philippin \/ Cie Territoires de la voix","robots":{"index":"noindex","follow":"follow"},"og_locale":"fr_FR","og_type":"article","og_title":"Montrez La voix - festival &#8226; Val\u00e9rie Philippin \/ Cie Territoires de la voix","og_description":"Collectif Flash Cr\u00e9ation vocale, concerts, ateliers pour toutes les voix, sc\u00e8ne ouverte jeunes talents 2e \u00e9dition juin 2024","og_url":"https:\/\/www.valerie-philippin.com\/site\/montrez-la-voix-festival\/","og_site_name":"Val\u00e9rie Philippin \/ Cie Territoires de la voix","article_published_time":"2024-02-07T17:00:48+00:00","article_modified_time":"2025-01-04T13:51:16+00:00","og_image":[{"width":1024,"height":544,"url":"http:\/\/www.valerie-philippin.com\/site\/wp-content\/uploads\/Timo-5.jpg","type":"image\/jpeg"}],"author":"Val\u00e9rie Philippin","twitter_card":"summary_large_image","twitter_misc":{"\u00c9crit par":"Val\u00e9rie Philippin","Dur\u00e9e de lecture estim\u00e9e":"4 minutes"},"schema":{"@context":"https:\/\/schema.org","@graph":[{"@type":"Article","@id":"https:\/\/www.valerie-philippin.com\/site\/montrez-la-voix-festival\/#article","isPartOf":{"@id":"https:\/\/www.valerie-philippin.com\/site\/montrez-la-voix-festival\/"},"author":{"name":"Val\u00e9rie Philippin","@id":"https:\/\/www.valerie-philippin.com\/site\/#\/schema\/person\/b4b89fdb961cd2821524f194ed6980db"},"headline":"Montrez La voix &#8211; festival","datePublished":"2024-02-07T17:00:48+00:00","dateModified":"2025-01-04T13:51:16+00:00","mainEntityOfPage":{"@id":"https:\/\/www.valerie-philippin.com\/site\/montrez-la-voix-festival\/"},"wordCount":382,"publisher":{"@id":"https:\/\/www.valerie-philippin.com\/site\/#organization"},"image":{"@id":"https:\/\/www.valerie-philippin.com\/site\/montrez-la-voix-festival\/#primaryimage"},"thumbnailUrl":"https:\/\/www.valerie-philippin.com\/site\/wp-content\/uploads\/Timo-5.jpg","articleSection":["FabLab \/ Spectacles","Inventaire"],"inLanguage":"fr-FR"},{"@type":"WebPage","@id":"https:\/\/www.valerie-philippin.com\/site\/montrez-la-voix-festival\/","url":"https:\/\/www.valerie-philippin.com\/site\/montrez-la-voix-festival\/","name":"Montrez La voix - festival &#8226; Val\u00e9rie Philippin \/ Cie Territoires de la voix","isPartOf":{"@id":"https:\/\/www.valerie-philippin.com\/site\/#website"},"primaryImageOfPage":{"@id":"https:\/\/www.valerie-philippin.com\/site\/montrez-la-voix-festival\/#primaryimage"},"image":{"@id":"https:\/\/www.valerie-philippin.com\/site\/montrez-la-voix-festival\/#primaryimage"},"thumbnailUrl":"https:\/\/www.valerie-philippin.com\/site\/wp-content\/uploads\/Timo-5.jpg","datePublished":"2024-02-07T17:00:48+00:00","dateModified":"2025-01-04T13:51:16+00:00","breadcrumb":{"@id":"https:\/\/www.valerie-philippin.com\/site\/montrez-la-voix-festival\/#breadcrumb"},"inLanguage":"fr-FR","potentialAction":[{"@type":"ReadAction","target":["https:\/\/www.valerie-philippin.com\/site\/montrez-la-voix-festival\/"]}]},{"@type":"ImageObject","inLanguage":"fr-FR","@id":"https:\/\/www.valerie-philippin.com\/site\/montrez-la-voix-festival\/#primaryimage","url":"https:\/\/www.valerie-philippin.com\/site\/wp-content\/uploads\/Timo-5.jpg","contentUrl":"https:\/\/www.valerie-philippin.com\/site\/wp-content\/uploads\/Timo-5.jpg","width":1024,"height":544},{"@type":"BreadcrumbList","@id":"https:\/\/www.valerie-philippin.com\/site\/montrez-la-voix-festival\/#breadcrumb","itemListElement":[{"@type":"ListItem","position":1,"name":"Accueil","item":"https:\/\/www.valerie-philippin.com\/site\/"},{"@type":"ListItem","position":2,"name":"Montrez La voix &#8211; festival"}]},{"@type":"WebSite","@id":"https:\/\/www.valerie-philippin.com\/site\/#website","url":"https:\/\/www.valerie-philippin.com\/site\/","name":"Val\u00e9rie Philippin \/ Cie Territoires de la voix","description":"FaBLab de cr\u00e9ation vocale contemporaine","publisher":{"@id":"https:\/\/www.valerie-philippin.com\/site\/#organization"},"potentialAction":[{"@type":"SearchAction","target":{"@type":"EntryPoint","urlTemplate":"https:\/\/www.valerie-philippin.com\/site\/?s={search_term_string}"},"query-input":{"@type":"PropertyValueSpecification","valueRequired":true,"valueName":"search_term_string"}}],"inLanguage":"fr-FR"},{"@type":"Organization","@id":"https:\/\/www.valerie-philippin.com\/site\/#organization","name":"Territoires de la voix","url":"https:\/\/www.valerie-philippin.com\/site\/","logo":{"@type":"ImageObject","inLanguage":"fr-FR","@id":"https:\/\/www.valerie-philippin.com\/site\/#\/schema\/logo\/image\/","url":"http:\/\/www.valerie-philippin.com\/site\/wp-content\/uploads\/2020\/06\/logoterritoiresdelavoix.png","contentUrl":"http:\/\/www.valerie-philippin.com\/site\/wp-content\/uploads\/2020\/06\/logoterritoiresdelavoix.png","width":500,"height":537,"caption":"Territoires de la voix"},"image":{"@id":"https:\/\/www.valerie-philippin.com\/site\/#\/schema\/logo\/image\/"}},{"@type":"Person","@id":"https:\/\/www.valerie-philippin.com\/site\/#\/schema\/person\/b4b89fdb961cd2821524f194ed6980db","name":"Val\u00e9rie Philippin","description":"Chanteuse, autrice, compositrice - Territoires de la Voix","sameAs":["http:\/\/www.valerie-philippin.com"]}]}},"_links":{"self":[{"href":"https:\/\/www.valerie-philippin.com\/site\/wp-json\/wp\/v2\/posts\/4683","targetHints":{"allow":["GET"]}}],"collection":[{"href":"https:\/\/www.valerie-philippin.com\/site\/wp-json\/wp\/v2\/posts"}],"about":[{"href":"https:\/\/www.valerie-philippin.com\/site\/wp-json\/wp\/v2\/types\/post"}],"author":[{"embeddable":true,"href":"https:\/\/www.valerie-philippin.com\/site\/wp-json\/wp\/v2\/users\/2"}],"replies":[{"embeddable":true,"href":"https:\/\/www.valerie-philippin.com\/site\/wp-json\/wp\/v2\/comments?post=4683"}],"version-history":[{"count":25,"href":"https:\/\/www.valerie-philippin.com\/site\/wp-json\/wp\/v2\/posts\/4683\/revisions"}],"predecessor-version":[{"id":5880,"href":"https:\/\/www.valerie-philippin.com\/site\/wp-json\/wp\/v2\/posts\/4683\/revisions\/5880"}],"wp:featuredmedia":[{"embeddable":true,"href":"https:\/\/www.valerie-philippin.com\/site\/wp-json\/wp\/v2\/media\/4688"}],"wp:attachment":[{"href":"https:\/\/www.valerie-philippin.com\/site\/wp-json\/wp\/v2\/media?parent=4683"}],"wp:term":[{"taxonomy":"category","embeddable":true,"href":"https:\/\/www.valerie-philippin.com\/site\/wp-json\/wp\/v2\/categories?post=4683"},{"taxonomy":"post_tag","embeddable":true,"href":"https:\/\/www.valerie-philippin.com\/site\/wp-json\/wp\/v2\/tags?post=4683"}],"curies":[{"name":"wp","href":"https:\/\/api.w.org\/{rel}","templated":true}]}}