{"id":4374,"date":"2023-12-26T17:34:00","date_gmt":"2023-12-26T16:34:00","guid":{"rendered":"http:\/\/www.valerie-philippin.com\/site\/?p=4374"},"modified":"2024-09-02T02:08:32","modified_gmt":"2024-09-02T00:08:32","slug":"conferences-chantees","status":"publish","type":"post","link":"https:\/\/www.valerie-philippin.com\/site\/conferences-chantees\/","title":{"rendered":"CONF\u00c9RENCE CHANT\u00c9E"},"content":{"rendered":"\n<div class=\"wp-block-columns is-layout-flex wp-container-core-columns-is-layout-9d6595d7 wp-block-columns-is-layout-flex\">\n<div class=\"wp-block-column is-layout-flow wp-block-column-is-layout-flow\">\n<p>Les conf\u00e9rences chant\u00e9es de Val\u00e9rie Philippin d\u00e9plient la voix dans les multiples dimensions parcourues par des po\u00e8tes, po\u00e9tesses, compositeurs et compositrices des XXe et XXIe si\u00e8cles. Val\u00e9rie Philippin y m\u00eale \u00e9rudition joyeuse et performance virtuose et donne \u00e0 entendre des pi\u00e8ces de son r\u00e9pertoire solo a cappella. Faisant participer le public, parcourant les styles, les genres, les timbres, les innovations linguistiques et musicales, elle partage sa passion gourmande pour un art de la voix en perp\u00e9tuel mouvement.<br>Dur\u00e9e&nbsp;: 120 minutes, tout public<\/p>\n\n\n\n<p><strong>Au fil des saisons :<\/strong><\/p>\n\n\n\n<p><strong>Conf\u00e9rence chant\u00e9e \u00ab\u00a0La voix contemporaine<\/strong>\u00a0\u00bb au festival Le Bruit de la Musique, Domeyrot (Creuse), 2023.<\/p>\n\n\n\n<p>\u00ab\u00a0<strong><em>La pratique instrumentale des adultes amateurs<\/em><\/strong> \u00ab\u00a0, intervention pour la 18e Semaine du Son, Th\u00e9\u00e2tre du Ch\u00e2telet Paris, 2021.<\/p>\n\n\n\n<p><strong>Voix contemporaine<\/strong>s au festival \u00ab\u00a0Monte le son\u00a0\u00bb, M\u00e9diath\u00e8que musicale de Paris, 2018.<\/p>\n\n\n\n<p><strong>Concert-conf\u00e9rence<\/strong> \u00e0 l\u2019occasion de la sortie du livre \u00ab&nbsp;La Voix soliste contemporaine&nbsp;\u00bb, avec la participation des \u00e9tudiants du D\u00e9partement Sup\u00e9rieur pour Jeunes Chanteurs du CRR de Paris, en partenariat avec l\u2019ARIAM Ile-de-France, le CDMC, l\u2019AFPC, la Mission Voix Bourgogne et la Bourse des Muses de la Sacem. CRR de Paris,&nbsp;2017.<\/p>\n\n\n\n<p><strong>Concert-conf\u00e9rence<\/strong> \u00e0 l\u2019occasion de la sortie du livre \u00ab&nbsp;La Voix soliste contemporaine \u00bb. Avec la participation des \u00e9l\u00e8ves des classes de chant du conservatoire de Bordeaux et les chanteurs du groupe Qui.Voix.L\u00e0, en partenariat avec la compagnie \u00c9clats et le festival Eufonia. Villa 88, Bordeaux, 2017<\/p>\n\n\n\n<p><strong>Conf\u00e9rence-concert<\/strong> en duo avec Vincent Bouchot. Universit\u00e9 populaire de la musique, Mairie du 18<sup>e<\/sup>, Paris, 2016<\/p>\n\n\n\n<p><strong><em>Les sp\u00e9cificit\u00e9s du r\u00e9pertoire vocal du XXe si\u00e8cle et contemporain<\/em><\/strong>, Journ\u00e9e sur la voix, 8<sup>e<\/sup> Semaine du Son, Maison des Pratiques Artistiques Amateur\/ Auditorium Saint-Germain, Paris, 2011.<\/p>\n\n\n\n<p><strong>Le r\u00e9pertoire contemporain<\/strong>, festival Hors Limite de l\u2019association des biblioth\u00e8ques en Seine-Saint-Denis ,2011.<\/p>\n\n\n\n<p><strong><em>&nbsp;La voix et l\u2019\u00e9loquence<\/em><\/strong>, conf\u00e9rence par Bruno Latour et Philippe Leroux, avec Nicolas Donin et Val\u00e9rie Philippin. Ircam, 2010.<\/p>\n\n\n\n<p><strong><em>La technique et le r\u00e9pertoire contemporain<\/em><\/strong>, dans le cadre des Rencontres professionnelles de la Plateforme Interr\u00e9gionale. Association Fran\u00e7aise des Professeurs de Chant, 2009.<\/p>\n\n\n\n<p><strong><em>Les sp\u00e9cificit\u00e9s du r\u00e9pertoire vocal contemporain<\/em><\/strong>, Congr\u00e8s International des Professeurs de Chant (ICVT) aux Folies-Berg\u00e8res, Paris, 2009.<\/p>\n\n\n\n<p><strong><em>Voix singuli\u00e8res, r\u00e9pertoires pluriels, une seule technique&nbsp;?<\/em><\/strong> Colloque. Coordination des quatre journ\u00e9es et conf\u00e9rence sur la technique vocale fondamentale et les sp\u00e9cificit\u00e9s techniques du r\u00e9pertoire vocal contemporain. Maison des Pratiques Artistiques Amateur\/Auditorium Saint-Germain, Paris, 2009.<\/p>\n\n\n\n<p><strong><em>La voix contemporaine<\/em><\/strong>, intervention chant\u00e9e dans le cadre du cursus de&nbsp;composition, Ircam, 2005.<\/p>\n<\/div>\n\n\n\n<div class=\"wp-block-column is-layout-flow wp-block-column-is-layout-flow\">\n<figure class=\"wp-block-image size-large is-style-default\"><img loading=\"lazy\" decoding=\"async\" width=\"1024\" height=\"681\" src=\"http:\/\/www.valerie-philippin.com\/site\/wp-content\/uploads\/Semaine-du-Son-\u220fJean-Baptiste-Millot-1024x681.jpg\" alt=\"\" class=\"wp-image-3487\" srcset=\"https:\/\/www.valerie-philippin.com\/site\/wp-content\/uploads\/Semaine-du-Son-\u220fJean-Baptiste-Millot-1024x681.jpg 1024w, https:\/\/www.valerie-philippin.com\/site\/wp-content\/uploads\/Semaine-du-Son-\u220fJean-Baptiste-Millot-500x333.jpg 500w, https:\/\/www.valerie-philippin.com\/site\/wp-content\/uploads\/Semaine-du-Son-\u220fJean-Baptiste-Millot-768x511.jpg 768w, https:\/\/www.valerie-philippin.com\/site\/wp-content\/uploads\/Semaine-du-Son-\u220fJean-Baptiste-Millot.jpg 1200w\" sizes=\"auto, (max-width: 1024px) 100vw, 1024px\" \/><figcaption class=\"wp-element-caption\">La Semaine du son &#8211; Th\u00e9\u00e2tre du Ch\u00e2telet, 2021<\/figcaption><\/figure>\n\n\n\n<figure class=\"wp-block-image size-large is-resized\"><img loading=\"lazy\" decoding=\"async\" width=\"600\" height=\"513\" src=\"http:\/\/valerie-philippin.com\/site\/wp-content\/uploads\/2020\/05\/conf_chantee1.jpg\" alt=\"Conf\u00e9rence chant\u00e9e\" class=\"wp-image-2735\" srcset=\"https:\/\/www.valerie-philippin.com\/site\/wp-content\/uploads\/2020\/05\/conf_chantee1.jpg 600w, https:\/\/www.valerie-philippin.com\/site\/wp-content\/uploads\/2020\/05\/conf_chantee1-300x257.jpg 300w\" sizes=\"auto, (max-width: 600px) 100vw, 600px\" \/><figcaption class=\"wp-element-caption\">Conf\u00e9rence Chant\u00e9e &#8211; M\u00e9diath\u00e8que musicale de Paris &#8211; Festival Monte le son, 2018<\/figcaption><\/figure>\n\n\n\n<figure class=\"wp-block-image size-large youtube\"><a href=\"https:\/\/www.youtube.com\/watch?v=-YzJlqMDuyk\" target=\"_blank\" rel=\"noopener noreferrer\"><img loading=\"lazy\" decoding=\"async\" width=\"50\" height=\"50\" src=\"http:\/\/valerie-philippin.com\/site\/wp-content\/uploads\/2020\/05\/youtubeico.png\" alt=\"youtube icon\" class=\"wp-image-2751\" title=\"regarder sur YouTube\"\/><\/a><figcaption class=\"wp-element-caption\"> \u00ab\u00a0Voix contemporaines\u00a0\u00bb &#8211; Festival Monte le Son 2018<\/figcaption><\/figure>\n\n\n\n<figure class=\"wp-block-image size-large youtube\"><a href=\"https:\/\/www.youtube.com\/watch?v=w6x5nmh1PlY\" target=\"_blank\" rel=\"noopener noreferrer\"><img loading=\"lazy\" decoding=\"async\" width=\"50\" height=\"50\" src=\"http:\/\/valerie-philippin.com\/site\/wp-content\/uploads\/2020\/05\/youtubeico.png\" alt=\"youtube icon\" class=\"wp-image-2751\"\/><\/a><figcaption class=\"wp-element-caption\">\u00ab\u00a0Cr\u00e9ation d&rsquo;un paysage sonore\u00a0\u00bb Auditorium Saint-Germain 2011 <\/figcaption><\/figure>\n<\/div>\n\n\n\n<div class=\"wp-block-column is-layout-flow wp-block-column-is-layout-flow\">\n<figure class=\"wp-block-image size-large is-resized\"><img loading=\"lazy\" decoding=\"async\" width=\"600\" height=\"425\" src=\"http:\/\/valerie-philippin.com\/site\/wp-content\/uploads\/2020\/05\/conference_semaine_du-son2.jpg\" alt=\"Conf\u00e9rence Semaine du Son Val\u00e9rie Philippin\" class=\"wp-image-2736\" srcset=\"https:\/\/www.valerie-philippin.com\/site\/wp-content\/uploads\/2020\/05\/conference_semaine_du-son2.jpg 600w, https:\/\/www.valerie-philippin.com\/site\/wp-content\/uploads\/2020\/05\/conference_semaine_du-son2-300x213.jpg 300w\" sizes=\"auto, (max-width: 600px) 100vw, 600px\" \/><figcaption class=\"wp-element-caption\">Conf\u00e9rence dans le cadre de La Semaine du Son &#8211; Auditorium Saint-Germain , 2011<\/figcaption><\/figure>\n<\/div>\n<\/div>\n","protected":false},"excerpt":{"rendered":"<p>Une d\u00e9couverte ludique et  participative du r\u00e9pertoire vocal contemporain<br \/>\nVal\u00e9rie Philippin<br \/>\nDepuis 2005<\/p>\n","protected":false},"author":2,"featured_media":2736,"comment_status":"closed","ping_status":"closed","sticky":false,"template":"","format":"standard","meta":{"footnotes":""},"categories":[6,8],"tags":[],"class_list":["post-4374","post","type-post","status-publish","format-standard","has-post-thumbnail","hentry","category-spectacles","category-en-diffusion"],"yoast_head":"<!-- This site is optimized with the Yoast SEO plugin v27.5 - https:\/\/yoast.com\/product\/yoast-seo-wordpress\/ -->\n<title>CONF\u00c9RENCE CHANT\u00c9E &#8226; Val\u00e9rie Philippin \/ Cie Territoires de la voix<\/title>\n<meta name=\"robots\" content=\"noindex, follow\" \/>\n<meta property=\"og:locale\" content=\"fr_FR\" \/>\n<meta property=\"og:type\" content=\"article\" \/>\n<meta property=\"og:title\" content=\"CONF\u00c9RENCE CHANT\u00c9E &#8226; Val\u00e9rie Philippin \/ Cie Territoires de la voix\" \/>\n<meta property=\"og:description\" content=\"Une d\u00e9couverte ludique et participative du r\u00e9pertoire vocal contemporain Val\u00e9rie Philippin Depuis 2005\" \/>\n<meta property=\"og:url\" content=\"https:\/\/www.valerie-philippin.com\/site\/conferences-chantees\/\" \/>\n<meta property=\"og:site_name\" content=\"Val\u00e9rie Philippin \/ Cie Territoires de la voix\" \/>\n<meta property=\"article:published_time\" content=\"2023-12-26T16:34:00+00:00\" \/>\n<meta property=\"article:modified_time\" content=\"2024-09-02T00:08:32+00:00\" \/>\n<meta property=\"og:image\" content=\"http:\/\/www.valerie-philippin.com\/site\/wp-content\/uploads\/2020\/05\/conference_semaine_du-son2.jpg\" \/>\n\t<meta property=\"og:image:width\" content=\"600\" \/>\n\t<meta property=\"og:image:height\" content=\"425\" \/>\n\t<meta property=\"og:image:type\" content=\"image\/jpeg\" \/>\n<meta name=\"author\" content=\"Val\u00e9rie Philippin\" \/>\n<meta name=\"twitter:card\" content=\"summary_large_image\" \/>\n<meta name=\"twitter:label1\" content=\"\u00c9crit par\" \/>\n\t<meta name=\"twitter:data1\" content=\"Val\u00e9rie Philippin\" \/>\n\t<meta name=\"twitter:label2\" content=\"Dur\u00e9e de lecture estim\u00e9e\" \/>\n\t<meta name=\"twitter:data2\" content=\"4 minutes\" \/>\n<script type=\"application\/ld+json\" class=\"yoast-schema-graph\">{\"@context\":\"https:\\\/\\\/schema.org\",\"@graph\":[{\"@type\":\"Article\",\"@id\":\"https:\\\/\\\/www.valerie-philippin.com\\\/site\\\/conferences-chantees\\\/#article\",\"isPartOf\":{\"@id\":\"https:\\\/\\\/www.valerie-philippin.com\\\/site\\\/conferences-chantees\\\/\"},\"author\":{\"name\":\"Val\u00e9rie Philippin\",\"@id\":\"https:\\\/\\\/www.valerie-philippin.com\\\/site\\\/#\\\/schema\\\/person\\\/b4b89fdb961cd2821524f194ed6980db\"},\"headline\":\"CONF\u00c9RENCE CHANT\u00c9E\",\"datePublished\":\"2023-12-26T16:34:00+00:00\",\"dateModified\":\"2024-09-02T00:08:32+00:00\",\"mainEntityOfPage\":{\"@id\":\"https:\\\/\\\/www.valerie-philippin.com\\\/site\\\/conferences-chantees\\\/\"},\"wordCount\":498,\"publisher\":{\"@id\":\"https:\\\/\\\/www.valerie-philippin.com\\\/site\\\/#organization\"},\"image\":{\"@id\":\"https:\\\/\\\/www.valerie-philippin.com\\\/site\\\/conferences-chantees\\\/#primaryimage\"},\"thumbnailUrl\":\"https:\\\/\\\/www.valerie-philippin.com\\\/site\\\/wp-content\\\/uploads\\\/2020\\\/05\\\/conference_semaine_du-son2.jpg\",\"articleSection\":[\"FabLab \\\/ Spectacles\",\"En diffusion\"],\"inLanguage\":\"fr-FR\"},{\"@type\":\"WebPage\",\"@id\":\"https:\\\/\\\/www.valerie-philippin.com\\\/site\\\/conferences-chantees\\\/\",\"url\":\"https:\\\/\\\/www.valerie-philippin.com\\\/site\\\/conferences-chantees\\\/\",\"name\":\"CONF\u00c9RENCE CHANT\u00c9E &#8226; Val\u00e9rie Philippin \\\/ Cie Territoires de la voix\",\"isPartOf\":{\"@id\":\"https:\\\/\\\/www.valerie-philippin.com\\\/site\\\/#website\"},\"primaryImageOfPage\":{\"@id\":\"https:\\\/\\\/www.valerie-philippin.com\\\/site\\\/conferences-chantees\\\/#primaryimage\"},\"image\":{\"@id\":\"https:\\\/\\\/www.valerie-philippin.com\\\/site\\\/conferences-chantees\\\/#primaryimage\"},\"thumbnailUrl\":\"https:\\\/\\\/www.valerie-philippin.com\\\/site\\\/wp-content\\\/uploads\\\/2020\\\/05\\\/conference_semaine_du-son2.jpg\",\"datePublished\":\"2023-12-26T16:34:00+00:00\",\"dateModified\":\"2024-09-02T00:08:32+00:00\",\"breadcrumb\":{\"@id\":\"https:\\\/\\\/www.valerie-philippin.com\\\/site\\\/conferences-chantees\\\/#breadcrumb\"},\"inLanguage\":\"fr-FR\",\"potentialAction\":[{\"@type\":\"ReadAction\",\"target\":[\"https:\\\/\\\/www.valerie-philippin.com\\\/site\\\/conferences-chantees\\\/\"]}]},{\"@type\":\"ImageObject\",\"inLanguage\":\"fr-FR\",\"@id\":\"https:\\\/\\\/www.valerie-philippin.com\\\/site\\\/conferences-chantees\\\/#primaryimage\",\"url\":\"https:\\\/\\\/www.valerie-philippin.com\\\/site\\\/wp-content\\\/uploads\\\/2020\\\/05\\\/conference_semaine_du-son2.jpg\",\"contentUrl\":\"https:\\\/\\\/www.valerie-philippin.com\\\/site\\\/wp-content\\\/uploads\\\/2020\\\/05\\\/conference_semaine_du-son2.jpg\",\"width\":600,\"height\":425,\"caption\":\"Conf\u00e9rence Semaine du Son - Auditorium Saint-Germain 2011\"},{\"@type\":\"BreadcrumbList\",\"@id\":\"https:\\\/\\\/www.valerie-philippin.com\\\/site\\\/conferences-chantees\\\/#breadcrumb\",\"itemListElement\":[{\"@type\":\"ListItem\",\"position\":1,\"name\":\"Accueil\",\"item\":\"https:\\\/\\\/www.valerie-philippin.com\\\/site\\\/\"},{\"@type\":\"ListItem\",\"position\":2,\"name\":\"CONF\u00c9RENCE CHANT\u00c9E\"}]},{\"@type\":\"WebSite\",\"@id\":\"https:\\\/\\\/www.valerie-philippin.com\\\/site\\\/#website\",\"url\":\"https:\\\/\\\/www.valerie-philippin.com\\\/site\\\/\",\"name\":\"Val\u00e9rie Philippin \\\/ Cie Territoires de la voix\",\"description\":\"FaBLab de cr\u00e9ation vocale contemporaine\",\"publisher\":{\"@id\":\"https:\\\/\\\/www.valerie-philippin.com\\\/site\\\/#organization\"},\"potentialAction\":[{\"@type\":\"SearchAction\",\"target\":{\"@type\":\"EntryPoint\",\"urlTemplate\":\"https:\\\/\\\/www.valerie-philippin.com\\\/site\\\/?s={search_term_string}\"},\"query-input\":{\"@type\":\"PropertyValueSpecification\",\"valueRequired\":true,\"valueName\":\"search_term_string\"}}],\"inLanguage\":\"fr-FR\"},{\"@type\":\"Organization\",\"@id\":\"https:\\\/\\\/www.valerie-philippin.com\\\/site\\\/#organization\",\"name\":\"Territoires de la voix\",\"url\":\"https:\\\/\\\/www.valerie-philippin.com\\\/site\\\/\",\"logo\":{\"@type\":\"ImageObject\",\"inLanguage\":\"fr-FR\",\"@id\":\"https:\\\/\\\/www.valerie-philippin.com\\\/site\\\/#\\\/schema\\\/logo\\\/image\\\/\",\"url\":\"http:\\\/\\\/www.valerie-philippin.com\\\/site\\\/wp-content\\\/uploads\\\/2020\\\/06\\\/logoterritoiresdelavoix.png\",\"contentUrl\":\"http:\\\/\\\/www.valerie-philippin.com\\\/site\\\/wp-content\\\/uploads\\\/2020\\\/06\\\/logoterritoiresdelavoix.png\",\"width\":500,\"height\":537,\"caption\":\"Territoires de la voix\"},\"image\":{\"@id\":\"https:\\\/\\\/www.valerie-philippin.com\\\/site\\\/#\\\/schema\\\/logo\\\/image\\\/\"}},{\"@type\":\"Person\",\"@id\":\"https:\\\/\\\/www.valerie-philippin.com\\\/site\\\/#\\\/schema\\\/person\\\/b4b89fdb961cd2821524f194ed6980db\",\"name\":\"Val\u00e9rie Philippin\",\"description\":\"Chanteuse, autrice, compositrice - Territoires de la Voix\",\"sameAs\":[\"http:\\\/\\\/www.valerie-philippin.com\"]}]}<\/script>\n<!-- \/ Yoast SEO plugin. -->","yoast_head_json":{"title":"CONF\u00c9RENCE CHANT\u00c9E &#8226; Val\u00e9rie Philippin \/ Cie Territoires de la voix","robots":{"index":"noindex","follow":"follow"},"og_locale":"fr_FR","og_type":"article","og_title":"CONF\u00c9RENCE CHANT\u00c9E &#8226; Val\u00e9rie Philippin \/ Cie Territoires de la voix","og_description":"Une d\u00e9couverte ludique et participative du r\u00e9pertoire vocal contemporain Val\u00e9rie Philippin Depuis 2005","og_url":"https:\/\/www.valerie-philippin.com\/site\/conferences-chantees\/","og_site_name":"Val\u00e9rie Philippin \/ Cie Territoires de la voix","article_published_time":"2023-12-26T16:34:00+00:00","article_modified_time":"2024-09-02T00:08:32+00:00","og_image":[{"width":600,"height":425,"url":"http:\/\/www.valerie-philippin.com\/site\/wp-content\/uploads\/2020\/05\/conference_semaine_du-son2.jpg","type":"image\/jpeg"}],"author":"Val\u00e9rie Philippin","twitter_card":"summary_large_image","twitter_misc":{"\u00c9crit par":"Val\u00e9rie Philippin","Dur\u00e9e de lecture estim\u00e9e":"4 minutes"},"schema":{"@context":"https:\/\/schema.org","@graph":[{"@type":"Article","@id":"https:\/\/www.valerie-philippin.com\/site\/conferences-chantees\/#article","isPartOf":{"@id":"https:\/\/www.valerie-philippin.com\/site\/conferences-chantees\/"},"author":{"name":"Val\u00e9rie Philippin","@id":"https:\/\/www.valerie-philippin.com\/site\/#\/schema\/person\/b4b89fdb961cd2821524f194ed6980db"},"headline":"CONF\u00c9RENCE CHANT\u00c9E","datePublished":"2023-12-26T16:34:00+00:00","dateModified":"2024-09-02T00:08:32+00:00","mainEntityOfPage":{"@id":"https:\/\/www.valerie-philippin.com\/site\/conferences-chantees\/"},"wordCount":498,"publisher":{"@id":"https:\/\/www.valerie-philippin.com\/site\/#organization"},"image":{"@id":"https:\/\/www.valerie-philippin.com\/site\/conferences-chantees\/#primaryimage"},"thumbnailUrl":"https:\/\/www.valerie-philippin.com\/site\/wp-content\/uploads\/2020\/05\/conference_semaine_du-son2.jpg","articleSection":["FabLab \/ Spectacles","En diffusion"],"inLanguage":"fr-FR"},{"@type":"WebPage","@id":"https:\/\/www.valerie-philippin.com\/site\/conferences-chantees\/","url":"https:\/\/www.valerie-philippin.com\/site\/conferences-chantees\/","name":"CONF\u00c9RENCE CHANT\u00c9E &#8226; Val\u00e9rie Philippin \/ Cie Territoires de la voix","isPartOf":{"@id":"https:\/\/www.valerie-philippin.com\/site\/#website"},"primaryImageOfPage":{"@id":"https:\/\/www.valerie-philippin.com\/site\/conferences-chantees\/#primaryimage"},"image":{"@id":"https:\/\/www.valerie-philippin.com\/site\/conferences-chantees\/#primaryimage"},"thumbnailUrl":"https:\/\/www.valerie-philippin.com\/site\/wp-content\/uploads\/2020\/05\/conference_semaine_du-son2.jpg","datePublished":"2023-12-26T16:34:00+00:00","dateModified":"2024-09-02T00:08:32+00:00","breadcrumb":{"@id":"https:\/\/www.valerie-philippin.com\/site\/conferences-chantees\/#breadcrumb"},"inLanguage":"fr-FR","potentialAction":[{"@type":"ReadAction","target":["https:\/\/www.valerie-philippin.com\/site\/conferences-chantees\/"]}]},{"@type":"ImageObject","inLanguage":"fr-FR","@id":"https:\/\/www.valerie-philippin.com\/site\/conferences-chantees\/#primaryimage","url":"https:\/\/www.valerie-philippin.com\/site\/wp-content\/uploads\/2020\/05\/conference_semaine_du-son2.jpg","contentUrl":"https:\/\/www.valerie-philippin.com\/site\/wp-content\/uploads\/2020\/05\/conference_semaine_du-son2.jpg","width":600,"height":425,"caption":"Conf\u00e9rence Semaine du Son - Auditorium Saint-Germain 2011"},{"@type":"BreadcrumbList","@id":"https:\/\/www.valerie-philippin.com\/site\/conferences-chantees\/#breadcrumb","itemListElement":[{"@type":"ListItem","position":1,"name":"Accueil","item":"https:\/\/www.valerie-philippin.com\/site\/"},{"@type":"ListItem","position":2,"name":"CONF\u00c9RENCE CHANT\u00c9E"}]},{"@type":"WebSite","@id":"https:\/\/www.valerie-philippin.com\/site\/#website","url":"https:\/\/www.valerie-philippin.com\/site\/","name":"Val\u00e9rie Philippin \/ Cie Territoires de la voix","description":"FaBLab de cr\u00e9ation vocale contemporaine","publisher":{"@id":"https:\/\/www.valerie-philippin.com\/site\/#organization"},"potentialAction":[{"@type":"SearchAction","target":{"@type":"EntryPoint","urlTemplate":"https:\/\/www.valerie-philippin.com\/site\/?s={search_term_string}"},"query-input":{"@type":"PropertyValueSpecification","valueRequired":true,"valueName":"search_term_string"}}],"inLanguage":"fr-FR"},{"@type":"Organization","@id":"https:\/\/www.valerie-philippin.com\/site\/#organization","name":"Territoires de la voix","url":"https:\/\/www.valerie-philippin.com\/site\/","logo":{"@type":"ImageObject","inLanguage":"fr-FR","@id":"https:\/\/www.valerie-philippin.com\/site\/#\/schema\/logo\/image\/","url":"http:\/\/www.valerie-philippin.com\/site\/wp-content\/uploads\/2020\/06\/logoterritoiresdelavoix.png","contentUrl":"http:\/\/www.valerie-philippin.com\/site\/wp-content\/uploads\/2020\/06\/logoterritoiresdelavoix.png","width":500,"height":537,"caption":"Territoires de la voix"},"image":{"@id":"https:\/\/www.valerie-philippin.com\/site\/#\/schema\/logo\/image\/"}},{"@type":"Person","@id":"https:\/\/www.valerie-philippin.com\/site\/#\/schema\/person\/b4b89fdb961cd2821524f194ed6980db","name":"Val\u00e9rie Philippin","description":"Chanteuse, autrice, compositrice - Territoires de la Voix","sameAs":["http:\/\/www.valerie-philippin.com"]}]}},"_links":{"self":[{"href":"https:\/\/www.valerie-philippin.com\/site\/wp-json\/wp\/v2\/posts\/4374","targetHints":{"allow":["GET"]}}],"collection":[{"href":"https:\/\/www.valerie-philippin.com\/site\/wp-json\/wp\/v2\/posts"}],"about":[{"href":"https:\/\/www.valerie-philippin.com\/site\/wp-json\/wp\/v2\/types\/post"}],"author":[{"embeddable":true,"href":"https:\/\/www.valerie-philippin.com\/site\/wp-json\/wp\/v2\/users\/2"}],"replies":[{"embeddable":true,"href":"https:\/\/www.valerie-philippin.com\/site\/wp-json\/wp\/v2\/comments?post=4374"}],"version-history":[{"count":13,"href":"https:\/\/www.valerie-philippin.com\/site\/wp-json\/wp\/v2\/posts\/4374\/revisions"}],"predecessor-version":[{"id":5287,"href":"https:\/\/www.valerie-philippin.com\/site\/wp-json\/wp\/v2\/posts\/4374\/revisions\/5287"}],"wp:featuredmedia":[{"embeddable":true,"href":"https:\/\/www.valerie-philippin.com\/site\/wp-json\/wp\/v2\/media\/2736"}],"wp:attachment":[{"href":"https:\/\/www.valerie-philippin.com\/site\/wp-json\/wp\/v2\/media?parent=4374"}],"wp:term":[{"taxonomy":"category","embeddable":true,"href":"https:\/\/www.valerie-philippin.com\/site\/wp-json\/wp\/v2\/categories?post=4374"},{"taxonomy":"post_tag","embeddable":true,"href":"https:\/\/www.valerie-philippin.com\/site\/wp-json\/wp\/v2\/tags?post=4374"}],"curies":[{"name":"wp","href":"https:\/\/api.w.org\/{rel}","templated":true}]}}