{"id":4084,"date":"2022-10-14T12:16:14","date_gmt":"2022-10-14T10:16:14","guid":{"rendered":"http:\/\/www.valerie-philippin.com\/site\/?p=4084"},"modified":"2024-01-05T15:39:20","modified_gmt":"2024-01-05T14:39:20","slug":"mna-petite-machine-vocale","status":"publish","type":"post","link":"https:\/\/www.valerie-philippin.com\/site\/mna-petite-machine-vocale\/","title":{"rendered":"MNA &#8211; petite machine vocale"},"content":{"rendered":"\n<div class=\"wp-block-columns is-layout-flex wp-container-core-columns-is-layout-9d6595d7 wp-block-columns-is-layout-flex\">\n<div class=\"wp-block-column is-layout-flow wp-block-column-is-layout-flow\">\n<p><strong><em>Deux voix solistes ou deux groupes de voix<\/em><\/strong><\/p>\n\n\n\n<p>Compos\u00e9 pour une performance au Mus\u00e9e d\u2019Art Moderne d\u2019Alexandrie en 1997<\/p>\n<\/div>\n\n\n\n<div class=\"wp-block-column is-layout-flow wp-block-column-is-layout-flow\">\n<figure class=\"wp-block-embed is-type-video is-provider-youtube wp-block-embed-youtube wp-embed-aspect-16-9 wp-has-aspect-ratio\"><div class=\"wp-block-embed__wrapper\">\n<iframe loading=\"lazy\"  id=\"_ytid_54005\"  width=\"843\" height=\"474\"  data-origwidth=\"843\" data-origheight=\"474\" src=\"https:\/\/www.youtube.com\/embed\/dK1rYh4kf_Q?enablejsapi=1&#038;autoplay=0&#038;cc_load_policy=0&#038;cc_lang_pref=&#038;iv_load_policy=1&#038;loop=0&#038;rel=1&#038;fs=1&#038;playsinline=0&#038;autohide=2&#038;theme=dark&#038;color=red&#038;controls=1&#038;disablekb=0&#038;\" class=\"__youtube_prefs__  epyt-is-override  no-lazyload\" title=\"YouTube player\"  allow=\"fullscreen; accelerometer; autoplay; clipboard-write; encrypted-media; gyroscope; picture-in-picture; web-share\" referrerpolicy=\"strict-origin-when-cross-origin\" allowfullscreen data-no-lazy=\"1\" data-skipgform_ajax_framebjll=\"\"><\/iframe>\n<\/div><\/figure>\n\n\n\n<p>enregistrement le 16 avril 2022 \u00e0 la salle Capitulaire Mably, avec Val\u00e9rie Philippin, soliste, le trio D\u00e9CLIC et les \u00e9l\u00e8ves du conservatoire de Bordeaux : Choeur de Jeunes dirig\u00e9 par Marie-Christine Darracq, Groupe Vocal Explorateur dirig\u00e9 par Guillaume Flamen et cours de FM chanteurs Travers\u00e9es dirig\u00e9 par Sophie Pornin dans le cadre de la r\u00e9sidence de composition de Val\u00e9rie Philippin au conservatoire<\/p>\n<\/div>\n\n\n\n<div class=\"wp-block-column is-layout-flow wp-block-column-is-layout-flow\">\n<figure class=\"wp-block-embed is-type-video is-provider-youtube wp-block-embed-youtube wp-embed-aspect-16-9 wp-has-aspect-ratio\"><div class=\"wp-block-embed__wrapper\">\n<iframe loading=\"lazy\"  id=\"_ytid_80078\"  width=\"843\" height=\"474\"  data-origwidth=\"843\" data-origheight=\"474\" src=\"https:\/\/www.youtube.com\/embed\/QQIuYDQjypA?enablejsapi=1&#038;autoplay=0&#038;cc_load_policy=0&#038;cc_lang_pref=&#038;iv_load_policy=1&#038;loop=0&#038;rel=1&#038;fs=1&#038;playsinline=0&#038;autohide=2&#038;theme=dark&#038;color=red&#038;controls=1&#038;disablekb=0&#038;\" class=\"__youtube_prefs__  epyt-is-override  no-lazyload\" title=\"YouTube player\"  allow=\"fullscreen; accelerometer; autoplay; clipboard-write; encrypted-media; gyroscope; picture-in-picture; web-share\" referrerpolicy=\"strict-origin-when-cross-origin\" allowfullscreen data-no-lazy=\"1\" data-skipgform_ajax_framebjll=\"\"><\/iframe>\n<\/div><\/figure>\n\n\n\n<p>extrait du spectacle \u00ab\u00a0Terra Nostra\u00a0\u00bb film\u00e9 au Quartz \u2013 Sc\u00e8ne Nationale de Brest pour le festival \u00ab les Humanit\u00e9s \u00bb avec les enfants de l\u2019\u00e9cole de Bohars, S\u00e9verine Ballon, violoncelle, et Val\u00e9rie Philippin, voix captation par Jenny K\u00e9guiner et Didier Martial<\/p>\n<\/div>\n<\/div>\n","protected":false},"excerpt":{"rendered":"<p>CAHIER 1<br \/>\nDeux voix solistes ou deux groupes de voix<br \/>\n1997<\/p>\n","protected":false},"author":2,"featured_media":4085,"comment_status":"closed","ping_status":"closed","sticky":false,"template":"","format":"standard","meta":{"footnotes":""},"categories":[33,25],"tags":[],"class_list":["post-4084","post","type-post","status-publish","format-standard","has-post-thumbnail","hentry","category-cahier1","category-kit-musique"],"yoast_head":"<!-- This site is optimized with the Yoast SEO plugin v27.5 - https:\/\/yoast.com\/product\/yoast-seo-wordpress\/ -->\n<title>MNA - petite machine vocale &#8226; Val\u00e9rie Philippin \/ Cie Territoires de la voix<\/title>\n<meta name=\"robots\" content=\"noindex, follow\" \/>\n<meta property=\"og:locale\" content=\"fr_FR\" \/>\n<meta property=\"og:type\" content=\"article\" \/>\n<meta property=\"og:title\" content=\"MNA - petite machine vocale &#8226; Val\u00e9rie Philippin \/ Cie Territoires de la voix\" \/>\n<meta property=\"og:description\" content=\"CAHIER 1 Deux voix solistes ou deux groupes de voix 1997\" \/>\n<meta property=\"og:url\" content=\"https:\/\/www.valerie-philippin.com\/site\/mna-petite-machine-vocale\/\" \/>\n<meta property=\"og:site_name\" content=\"Val\u00e9rie Philippin \/ Cie Territoires de la voix\" \/>\n<meta property=\"article:published_time\" content=\"2022-10-14T10:16:14+00:00\" \/>\n<meta property=\"article:modified_time\" content=\"2024-01-05T14:39:20+00:00\" \/>\n<meta property=\"og:image\" content=\"http:\/\/www.valerie-philippin.com\/site\/wp-content\/uploads\/me\u0301canisme-de-boi\u0302te-a\u0300-musique.jpg\" \/>\n\t<meta property=\"og:image:width\" content=\"244\" \/>\n\t<meta property=\"og:image:height\" content=\"206\" \/>\n\t<meta property=\"og:image:type\" content=\"image\/jpeg\" \/>\n<meta name=\"author\" content=\"Val\u00e9rie Philippin\" \/>\n<meta name=\"twitter:card\" content=\"summary_large_image\" \/>\n<meta name=\"twitter:label1\" content=\"\u00c9crit par\" \/>\n\t<meta name=\"twitter:data1\" content=\"Val\u00e9rie Philippin\" \/>\n\t<meta name=\"twitter:label2\" content=\"Dur\u00e9e de lecture estim\u00e9e\" \/>\n\t<meta name=\"twitter:data2\" content=\"1 minute\" \/>\n<script type=\"application\/ld+json\" class=\"yoast-schema-graph\">{\"@context\":\"https:\\\/\\\/schema.org\",\"@graph\":[{\"@type\":\"Article\",\"@id\":\"https:\\\/\\\/www.valerie-philippin.com\\\/site\\\/mna-petite-machine-vocale\\\/#article\",\"isPartOf\":{\"@id\":\"https:\\\/\\\/www.valerie-philippin.com\\\/site\\\/mna-petite-machine-vocale\\\/\"},\"author\":{\"name\":\"Val\u00e9rie Philippin\",\"@id\":\"https:\\\/\\\/www.valerie-philippin.com\\\/site\\\/#\\\/schema\\\/person\\\/b4b89fdb961cd2821524f194ed6980db\"},\"headline\":\"MNA &#8211; petite machine vocale\",\"datePublished\":\"2022-10-14T10:16:14+00:00\",\"dateModified\":\"2024-01-05T14:39:20+00:00\",\"mainEntityOfPage\":{\"@id\":\"https:\\\/\\\/www.valerie-philippin.com\\\/site\\\/mna-petite-machine-vocale\\\/\"},\"wordCount\":151,\"publisher\":{\"@id\":\"https:\\\/\\\/www.valerie-philippin.com\\\/site\\\/#organization\"},\"image\":{\"@id\":\"https:\\\/\\\/www.valerie-philippin.com\\\/site\\\/mna-petite-machine-vocale\\\/#primaryimage\"},\"thumbnailUrl\":\"https:\\\/\\\/www.valerie-philippin.com\\\/site\\\/wp-content\\\/uploads\\\/me\u0301canisme-de-boi\u0302te-a\u0300-musique.jpg\",\"articleSection\":[\"Cahier 1 - \u00e9couter\",\"Kit-musique \\\/ \u00e9couter\"],\"inLanguage\":\"fr-FR\"},{\"@type\":\"WebPage\",\"@id\":\"https:\\\/\\\/www.valerie-philippin.com\\\/site\\\/mna-petite-machine-vocale\\\/\",\"url\":\"https:\\\/\\\/www.valerie-philippin.com\\\/site\\\/mna-petite-machine-vocale\\\/\",\"name\":\"MNA - petite machine vocale &#8226; Val\u00e9rie Philippin \\\/ Cie Territoires de la voix\",\"isPartOf\":{\"@id\":\"https:\\\/\\\/www.valerie-philippin.com\\\/site\\\/#website\"},\"primaryImageOfPage\":{\"@id\":\"https:\\\/\\\/www.valerie-philippin.com\\\/site\\\/mna-petite-machine-vocale\\\/#primaryimage\"},\"image\":{\"@id\":\"https:\\\/\\\/www.valerie-philippin.com\\\/site\\\/mna-petite-machine-vocale\\\/#primaryimage\"},\"thumbnailUrl\":\"https:\\\/\\\/www.valerie-philippin.com\\\/site\\\/wp-content\\\/uploads\\\/me\u0301canisme-de-boi\u0302te-a\u0300-musique.jpg\",\"datePublished\":\"2022-10-14T10:16:14+00:00\",\"dateModified\":\"2024-01-05T14:39:20+00:00\",\"breadcrumb\":{\"@id\":\"https:\\\/\\\/www.valerie-philippin.com\\\/site\\\/mna-petite-machine-vocale\\\/#breadcrumb\"},\"inLanguage\":\"fr-FR\",\"potentialAction\":[{\"@type\":\"ReadAction\",\"target\":[\"https:\\\/\\\/www.valerie-philippin.com\\\/site\\\/mna-petite-machine-vocale\\\/\"]}]},{\"@type\":\"ImageObject\",\"inLanguage\":\"fr-FR\",\"@id\":\"https:\\\/\\\/www.valerie-philippin.com\\\/site\\\/mna-petite-machine-vocale\\\/#primaryimage\",\"url\":\"https:\\\/\\\/www.valerie-philippin.com\\\/site\\\/wp-content\\\/uploads\\\/me\u0301canisme-de-boi\u0302te-a\u0300-musique.jpg\",\"contentUrl\":\"https:\\\/\\\/www.valerie-philippin.com\\\/site\\\/wp-content\\\/uploads\\\/me\u0301canisme-de-boi\u0302te-a\u0300-musique.jpg\",\"width\":244,\"height\":206},{\"@type\":\"BreadcrumbList\",\"@id\":\"https:\\\/\\\/www.valerie-philippin.com\\\/site\\\/mna-petite-machine-vocale\\\/#breadcrumb\",\"itemListElement\":[{\"@type\":\"ListItem\",\"position\":1,\"name\":\"Accueil\",\"item\":\"https:\\\/\\\/www.valerie-philippin.com\\\/site\\\/\"},{\"@type\":\"ListItem\",\"position\":2,\"name\":\"MNA &#8211; petite machine vocale\"}]},{\"@type\":\"WebSite\",\"@id\":\"https:\\\/\\\/www.valerie-philippin.com\\\/site\\\/#website\",\"url\":\"https:\\\/\\\/www.valerie-philippin.com\\\/site\\\/\",\"name\":\"Val\u00e9rie Philippin \\\/ Cie Territoires de la voix\",\"description\":\"FaBLab de cr\u00e9ation vocale contemporaine\",\"publisher\":{\"@id\":\"https:\\\/\\\/www.valerie-philippin.com\\\/site\\\/#organization\"},\"potentialAction\":[{\"@type\":\"SearchAction\",\"target\":{\"@type\":\"EntryPoint\",\"urlTemplate\":\"https:\\\/\\\/www.valerie-philippin.com\\\/site\\\/?s={search_term_string}\"},\"query-input\":{\"@type\":\"PropertyValueSpecification\",\"valueRequired\":true,\"valueName\":\"search_term_string\"}}],\"inLanguage\":\"fr-FR\"},{\"@type\":\"Organization\",\"@id\":\"https:\\\/\\\/www.valerie-philippin.com\\\/site\\\/#organization\",\"name\":\"Territoires de la voix\",\"url\":\"https:\\\/\\\/www.valerie-philippin.com\\\/site\\\/\",\"logo\":{\"@type\":\"ImageObject\",\"inLanguage\":\"fr-FR\",\"@id\":\"https:\\\/\\\/www.valerie-philippin.com\\\/site\\\/#\\\/schema\\\/logo\\\/image\\\/\",\"url\":\"http:\\\/\\\/www.valerie-philippin.com\\\/site\\\/wp-content\\\/uploads\\\/2020\\\/06\\\/logoterritoiresdelavoix.png\",\"contentUrl\":\"http:\\\/\\\/www.valerie-philippin.com\\\/site\\\/wp-content\\\/uploads\\\/2020\\\/06\\\/logoterritoiresdelavoix.png\",\"width\":500,\"height\":537,\"caption\":\"Territoires de la voix\"},\"image\":{\"@id\":\"https:\\\/\\\/www.valerie-philippin.com\\\/site\\\/#\\\/schema\\\/logo\\\/image\\\/\"}},{\"@type\":\"Person\",\"@id\":\"https:\\\/\\\/www.valerie-philippin.com\\\/site\\\/#\\\/schema\\\/person\\\/b4b89fdb961cd2821524f194ed6980db\",\"name\":\"Val\u00e9rie Philippin\",\"description\":\"Chanteuse, autrice, compositrice - Territoires de la Voix\",\"sameAs\":[\"http:\\\/\\\/www.valerie-philippin.com\"]}]}<\/script>\n<!-- \/ Yoast SEO plugin. -->","yoast_head_json":{"title":"MNA - petite machine vocale &#8226; Val\u00e9rie Philippin \/ Cie Territoires de la voix","robots":{"index":"noindex","follow":"follow"},"og_locale":"fr_FR","og_type":"article","og_title":"MNA - petite machine vocale &#8226; Val\u00e9rie Philippin \/ Cie Territoires de la voix","og_description":"CAHIER 1 Deux voix solistes ou deux groupes de voix 1997","og_url":"https:\/\/www.valerie-philippin.com\/site\/mna-petite-machine-vocale\/","og_site_name":"Val\u00e9rie Philippin \/ Cie Territoires de la voix","article_published_time":"2022-10-14T10:16:14+00:00","article_modified_time":"2024-01-05T14:39:20+00:00","og_image":[{"width":244,"height":206,"url":"http:\/\/www.valerie-philippin.com\/site\/wp-content\/uploads\/me\u0301canisme-de-boi\u0302te-a\u0300-musique.jpg","type":"image\/jpeg"}],"author":"Val\u00e9rie Philippin","twitter_card":"summary_large_image","twitter_misc":{"\u00c9crit par":"Val\u00e9rie Philippin","Dur\u00e9e de lecture estim\u00e9e":"1 minute"},"schema":{"@context":"https:\/\/schema.org","@graph":[{"@type":"Article","@id":"https:\/\/www.valerie-philippin.com\/site\/mna-petite-machine-vocale\/#article","isPartOf":{"@id":"https:\/\/www.valerie-philippin.com\/site\/mna-petite-machine-vocale\/"},"author":{"name":"Val\u00e9rie Philippin","@id":"https:\/\/www.valerie-philippin.com\/site\/#\/schema\/person\/b4b89fdb961cd2821524f194ed6980db"},"headline":"MNA &#8211; petite machine vocale","datePublished":"2022-10-14T10:16:14+00:00","dateModified":"2024-01-05T14:39:20+00:00","mainEntityOfPage":{"@id":"https:\/\/www.valerie-philippin.com\/site\/mna-petite-machine-vocale\/"},"wordCount":151,"publisher":{"@id":"https:\/\/www.valerie-philippin.com\/site\/#organization"},"image":{"@id":"https:\/\/www.valerie-philippin.com\/site\/mna-petite-machine-vocale\/#primaryimage"},"thumbnailUrl":"https:\/\/www.valerie-philippin.com\/site\/wp-content\/uploads\/me\u0301canisme-de-boi\u0302te-a\u0300-musique.jpg","articleSection":["Cahier 1 - \u00e9couter","Kit-musique \/ \u00e9couter"],"inLanguage":"fr-FR"},{"@type":"WebPage","@id":"https:\/\/www.valerie-philippin.com\/site\/mna-petite-machine-vocale\/","url":"https:\/\/www.valerie-philippin.com\/site\/mna-petite-machine-vocale\/","name":"MNA - petite machine vocale &#8226; Val\u00e9rie Philippin \/ Cie Territoires de la voix","isPartOf":{"@id":"https:\/\/www.valerie-philippin.com\/site\/#website"},"primaryImageOfPage":{"@id":"https:\/\/www.valerie-philippin.com\/site\/mna-petite-machine-vocale\/#primaryimage"},"image":{"@id":"https:\/\/www.valerie-philippin.com\/site\/mna-petite-machine-vocale\/#primaryimage"},"thumbnailUrl":"https:\/\/www.valerie-philippin.com\/site\/wp-content\/uploads\/me\u0301canisme-de-boi\u0302te-a\u0300-musique.jpg","datePublished":"2022-10-14T10:16:14+00:00","dateModified":"2024-01-05T14:39:20+00:00","breadcrumb":{"@id":"https:\/\/www.valerie-philippin.com\/site\/mna-petite-machine-vocale\/#breadcrumb"},"inLanguage":"fr-FR","potentialAction":[{"@type":"ReadAction","target":["https:\/\/www.valerie-philippin.com\/site\/mna-petite-machine-vocale\/"]}]},{"@type":"ImageObject","inLanguage":"fr-FR","@id":"https:\/\/www.valerie-philippin.com\/site\/mna-petite-machine-vocale\/#primaryimage","url":"https:\/\/www.valerie-philippin.com\/site\/wp-content\/uploads\/me\u0301canisme-de-boi\u0302te-a\u0300-musique.jpg","contentUrl":"https:\/\/www.valerie-philippin.com\/site\/wp-content\/uploads\/me\u0301canisme-de-boi\u0302te-a\u0300-musique.jpg","width":244,"height":206},{"@type":"BreadcrumbList","@id":"https:\/\/www.valerie-philippin.com\/site\/mna-petite-machine-vocale\/#breadcrumb","itemListElement":[{"@type":"ListItem","position":1,"name":"Accueil","item":"https:\/\/www.valerie-philippin.com\/site\/"},{"@type":"ListItem","position":2,"name":"MNA &#8211; petite machine vocale"}]},{"@type":"WebSite","@id":"https:\/\/www.valerie-philippin.com\/site\/#website","url":"https:\/\/www.valerie-philippin.com\/site\/","name":"Val\u00e9rie Philippin \/ Cie Territoires de la voix","description":"FaBLab de cr\u00e9ation vocale contemporaine","publisher":{"@id":"https:\/\/www.valerie-philippin.com\/site\/#organization"},"potentialAction":[{"@type":"SearchAction","target":{"@type":"EntryPoint","urlTemplate":"https:\/\/www.valerie-philippin.com\/site\/?s={search_term_string}"},"query-input":{"@type":"PropertyValueSpecification","valueRequired":true,"valueName":"search_term_string"}}],"inLanguage":"fr-FR"},{"@type":"Organization","@id":"https:\/\/www.valerie-philippin.com\/site\/#organization","name":"Territoires de la voix","url":"https:\/\/www.valerie-philippin.com\/site\/","logo":{"@type":"ImageObject","inLanguage":"fr-FR","@id":"https:\/\/www.valerie-philippin.com\/site\/#\/schema\/logo\/image\/","url":"http:\/\/www.valerie-philippin.com\/site\/wp-content\/uploads\/2020\/06\/logoterritoiresdelavoix.png","contentUrl":"http:\/\/www.valerie-philippin.com\/site\/wp-content\/uploads\/2020\/06\/logoterritoiresdelavoix.png","width":500,"height":537,"caption":"Territoires de la voix"},"image":{"@id":"https:\/\/www.valerie-philippin.com\/site\/#\/schema\/logo\/image\/"}},{"@type":"Person","@id":"https:\/\/www.valerie-philippin.com\/site\/#\/schema\/person\/b4b89fdb961cd2821524f194ed6980db","name":"Val\u00e9rie Philippin","description":"Chanteuse, autrice, compositrice - Territoires de la Voix","sameAs":["http:\/\/www.valerie-philippin.com"]}]}},"_links":{"self":[{"href":"https:\/\/www.valerie-philippin.com\/site\/wp-json\/wp\/v2\/posts\/4084","targetHints":{"allow":["GET"]}}],"collection":[{"href":"https:\/\/www.valerie-philippin.com\/site\/wp-json\/wp\/v2\/posts"}],"about":[{"href":"https:\/\/www.valerie-philippin.com\/site\/wp-json\/wp\/v2\/types\/post"}],"author":[{"embeddable":true,"href":"https:\/\/www.valerie-philippin.com\/site\/wp-json\/wp\/v2\/users\/2"}],"replies":[{"embeddable":true,"href":"https:\/\/www.valerie-philippin.com\/site\/wp-json\/wp\/v2\/comments?post=4084"}],"version-history":[{"count":5,"href":"https:\/\/www.valerie-philippin.com\/site\/wp-json\/wp\/v2\/posts\/4084\/revisions"}],"predecessor-version":[{"id":4469,"href":"https:\/\/www.valerie-philippin.com\/site\/wp-json\/wp\/v2\/posts\/4084\/revisions\/4469"}],"wp:featuredmedia":[{"embeddable":true,"href":"https:\/\/www.valerie-philippin.com\/site\/wp-json\/wp\/v2\/media\/4085"}],"wp:attachment":[{"href":"https:\/\/www.valerie-philippin.com\/site\/wp-json\/wp\/v2\/media?parent=4084"}],"wp:term":[{"taxonomy":"category","embeddable":true,"href":"https:\/\/www.valerie-philippin.com\/site\/wp-json\/wp\/v2\/categories?post=4084"},{"taxonomy":"post_tag","embeddable":true,"href":"https:\/\/www.valerie-philippin.com\/site\/wp-json\/wp\/v2\/tags?post=4084"}],"curies":[{"name":"wp","href":"https:\/\/api.w.org\/{rel}","templated":true}]}}