{"id":4038,"date":"2022-10-14T09:44:47","date_gmt":"2022-10-14T07:44:47","guid":{"rendered":"http:\/\/www.valerie-philippin.com\/site\/?p=4038"},"modified":"2025-09-20T14:53:30","modified_gmt":"2025-09-20T12:53:30","slug":"compositrices-et-compositeurs-dans-la-musique-ecrite-de-tradition-occidentale","status":"publish","type":"post","link":"https:\/\/www.valerie-philippin.com\/site\/compositrices-et-compositeurs-dans-la-musique-ecrite-de-tradition-occidentale\/","title":{"rendered":"compositrices et compositeurs dans la musique \u00c9crite de tradition occidentale"},"content":{"rendered":"\n<div class=\"wp-block-columns is-layout-flex wp-container-core-columns-is-layout-9d6595d7 wp-block-columns-is-layout-flex\">\n<div class=\"wp-block-column is-layout-flow wp-block-column-is-layout-flow\">\n<p><strong>2022<\/strong><\/p>\n\n\n\n<p><strong>Deux posters p\u00e9dagogiques<\/strong><br>\u00e9dition Sym\u00e9trie<\/p>\n\n\n\n<p>\u00c0 l&rsquo;initiative de Val\u00e9rie Philippin, rejointe par Laure Marcel-Berlioz, J\u00e9r\u00f4me Thi\u00e9baux, Claire Haranger-Segui et l\u2019\u00e9diteur Jean-Christophe Michel, une frise chronologique faisant la parit\u00e9 entre femmes et hommes a vu le jour en 2022. R\u00e9alis\u00e9e par la graphiste Vanessa Verillon, les deux posters allant du Haut Moyen \u00c2ge au XXIe si\u00e8cle pr\u00e9sentent 100 portraits de femmes et d\u2019hommes ayant \u0153uvr\u00e9 dans la composition musicale. Cette frise veut redonner leur juste place \u00e0 des femmes qui ont eu dans leur temps des carri\u00e8res reconnues et produit des \u0153uvres importantes que l\u2019histoire a, chemin faisant, occult\u00e9es.<\/p>\n\n\n\n<p>Le musicologue J\u00e9r\u00f4me Thi\u00e9baux a cr\u00e9\u00e9 une playlist pour \u00e9couter les morceaux cit\u00e9s dans les deux posters.<\/p>\n\n\n\n<p><strong><em>\u00c9couter et commander :<\/em><\/strong><br><a href=\"https:\/\/symetrie.com\/fr\/titres\/compositrices-et-compositeurs-dans-l-histoire-de-la-musique\">https:\/\/symetrie.com\/fr\/titres\/compositrices-et-compositeurs-dans-l-histoire-de-la-musique<\/a><\/p>\n\n\n\n<figure class=\"wp-block-image size-large is-style-default\"><img loading=\"lazy\" decoding=\"async\" width=\"1024\" height=\"819\" src=\"http:\/\/www.valerie-philippin.com\/site\/wp-content\/uploads\/vale\u0301rie-et-poster-1024x819.jpg\" alt=\"\" class=\"wp-image-4343\" srcset=\"https:\/\/www.valerie-philippin.com\/site\/wp-content\/uploads\/vale\u0301rie-et-poster-1024x819.jpg 1024w, https:\/\/www.valerie-philippin.com\/site\/wp-content\/uploads\/vale\u0301rie-et-poster-500x400.jpg 500w, https:\/\/www.valerie-philippin.com\/site\/wp-content\/uploads\/vale\u0301rie-et-poster-768x614.jpg 768w, https:\/\/www.valerie-philippin.com\/site\/wp-content\/uploads\/vale\u0301rie-et-poster-1536x1229.jpg 1536w, https:\/\/www.valerie-philippin.com\/site\/wp-content\/uploads\/vale\u0301rie-et-poster-2048x1638.jpg 2048w\" sizes=\"auto, (max-width: 1024px) 100vw, 1024px\" \/><\/figure>\n<\/div>\n\n\n\n<div class=\"wp-block-column is-layout-flow wp-block-column-is-layout-flow\">\n<figure class=\"wp-block-image size-full is-resized is-style-default\"><img loading=\"lazy\" decoding=\"async\" width=\"940\" height=\"788\" src=\"http:\/\/www.valerie-philippin.com\/site\/wp-content\/uploads\/Post-FB-Poster.png\" alt=\"\" class=\"wp-image-4040\" style=\"width:405px;height:339px\" srcset=\"https:\/\/www.valerie-philippin.com\/site\/wp-content\/uploads\/Post-FB-Poster.png 940w, https:\/\/www.valerie-philippin.com\/site\/wp-content\/uploads\/Post-FB-Poster-500x419.png 500w, https:\/\/www.valerie-philippin.com\/site\/wp-content\/uploads\/Post-FB-Poster-768x644.png 768w\" sizes=\"auto, (max-width: 940px) 100vw, 940px\" \/><\/figure>\n\n\n\n<figure class=\"wp-block-image size-large\"><img loading=\"lazy\" decoding=\"async\" width=\"1024\" height=\"461\" src=\"http:\/\/www.valerie-philippin.com\/site\/wp-content\/uploads\/poster-cons-Bdx-1024x461.jpg\" alt=\"\" class=\"wp-image-6071\" srcset=\"https:\/\/www.valerie-philippin.com\/site\/wp-content\/uploads\/poster-cons-Bdx-1024x461.jpg 1024w, https:\/\/www.valerie-philippin.com\/site\/wp-content\/uploads\/poster-cons-Bdx-500x225.jpg 500w, https:\/\/www.valerie-philippin.com\/site\/wp-content\/uploads\/poster-cons-Bdx-768x346.jpg 768w, https:\/\/www.valerie-philippin.com\/site\/wp-content\/uploads\/poster-cons-Bdx-1536x691.jpg 1536w, https:\/\/www.valerie-philippin.com\/site\/wp-content\/uploads\/poster-cons-Bdx.jpg 2000w\" sizes=\"auto, (max-width: 1024px) 100vw, 1024px\" \/><\/figure>\n\n\n\n<p> Au conservatoire de Bordeaux<\/p>\n<\/div>\n<\/div>\n","protected":false},"excerpt":{"rendered":"<p>Poster p\u00e9dagogique<br \/>\n\u00c9ditions Sym\u00e9trie 2022<\/p>\n","protected":false},"author":2,"featured_media":4042,"comment_status":"closed","ping_status":"closed","sticky":false,"template":"","format":"standard","meta":{"footnotes":""},"categories":[26],"tags":[],"class_list":["post-4038","post","type-post","status-publish","format-standard","has-post-thumbnail","hentry","category-publications"],"yoast_head":"<!-- This site is optimized with the Yoast SEO plugin v27.5 - https:\/\/yoast.com\/product\/yoast-seo-wordpress\/ -->\n<title>compositrices et compositeurs dans la musique \u00c9crite de tradition occidentale &#8226; Val\u00e9rie Philippin \/ Cie Territoires de la voix<\/title>\n<meta name=\"robots\" content=\"noindex, follow\" \/>\n<meta property=\"og:locale\" content=\"fr_FR\" \/>\n<meta property=\"og:type\" content=\"article\" \/>\n<meta property=\"og:title\" content=\"compositrices et compositeurs dans la musique \u00c9crite de tradition occidentale &#8226; Val\u00e9rie Philippin \/ Cie Territoires de la voix\" \/>\n<meta property=\"og:description\" content=\"Poster p\u00e9dagogique \u00c9ditions Sym\u00e9trie 2022\" \/>\n<meta property=\"og:url\" content=\"https:\/\/www.valerie-philippin.com\/site\/compositrices-et-compositeurs-dans-la-musique-ecrite-de-tradition-occidentale\/\" \/>\n<meta property=\"og:site_name\" content=\"Val\u00e9rie Philippin \/ Cie Territoires de la voix\" \/>\n<meta property=\"article:published_time\" content=\"2022-10-14T07:44:47+00:00\" \/>\n<meta property=\"article:modified_time\" content=\"2025-09-20T12:53:30+00:00\" \/>\n<meta property=\"og:image\" content=\"http:\/\/www.valerie-philippin.com\/site\/wp-content\/uploads\/poster-image.png\" \/>\n\t<meta property=\"og:image:width\" content=\"771\" \/>\n\t<meta property=\"og:image:height\" content=\"1096\" \/>\n\t<meta property=\"og:image:type\" content=\"image\/png\" \/>\n<meta name=\"author\" content=\"Val\u00e9rie Philippin\" \/>\n<meta name=\"twitter:card\" content=\"summary_large_image\" \/>\n<meta name=\"twitter:label1\" content=\"\u00c9crit par\" \/>\n\t<meta name=\"twitter:data1\" content=\"Val\u00e9rie Philippin\" \/>\n\t<meta name=\"twitter:label2\" content=\"Dur\u00e9e de lecture estim\u00e9e\" \/>\n\t<meta name=\"twitter:data2\" content=\"2 minutes\" \/>\n<script type=\"application\/ld+json\" class=\"yoast-schema-graph\">{\"@context\":\"https:\\\/\\\/schema.org\",\"@graph\":[{\"@type\":\"Article\",\"@id\":\"https:\\\/\\\/www.valerie-philippin.com\\\/site\\\/compositrices-et-compositeurs-dans-la-musique-ecrite-de-tradition-occidentale\\\/#article\",\"isPartOf\":{\"@id\":\"https:\\\/\\\/www.valerie-philippin.com\\\/site\\\/compositrices-et-compositeurs-dans-la-musique-ecrite-de-tradition-occidentale\\\/\"},\"author\":{\"name\":\"Val\u00e9rie Philippin\",\"@id\":\"https:\\\/\\\/www.valerie-philippin.com\\\/site\\\/#\\\/schema\\\/person\\\/b4b89fdb961cd2821524f194ed6980db\"},\"headline\":\"compositrices et compositeurs dans la musique \u00c9crite de tradition occidentale\",\"datePublished\":\"2022-10-14T07:44:47+00:00\",\"dateModified\":\"2025-09-20T12:53:30+00:00\",\"mainEntityOfPage\":{\"@id\":\"https:\\\/\\\/www.valerie-philippin.com\\\/site\\\/compositrices-et-compositeurs-dans-la-musique-ecrite-de-tradition-occidentale\\\/\"},\"wordCount\":154,\"publisher\":{\"@id\":\"https:\\\/\\\/www.valerie-philippin.com\\\/site\\\/#organization\"},\"image\":{\"@id\":\"https:\\\/\\\/www.valerie-philippin.com\\\/site\\\/compositrices-et-compositeurs-dans-la-musique-ecrite-de-tradition-occidentale\\\/#primaryimage\"},\"thumbnailUrl\":\"https:\\\/\\\/www.valerie-philippin.com\\\/site\\\/wp-content\\\/uploads\\\/poster-image.png\",\"articleSection\":[\"Publications\"],\"inLanguage\":\"fr-FR\"},{\"@type\":\"WebPage\",\"@id\":\"https:\\\/\\\/www.valerie-philippin.com\\\/site\\\/compositrices-et-compositeurs-dans-la-musique-ecrite-de-tradition-occidentale\\\/\",\"url\":\"https:\\\/\\\/www.valerie-philippin.com\\\/site\\\/compositrices-et-compositeurs-dans-la-musique-ecrite-de-tradition-occidentale\\\/\",\"name\":\"compositrices et compositeurs dans la musique \u00c9crite de tradition occidentale &#8226; Val\u00e9rie Philippin \\\/ Cie Territoires de la voix\",\"isPartOf\":{\"@id\":\"https:\\\/\\\/www.valerie-philippin.com\\\/site\\\/#website\"},\"primaryImageOfPage\":{\"@id\":\"https:\\\/\\\/www.valerie-philippin.com\\\/site\\\/compositrices-et-compositeurs-dans-la-musique-ecrite-de-tradition-occidentale\\\/#primaryimage\"},\"image\":{\"@id\":\"https:\\\/\\\/www.valerie-philippin.com\\\/site\\\/compositrices-et-compositeurs-dans-la-musique-ecrite-de-tradition-occidentale\\\/#primaryimage\"},\"thumbnailUrl\":\"https:\\\/\\\/www.valerie-philippin.com\\\/site\\\/wp-content\\\/uploads\\\/poster-image.png\",\"datePublished\":\"2022-10-14T07:44:47+00:00\",\"dateModified\":\"2025-09-20T12:53:30+00:00\",\"breadcrumb\":{\"@id\":\"https:\\\/\\\/www.valerie-philippin.com\\\/site\\\/compositrices-et-compositeurs-dans-la-musique-ecrite-de-tradition-occidentale\\\/#breadcrumb\"},\"inLanguage\":\"fr-FR\",\"potentialAction\":[{\"@type\":\"ReadAction\",\"target\":[\"https:\\\/\\\/www.valerie-philippin.com\\\/site\\\/compositrices-et-compositeurs-dans-la-musique-ecrite-de-tradition-occidentale\\\/\"]}]},{\"@type\":\"ImageObject\",\"inLanguage\":\"fr-FR\",\"@id\":\"https:\\\/\\\/www.valerie-philippin.com\\\/site\\\/compositrices-et-compositeurs-dans-la-musique-ecrite-de-tradition-occidentale\\\/#primaryimage\",\"url\":\"https:\\\/\\\/www.valerie-philippin.com\\\/site\\\/wp-content\\\/uploads\\\/poster-image.png\",\"contentUrl\":\"https:\\\/\\\/www.valerie-philippin.com\\\/site\\\/wp-content\\\/uploads\\\/poster-image.png\",\"width\":771,\"height\":1096},{\"@type\":\"BreadcrumbList\",\"@id\":\"https:\\\/\\\/www.valerie-philippin.com\\\/site\\\/compositrices-et-compositeurs-dans-la-musique-ecrite-de-tradition-occidentale\\\/#breadcrumb\",\"itemListElement\":[{\"@type\":\"ListItem\",\"position\":1,\"name\":\"Accueil\",\"item\":\"https:\\\/\\\/www.valerie-philippin.com\\\/site\\\/\"},{\"@type\":\"ListItem\",\"position\":2,\"name\":\"compositrices et compositeurs dans la musique \u00c9crite de tradition occidentale\"}]},{\"@type\":\"WebSite\",\"@id\":\"https:\\\/\\\/www.valerie-philippin.com\\\/site\\\/#website\",\"url\":\"https:\\\/\\\/www.valerie-philippin.com\\\/site\\\/\",\"name\":\"Val\u00e9rie Philippin \\\/ Cie Territoires de la voix\",\"description\":\"FaBLab de cr\u00e9ation vocale contemporaine\",\"publisher\":{\"@id\":\"https:\\\/\\\/www.valerie-philippin.com\\\/site\\\/#organization\"},\"potentialAction\":[{\"@type\":\"SearchAction\",\"target\":{\"@type\":\"EntryPoint\",\"urlTemplate\":\"https:\\\/\\\/www.valerie-philippin.com\\\/site\\\/?s={search_term_string}\"},\"query-input\":{\"@type\":\"PropertyValueSpecification\",\"valueRequired\":true,\"valueName\":\"search_term_string\"}}],\"inLanguage\":\"fr-FR\"},{\"@type\":\"Organization\",\"@id\":\"https:\\\/\\\/www.valerie-philippin.com\\\/site\\\/#organization\",\"name\":\"Territoires de la voix\",\"url\":\"https:\\\/\\\/www.valerie-philippin.com\\\/site\\\/\",\"logo\":{\"@type\":\"ImageObject\",\"inLanguage\":\"fr-FR\",\"@id\":\"https:\\\/\\\/www.valerie-philippin.com\\\/site\\\/#\\\/schema\\\/logo\\\/image\\\/\",\"url\":\"http:\\\/\\\/www.valerie-philippin.com\\\/site\\\/wp-content\\\/uploads\\\/2020\\\/06\\\/logoterritoiresdelavoix.png\",\"contentUrl\":\"http:\\\/\\\/www.valerie-philippin.com\\\/site\\\/wp-content\\\/uploads\\\/2020\\\/06\\\/logoterritoiresdelavoix.png\",\"width\":500,\"height\":537,\"caption\":\"Territoires de la voix\"},\"image\":{\"@id\":\"https:\\\/\\\/www.valerie-philippin.com\\\/site\\\/#\\\/schema\\\/logo\\\/image\\\/\"}},{\"@type\":\"Person\",\"@id\":\"https:\\\/\\\/www.valerie-philippin.com\\\/site\\\/#\\\/schema\\\/person\\\/b4b89fdb961cd2821524f194ed6980db\",\"name\":\"Val\u00e9rie Philippin\",\"description\":\"Chanteuse, autrice, compositrice - Territoires de la Voix\",\"sameAs\":[\"http:\\\/\\\/www.valerie-philippin.com\"]}]}<\/script>\n<!-- \/ Yoast SEO plugin. -->","yoast_head_json":{"title":"compositrices et compositeurs dans la musique \u00c9crite de tradition occidentale &#8226; Val\u00e9rie Philippin \/ Cie Territoires de la voix","robots":{"index":"noindex","follow":"follow"},"og_locale":"fr_FR","og_type":"article","og_title":"compositrices et compositeurs dans la musique \u00c9crite de tradition occidentale &#8226; Val\u00e9rie Philippin \/ Cie Territoires de la voix","og_description":"Poster p\u00e9dagogique \u00c9ditions Sym\u00e9trie 2022","og_url":"https:\/\/www.valerie-philippin.com\/site\/compositrices-et-compositeurs-dans-la-musique-ecrite-de-tradition-occidentale\/","og_site_name":"Val\u00e9rie Philippin \/ Cie Territoires de la voix","article_published_time":"2022-10-14T07:44:47+00:00","article_modified_time":"2025-09-20T12:53:30+00:00","og_image":[{"width":771,"height":1096,"url":"http:\/\/www.valerie-philippin.com\/site\/wp-content\/uploads\/poster-image.png","type":"image\/png"}],"author":"Val\u00e9rie Philippin","twitter_card":"summary_large_image","twitter_misc":{"\u00c9crit par":"Val\u00e9rie Philippin","Dur\u00e9e de lecture estim\u00e9e":"2 minutes"},"schema":{"@context":"https:\/\/schema.org","@graph":[{"@type":"Article","@id":"https:\/\/www.valerie-philippin.com\/site\/compositrices-et-compositeurs-dans-la-musique-ecrite-de-tradition-occidentale\/#article","isPartOf":{"@id":"https:\/\/www.valerie-philippin.com\/site\/compositrices-et-compositeurs-dans-la-musique-ecrite-de-tradition-occidentale\/"},"author":{"name":"Val\u00e9rie Philippin","@id":"https:\/\/www.valerie-philippin.com\/site\/#\/schema\/person\/b4b89fdb961cd2821524f194ed6980db"},"headline":"compositrices et compositeurs dans la musique \u00c9crite de tradition occidentale","datePublished":"2022-10-14T07:44:47+00:00","dateModified":"2025-09-20T12:53:30+00:00","mainEntityOfPage":{"@id":"https:\/\/www.valerie-philippin.com\/site\/compositrices-et-compositeurs-dans-la-musique-ecrite-de-tradition-occidentale\/"},"wordCount":154,"publisher":{"@id":"https:\/\/www.valerie-philippin.com\/site\/#organization"},"image":{"@id":"https:\/\/www.valerie-philippin.com\/site\/compositrices-et-compositeurs-dans-la-musique-ecrite-de-tradition-occidentale\/#primaryimage"},"thumbnailUrl":"https:\/\/www.valerie-philippin.com\/site\/wp-content\/uploads\/poster-image.png","articleSection":["Publications"],"inLanguage":"fr-FR"},{"@type":"WebPage","@id":"https:\/\/www.valerie-philippin.com\/site\/compositrices-et-compositeurs-dans-la-musique-ecrite-de-tradition-occidentale\/","url":"https:\/\/www.valerie-philippin.com\/site\/compositrices-et-compositeurs-dans-la-musique-ecrite-de-tradition-occidentale\/","name":"compositrices et compositeurs dans la musique \u00c9crite de tradition occidentale &#8226; Val\u00e9rie Philippin \/ Cie Territoires de la voix","isPartOf":{"@id":"https:\/\/www.valerie-philippin.com\/site\/#website"},"primaryImageOfPage":{"@id":"https:\/\/www.valerie-philippin.com\/site\/compositrices-et-compositeurs-dans-la-musique-ecrite-de-tradition-occidentale\/#primaryimage"},"image":{"@id":"https:\/\/www.valerie-philippin.com\/site\/compositrices-et-compositeurs-dans-la-musique-ecrite-de-tradition-occidentale\/#primaryimage"},"thumbnailUrl":"https:\/\/www.valerie-philippin.com\/site\/wp-content\/uploads\/poster-image.png","datePublished":"2022-10-14T07:44:47+00:00","dateModified":"2025-09-20T12:53:30+00:00","breadcrumb":{"@id":"https:\/\/www.valerie-philippin.com\/site\/compositrices-et-compositeurs-dans-la-musique-ecrite-de-tradition-occidentale\/#breadcrumb"},"inLanguage":"fr-FR","potentialAction":[{"@type":"ReadAction","target":["https:\/\/www.valerie-philippin.com\/site\/compositrices-et-compositeurs-dans-la-musique-ecrite-de-tradition-occidentale\/"]}]},{"@type":"ImageObject","inLanguage":"fr-FR","@id":"https:\/\/www.valerie-philippin.com\/site\/compositrices-et-compositeurs-dans-la-musique-ecrite-de-tradition-occidentale\/#primaryimage","url":"https:\/\/www.valerie-philippin.com\/site\/wp-content\/uploads\/poster-image.png","contentUrl":"https:\/\/www.valerie-philippin.com\/site\/wp-content\/uploads\/poster-image.png","width":771,"height":1096},{"@type":"BreadcrumbList","@id":"https:\/\/www.valerie-philippin.com\/site\/compositrices-et-compositeurs-dans-la-musique-ecrite-de-tradition-occidentale\/#breadcrumb","itemListElement":[{"@type":"ListItem","position":1,"name":"Accueil","item":"https:\/\/www.valerie-philippin.com\/site\/"},{"@type":"ListItem","position":2,"name":"compositrices et compositeurs dans la musique \u00c9crite de tradition occidentale"}]},{"@type":"WebSite","@id":"https:\/\/www.valerie-philippin.com\/site\/#website","url":"https:\/\/www.valerie-philippin.com\/site\/","name":"Val\u00e9rie Philippin \/ Cie Territoires de la voix","description":"FaBLab de cr\u00e9ation vocale contemporaine","publisher":{"@id":"https:\/\/www.valerie-philippin.com\/site\/#organization"},"potentialAction":[{"@type":"SearchAction","target":{"@type":"EntryPoint","urlTemplate":"https:\/\/www.valerie-philippin.com\/site\/?s={search_term_string}"},"query-input":{"@type":"PropertyValueSpecification","valueRequired":true,"valueName":"search_term_string"}}],"inLanguage":"fr-FR"},{"@type":"Organization","@id":"https:\/\/www.valerie-philippin.com\/site\/#organization","name":"Territoires de la voix","url":"https:\/\/www.valerie-philippin.com\/site\/","logo":{"@type":"ImageObject","inLanguage":"fr-FR","@id":"https:\/\/www.valerie-philippin.com\/site\/#\/schema\/logo\/image\/","url":"http:\/\/www.valerie-philippin.com\/site\/wp-content\/uploads\/2020\/06\/logoterritoiresdelavoix.png","contentUrl":"http:\/\/www.valerie-philippin.com\/site\/wp-content\/uploads\/2020\/06\/logoterritoiresdelavoix.png","width":500,"height":537,"caption":"Territoires de la voix"},"image":{"@id":"https:\/\/www.valerie-philippin.com\/site\/#\/schema\/logo\/image\/"}},{"@type":"Person","@id":"https:\/\/www.valerie-philippin.com\/site\/#\/schema\/person\/b4b89fdb961cd2821524f194ed6980db","name":"Val\u00e9rie Philippin","description":"Chanteuse, autrice, compositrice - Territoires de la Voix","sameAs":["http:\/\/www.valerie-philippin.com"]}]}},"_links":{"self":[{"href":"https:\/\/www.valerie-philippin.com\/site\/wp-json\/wp\/v2\/posts\/4038","targetHints":{"allow":["GET"]}}],"collection":[{"href":"https:\/\/www.valerie-philippin.com\/site\/wp-json\/wp\/v2\/posts"}],"about":[{"href":"https:\/\/www.valerie-philippin.com\/site\/wp-json\/wp\/v2\/types\/post"}],"author":[{"embeddable":true,"href":"https:\/\/www.valerie-philippin.com\/site\/wp-json\/wp\/v2\/users\/2"}],"replies":[{"embeddable":true,"href":"https:\/\/www.valerie-philippin.com\/site\/wp-json\/wp\/v2\/comments?post=4038"}],"version-history":[{"count":17,"href":"https:\/\/www.valerie-philippin.com\/site\/wp-json\/wp\/v2\/posts\/4038\/revisions"}],"predecessor-version":[{"id":6334,"href":"https:\/\/www.valerie-philippin.com\/site\/wp-json\/wp\/v2\/posts\/4038\/revisions\/6334"}],"wp:featuredmedia":[{"embeddable":true,"href":"https:\/\/www.valerie-philippin.com\/site\/wp-json\/wp\/v2\/media\/4042"}],"wp:attachment":[{"href":"https:\/\/www.valerie-philippin.com\/site\/wp-json\/wp\/v2\/media?parent=4038"}],"wp:term":[{"taxonomy":"category","embeddable":true,"href":"https:\/\/www.valerie-philippin.com\/site\/wp-json\/wp\/v2\/categories?post=4038"},{"taxonomy":"post_tag","embeddable":true,"href":"https:\/\/www.valerie-philippin.com\/site\/wp-json\/wp\/v2\/tags?post=4038"}],"curies":[{"name":"wp","href":"https:\/\/api.w.org\/{rel}","templated":true}]}}