{"id":3887,"date":"2022-01-12T13:09:50","date_gmt":"2022-01-12T12:09:50","guid":{"rendered":"http:\/\/www.valerie-philippin.com\/site\/?p=3887"},"modified":"2024-01-18T10:24:04","modified_gmt":"2024-01-18T09:24:04","slug":"ou-atterrir","status":"publish","type":"post","link":"https:\/\/www.valerie-philippin.com\/site\/ou-atterrir\/","title":{"rendered":"O\u00f9 ATTERRIR"},"content":{"rendered":"\n<div class=\"wp-block-columns is-layout-flex wp-container-core-columns-is-layout-9d6595d7 wp-block-columns-is-layout-flex\">\n<div class=\"wp-block-column is-layout-flow wp-block-column-is-layout-flow\">\n<p><strong><strong><em>\u00c0 propos<\/em><\/strong><\/strong><br>Exp\u00e9rimentation artistique, scientifique et politique initi\u00e9e par le philosophe Bruno Latour et le consortium O\u00f9 Atterrir, d\u00e9clin\u00e9e par le collectif Rivages en partenariat avec Territoires de la Voix, LaBase, la ville de Bordeaux, l\u2019\u00e9cole des Beaux-Arts de Bordeaux.<\/p>\n\n\n\n<p><strong><em>\u00c9quipe<\/em><\/strong><br>Artistes et scientifiques&nbsp;du Collectif Rivages : Ma\u00ebliss Dupont, Lo\u00efc Chabrier, Val\u00e9rie Philippin, S\u00e9verine Lef\u00e8vre, Marion Albert, Pascale Bosbeuf<\/p>\n\n\n\n<p><em><strong>Dates<\/strong><\/em><br>Atelier conf\u00e9rence anim\u00e9 par Bruno Latour<br>Manufacture CDNC Bordeaux &#8211; Carr\u00e9 Colonne Sc\u00e8ne Nationale Saint-M\u00e9dard-en-Jalles, 18-19 septembre 2021 <br>Ateliers \u00e0 la sc\u00e8ne nationale Carr\u00e9-Colonne et Manufacture CDCN, septembre 2021 \u00e0 juin 2022,<\/p>\n\n\n\n<p><strong><em>Partenaires<\/em><\/strong><br><meta charset=\"utf-8\">Carr\u00e9 Colonne Sc\u00e8ne Nationale, <meta charset=\"utf-8\">Manufacture CDCN, Ville de Bordeaux, Acclimaterra, FutursACT, Ecobiose, Cr\u00e9dit Mutuel du Sud-Ouest, Labase, Usine V\u00e9g\u00e9tale, EBABX ecole des Beaux Arts de Bordeaux, cie S.Composition, cie Territoires de la Voix<\/p>\n\n\n\n<p><strong><em>Lien<\/em><\/strong><br>https:\/\/collectifrivage.wixsite.com\/rivage<\/p>\n<\/div>\n\n\n\n<div class=\"wp-block-column is-layout-flow wp-block-column-is-layout-flow\">\n<figure class=\"wp-block-image size-large is-style-default\"><img loading=\"lazy\" decoding=\"async\" width=\"728\" height=\"1024\" src=\"http:\/\/www.valerie-philippin.com\/site\/wp-content\/uploads\/AFFICHE-logo-_-Ou-atterrir-_-Collectif-Rivage-A3-728x1024.webp\" alt=\"\" class=\"wp-image-3888\" srcset=\"https:\/\/www.valerie-philippin.com\/site\/wp-content\/uploads\/AFFICHE-logo-_-Ou-atterrir-_-Collectif-Rivage-A3-728x1024.webp 728w, https:\/\/www.valerie-philippin.com\/site\/wp-content\/uploads\/AFFICHE-logo-_-Ou-atterrir-_-Collectif-Rivage-A3-356x500.webp 356w, https:\/\/www.valerie-philippin.com\/site\/wp-content\/uploads\/AFFICHE-logo-_-Ou-atterrir-_-Collectif-Rivage-A3.webp 758w\" sizes=\"auto, (max-width: 728px) 100vw, 728px\" \/><\/figure>\n<\/div>\n\n\n\n<div class=\"wp-block-column is-layout-flow wp-block-column-is-layout-flow\"><\/div>\n<\/div>\n","protected":false},"excerpt":{"rendered":"<p>Exp\u00e9rimentation artistique, scientifique et politique<br \/>\nD&rsquo;apr\u00e8s le livre de Bruno Latour<br \/>\nPartenariat avec le collectif Rivages<br \/>\nSeptembre 2021 \u00e0 juin 2022<\/p>\n","protected":false},"author":2,"featured_media":3889,"comment_status":"closed","ping_status":"closed","sticky":false,"template":"","format":"standard","meta":{"footnotes":""},"categories":[6,9],"tags":[],"class_list":["post-3887","post","type-post","status-publish","format-standard","has-post-thumbnail","hentry","category-spectacles","category-inventaire-productions"],"yoast_head":"<!-- This site is optimized with the Yoast SEO plugin v27.5 - https:\/\/yoast.com\/product\/yoast-seo-wordpress\/ -->\n<title>O\u00f9 ATTERRIR &#8226; Val\u00e9rie Philippin \/ Cie Territoires de la voix<\/title>\n<meta name=\"robots\" content=\"noindex, follow\" \/>\n<meta property=\"og:locale\" content=\"fr_FR\" \/>\n<meta property=\"og:type\" content=\"article\" \/>\n<meta property=\"og:title\" content=\"O\u00f9 ATTERRIR &#8226; Val\u00e9rie Philippin \/ Cie Territoires de la voix\" \/>\n<meta property=\"og:description\" content=\"Exp\u00e9rimentation artistique, scientifique et politique D&#039;apr\u00e8s le livre de Bruno Latour Partenariat avec le collectif Rivages Septembre 2021 \u00e0 juin 2022\" \/>\n<meta property=\"og:url\" content=\"https:\/\/www.valerie-philippin.com\/site\/ou-atterrir\/\" \/>\n<meta property=\"og:site_name\" content=\"Val\u00e9rie Philippin \/ Cie Territoires de la voix\" \/>\n<meta property=\"article:published_time\" content=\"2022-01-12T12:09:50+00:00\" \/>\n<meta property=\"article:modified_time\" content=\"2024-01-18T09:24:04+00:00\" \/>\n<meta property=\"og:image\" content=\"https:\/\/www.valerie-philippin.com\/site\/wp-content\/uploads\/Ou\u0300-atterrir.jpg\" \/>\n\t<meta property=\"og:image:width\" content=\"275\" \/>\n\t<meta property=\"og:image:height\" content=\"183\" \/>\n\t<meta property=\"og:image:type\" content=\"image\/jpeg\" \/>\n<meta name=\"author\" content=\"Val\u00e9rie Philippin\" \/>\n<meta name=\"twitter:card\" content=\"summary_large_image\" \/>\n<meta name=\"twitter:label1\" content=\"\u00c9crit par\" \/>\n\t<meta name=\"twitter:data1\" content=\"Val\u00e9rie Philippin\" \/>\n\t<meta name=\"twitter:label2\" content=\"Dur\u00e9e de lecture estim\u00e9e\" \/>\n\t<meta name=\"twitter:data2\" content=\"1 minute\" \/>\n<script type=\"application\/ld+json\" class=\"yoast-schema-graph\">{\"@context\":\"https:\\\/\\\/schema.org\",\"@graph\":[{\"@type\":\"Article\",\"@id\":\"https:\\\/\\\/www.valerie-philippin.com\\\/site\\\/ou-atterrir\\\/#article\",\"isPartOf\":{\"@id\":\"https:\\\/\\\/www.valerie-philippin.com\\\/site\\\/ou-atterrir\\\/\"},\"author\":{\"name\":\"Val\u00e9rie Philippin\",\"@id\":\"https:\\\/\\\/www.valerie-philippin.com\\\/site\\\/#\\\/schema\\\/person\\\/b4b89fdb961cd2821524f194ed6980db\"},\"headline\":\"O\u00f9 ATTERRIR\",\"datePublished\":\"2022-01-12T12:09:50+00:00\",\"dateModified\":\"2024-01-18T09:24:04+00:00\",\"mainEntityOfPage\":{\"@id\":\"https:\\\/\\\/www.valerie-philippin.com\\\/site\\\/ou-atterrir\\\/\"},\"wordCount\":148,\"publisher\":{\"@id\":\"https:\\\/\\\/www.valerie-philippin.com\\\/site\\\/#organization\"},\"image\":{\"@id\":\"https:\\\/\\\/www.valerie-philippin.com\\\/site\\\/ou-atterrir\\\/#primaryimage\"},\"thumbnailUrl\":\"https:\\\/\\\/www.valerie-philippin.com\\\/site\\\/wp-content\\\/uploads\\\/Ou\u0300-atterrir.jpg\",\"articleSection\":[\"FabLab \\\/ Spectacles\",\"Inventaire\"],\"inLanguage\":\"fr-FR\"},{\"@type\":\"WebPage\",\"@id\":\"https:\\\/\\\/www.valerie-philippin.com\\\/site\\\/ou-atterrir\\\/\",\"url\":\"https:\\\/\\\/www.valerie-philippin.com\\\/site\\\/ou-atterrir\\\/\",\"name\":\"O\u00f9 ATTERRIR &#8226; Val\u00e9rie Philippin \\\/ Cie Territoires de la voix\",\"isPartOf\":{\"@id\":\"https:\\\/\\\/www.valerie-philippin.com\\\/site\\\/#website\"},\"primaryImageOfPage\":{\"@id\":\"https:\\\/\\\/www.valerie-philippin.com\\\/site\\\/ou-atterrir\\\/#primaryimage\"},\"image\":{\"@id\":\"https:\\\/\\\/www.valerie-philippin.com\\\/site\\\/ou-atterrir\\\/#primaryimage\"},\"thumbnailUrl\":\"https:\\\/\\\/www.valerie-philippin.com\\\/site\\\/wp-content\\\/uploads\\\/Ou\u0300-atterrir.jpg\",\"datePublished\":\"2022-01-12T12:09:50+00:00\",\"dateModified\":\"2024-01-18T09:24:04+00:00\",\"breadcrumb\":{\"@id\":\"https:\\\/\\\/www.valerie-philippin.com\\\/site\\\/ou-atterrir\\\/#breadcrumb\"},\"inLanguage\":\"fr-FR\",\"potentialAction\":[{\"@type\":\"ReadAction\",\"target\":[\"https:\\\/\\\/www.valerie-philippin.com\\\/site\\\/ou-atterrir\\\/\"]}]},{\"@type\":\"ImageObject\",\"inLanguage\":\"fr-FR\",\"@id\":\"https:\\\/\\\/www.valerie-philippin.com\\\/site\\\/ou-atterrir\\\/#primaryimage\",\"url\":\"https:\\\/\\\/www.valerie-philippin.com\\\/site\\\/wp-content\\\/uploads\\\/Ou\u0300-atterrir.jpg\",\"contentUrl\":\"https:\\\/\\\/www.valerie-philippin.com\\\/site\\\/wp-content\\\/uploads\\\/Ou\u0300-atterrir.jpg\",\"width\":275,\"height\":183},{\"@type\":\"BreadcrumbList\",\"@id\":\"https:\\\/\\\/www.valerie-philippin.com\\\/site\\\/ou-atterrir\\\/#breadcrumb\",\"itemListElement\":[{\"@type\":\"ListItem\",\"position\":1,\"name\":\"Accueil\",\"item\":\"https:\\\/\\\/www.valerie-philippin.com\\\/site\\\/\"},{\"@type\":\"ListItem\",\"position\":2,\"name\":\"O\u00f9 ATTERRIR\"}]},{\"@type\":\"WebSite\",\"@id\":\"https:\\\/\\\/www.valerie-philippin.com\\\/site\\\/#website\",\"url\":\"https:\\\/\\\/www.valerie-philippin.com\\\/site\\\/\",\"name\":\"Val\u00e9rie Philippin \\\/ Cie Territoires de la voix\",\"description\":\"FaBLab de cr\u00e9ation vocale contemporaine\",\"publisher\":{\"@id\":\"https:\\\/\\\/www.valerie-philippin.com\\\/site\\\/#organization\"},\"potentialAction\":[{\"@type\":\"SearchAction\",\"target\":{\"@type\":\"EntryPoint\",\"urlTemplate\":\"https:\\\/\\\/www.valerie-philippin.com\\\/site\\\/?s={search_term_string}\"},\"query-input\":{\"@type\":\"PropertyValueSpecification\",\"valueRequired\":true,\"valueName\":\"search_term_string\"}}],\"inLanguage\":\"fr-FR\"},{\"@type\":\"Organization\",\"@id\":\"https:\\\/\\\/www.valerie-philippin.com\\\/site\\\/#organization\",\"name\":\"Territoires de la voix\",\"url\":\"https:\\\/\\\/www.valerie-philippin.com\\\/site\\\/\",\"logo\":{\"@type\":\"ImageObject\",\"inLanguage\":\"fr-FR\",\"@id\":\"https:\\\/\\\/www.valerie-philippin.com\\\/site\\\/#\\\/schema\\\/logo\\\/image\\\/\",\"url\":\"http:\\\/\\\/www.valerie-philippin.com\\\/site\\\/wp-content\\\/uploads\\\/2020\\\/06\\\/logoterritoiresdelavoix.png\",\"contentUrl\":\"http:\\\/\\\/www.valerie-philippin.com\\\/site\\\/wp-content\\\/uploads\\\/2020\\\/06\\\/logoterritoiresdelavoix.png\",\"width\":500,\"height\":537,\"caption\":\"Territoires de la voix\"},\"image\":{\"@id\":\"https:\\\/\\\/www.valerie-philippin.com\\\/site\\\/#\\\/schema\\\/logo\\\/image\\\/\"}},{\"@type\":\"Person\",\"@id\":\"https:\\\/\\\/www.valerie-philippin.com\\\/site\\\/#\\\/schema\\\/person\\\/b4b89fdb961cd2821524f194ed6980db\",\"name\":\"Val\u00e9rie Philippin\",\"description\":\"Chanteuse, autrice, compositrice - Territoires de la Voix\",\"sameAs\":[\"http:\\\/\\\/www.valerie-philippin.com\"]}]}<\/script>\n<!-- \/ Yoast SEO plugin. -->","yoast_head_json":{"title":"O\u00f9 ATTERRIR &#8226; Val\u00e9rie Philippin \/ Cie Territoires de la voix","robots":{"index":"noindex","follow":"follow"},"og_locale":"fr_FR","og_type":"article","og_title":"O\u00f9 ATTERRIR &#8226; Val\u00e9rie Philippin \/ Cie Territoires de la voix","og_description":"Exp\u00e9rimentation artistique, scientifique et politique D'apr\u00e8s le livre de Bruno Latour Partenariat avec le collectif Rivages Septembre 2021 \u00e0 juin 2022","og_url":"https:\/\/www.valerie-philippin.com\/site\/ou-atterrir\/","og_site_name":"Val\u00e9rie Philippin \/ Cie Territoires de la voix","article_published_time":"2022-01-12T12:09:50+00:00","article_modified_time":"2024-01-18T09:24:04+00:00","og_image":[{"width":275,"height":183,"url":"https:\/\/www.valerie-philippin.com\/site\/wp-content\/uploads\/Ou\u0300-atterrir.jpg","type":"image\/jpeg"}],"author":"Val\u00e9rie Philippin","twitter_card":"summary_large_image","twitter_misc":{"\u00c9crit par":"Val\u00e9rie Philippin","Dur\u00e9e de lecture estim\u00e9e":"1 minute"},"schema":{"@context":"https:\/\/schema.org","@graph":[{"@type":"Article","@id":"https:\/\/www.valerie-philippin.com\/site\/ou-atterrir\/#article","isPartOf":{"@id":"https:\/\/www.valerie-philippin.com\/site\/ou-atterrir\/"},"author":{"name":"Val\u00e9rie Philippin","@id":"https:\/\/www.valerie-philippin.com\/site\/#\/schema\/person\/b4b89fdb961cd2821524f194ed6980db"},"headline":"O\u00f9 ATTERRIR","datePublished":"2022-01-12T12:09:50+00:00","dateModified":"2024-01-18T09:24:04+00:00","mainEntityOfPage":{"@id":"https:\/\/www.valerie-philippin.com\/site\/ou-atterrir\/"},"wordCount":148,"publisher":{"@id":"https:\/\/www.valerie-philippin.com\/site\/#organization"},"image":{"@id":"https:\/\/www.valerie-philippin.com\/site\/ou-atterrir\/#primaryimage"},"thumbnailUrl":"https:\/\/www.valerie-philippin.com\/site\/wp-content\/uploads\/Ou\u0300-atterrir.jpg","articleSection":["FabLab \/ Spectacles","Inventaire"],"inLanguage":"fr-FR"},{"@type":"WebPage","@id":"https:\/\/www.valerie-philippin.com\/site\/ou-atterrir\/","url":"https:\/\/www.valerie-philippin.com\/site\/ou-atterrir\/","name":"O\u00f9 ATTERRIR &#8226; Val\u00e9rie Philippin \/ Cie Territoires de la voix","isPartOf":{"@id":"https:\/\/www.valerie-philippin.com\/site\/#website"},"primaryImageOfPage":{"@id":"https:\/\/www.valerie-philippin.com\/site\/ou-atterrir\/#primaryimage"},"image":{"@id":"https:\/\/www.valerie-philippin.com\/site\/ou-atterrir\/#primaryimage"},"thumbnailUrl":"https:\/\/www.valerie-philippin.com\/site\/wp-content\/uploads\/Ou\u0300-atterrir.jpg","datePublished":"2022-01-12T12:09:50+00:00","dateModified":"2024-01-18T09:24:04+00:00","breadcrumb":{"@id":"https:\/\/www.valerie-philippin.com\/site\/ou-atterrir\/#breadcrumb"},"inLanguage":"fr-FR","potentialAction":[{"@type":"ReadAction","target":["https:\/\/www.valerie-philippin.com\/site\/ou-atterrir\/"]}]},{"@type":"ImageObject","inLanguage":"fr-FR","@id":"https:\/\/www.valerie-philippin.com\/site\/ou-atterrir\/#primaryimage","url":"https:\/\/www.valerie-philippin.com\/site\/wp-content\/uploads\/Ou\u0300-atterrir.jpg","contentUrl":"https:\/\/www.valerie-philippin.com\/site\/wp-content\/uploads\/Ou\u0300-atterrir.jpg","width":275,"height":183},{"@type":"BreadcrumbList","@id":"https:\/\/www.valerie-philippin.com\/site\/ou-atterrir\/#breadcrumb","itemListElement":[{"@type":"ListItem","position":1,"name":"Accueil","item":"https:\/\/www.valerie-philippin.com\/site\/"},{"@type":"ListItem","position":2,"name":"O\u00f9 ATTERRIR"}]},{"@type":"WebSite","@id":"https:\/\/www.valerie-philippin.com\/site\/#website","url":"https:\/\/www.valerie-philippin.com\/site\/","name":"Val\u00e9rie Philippin \/ Cie Territoires de la voix","description":"FaBLab de cr\u00e9ation vocale contemporaine","publisher":{"@id":"https:\/\/www.valerie-philippin.com\/site\/#organization"},"potentialAction":[{"@type":"SearchAction","target":{"@type":"EntryPoint","urlTemplate":"https:\/\/www.valerie-philippin.com\/site\/?s={search_term_string}"},"query-input":{"@type":"PropertyValueSpecification","valueRequired":true,"valueName":"search_term_string"}}],"inLanguage":"fr-FR"},{"@type":"Organization","@id":"https:\/\/www.valerie-philippin.com\/site\/#organization","name":"Territoires de la voix","url":"https:\/\/www.valerie-philippin.com\/site\/","logo":{"@type":"ImageObject","inLanguage":"fr-FR","@id":"https:\/\/www.valerie-philippin.com\/site\/#\/schema\/logo\/image\/","url":"http:\/\/www.valerie-philippin.com\/site\/wp-content\/uploads\/2020\/06\/logoterritoiresdelavoix.png","contentUrl":"http:\/\/www.valerie-philippin.com\/site\/wp-content\/uploads\/2020\/06\/logoterritoiresdelavoix.png","width":500,"height":537,"caption":"Territoires de la voix"},"image":{"@id":"https:\/\/www.valerie-philippin.com\/site\/#\/schema\/logo\/image\/"}},{"@type":"Person","@id":"https:\/\/www.valerie-philippin.com\/site\/#\/schema\/person\/b4b89fdb961cd2821524f194ed6980db","name":"Val\u00e9rie Philippin","description":"Chanteuse, autrice, compositrice - Territoires de la Voix","sameAs":["http:\/\/www.valerie-philippin.com"]}]}},"_links":{"self":[{"href":"https:\/\/www.valerie-philippin.com\/site\/wp-json\/wp\/v2\/posts\/3887","targetHints":{"allow":["GET"]}}],"collection":[{"href":"https:\/\/www.valerie-philippin.com\/site\/wp-json\/wp\/v2\/posts"}],"about":[{"href":"https:\/\/www.valerie-philippin.com\/site\/wp-json\/wp\/v2\/types\/post"}],"author":[{"embeddable":true,"href":"https:\/\/www.valerie-philippin.com\/site\/wp-json\/wp\/v2\/users\/2"}],"replies":[{"embeddable":true,"href":"https:\/\/www.valerie-philippin.com\/site\/wp-json\/wp\/v2\/comments?post=3887"}],"version-history":[{"count":7,"href":"https:\/\/www.valerie-philippin.com\/site\/wp-json\/wp\/v2\/posts\/3887\/revisions"}],"predecessor-version":[{"id":4597,"href":"https:\/\/www.valerie-philippin.com\/site\/wp-json\/wp\/v2\/posts\/3887\/revisions\/4597"}],"wp:featuredmedia":[{"embeddable":true,"href":"https:\/\/www.valerie-philippin.com\/site\/wp-json\/wp\/v2\/media\/3889"}],"wp:attachment":[{"href":"https:\/\/www.valerie-philippin.com\/site\/wp-json\/wp\/v2\/media?parent=3887"}],"wp:term":[{"taxonomy":"category","embeddable":true,"href":"https:\/\/www.valerie-philippin.com\/site\/wp-json\/wp\/v2\/categories?post=3887"},{"taxonomy":"post_tag","embeddable":true,"href":"https:\/\/www.valerie-philippin.com\/site\/wp-json\/wp\/v2\/tags?post=3887"}],"curies":[{"name":"wp","href":"https:\/\/api.w.org\/{rel}","templated":true}]}}