{"id":3882,"date":"2022-01-12T10:50:54","date_gmt":"2022-01-12T09:50:54","guid":{"rendered":"http:\/\/www.valerie-philippin.com\/site\/?p=3882"},"modified":"2025-09-08T16:34:04","modified_gmt":"2025-09-08T14:34:04","slug":"tnb-ecole-superieure-dart-dramatique","status":"publish","type":"post","link":"https:\/\/www.valerie-philippin.com\/site\/tnb-ecole-superieure-dart-dramatique\/","title":{"rendered":"TNB &#8211; \u00c9COLE SUP\u00c9RIEURE D&rsquo;ART DRAMATIQUE"},"content":{"rendered":"\n<div class=\"wp-block-columns is-layout-flex wp-container-core-columns-is-layout-9d6595d7 wp-block-columns-is-layout-flex\">\n<div class=\"wp-block-column is-layout-flow wp-block-column-is-layout-flow\">\n<p><em><strong>\u00c0 propos<\/strong><\/em><\/p>\n\n\n\n<p>Val\u00e9rie Philippin propose aux \u00e9tudiant\u00b7es d\u2019acqu\u00e9rir sur trois ans les bases techniques pour la voix parl\u00e9e et chant\u00e9e et d\u2019aborder des textes et chants de r\u00e9pertoires po\u00e9tiques et musicaux divers, solistes et polyphoniques, pour d\u00e9velopper une virtuosit\u00e9 vocale dans des changements rapides de registres, d\u2019\u00e9tats, de couleurs, d\u2019intensit\u00e9, d\u2019expression. L\u2019improvisation libre vient compl\u00e9ter ce travail vocal pour s\u2019exercer \u00e0 l\u2019invention, l\u2019exploration et l\u2019extension des possibilit\u00e9s vocales, l\u2019\u00e9coute et la r\u00e9activit\u00e9, le rapport \u00e0 l\u2019espace. Ce travail ouvre sur la conception de formes solistes et chorales associant voix, mouvement et mise en sc\u00e8ne, \u00e0 partir de pi\u00e8ces issues de r\u00e9pertoires musicaux et de po\u00e9sie sonore des XX<sup>e<\/sup>\u00a0et XXI<sup>e<\/sup>\u00a0si\u00e8cles, ou \u00e9crits par eux.\u00a0<\/p>\n\n\n\n<p><strong><em>En public<\/em><\/strong><br><br>En 2023, les \u00e9l\u00e8ves de la promotion 11 suivis pendant trois ann\u00e9es par Val\u00e9rie Philippin et la com\u00e9dienne Emmanuelle Lafon ont pr\u00e9sent\u00e9 au public <strong><em>Des organismes extraordinaires<\/em><\/strong>, parcours de th\u00e9\u00e2tre musical, chant et po\u00e9sie sonore dans tous l&rsquo;espace du th\u00e9\u00e2tre<\/p>\n\n\n\n<p><em><strong>Renseignements \/ inscriptions<\/strong><\/em><br><a href=\"mailto:ecole@t-n-b.fr\">ecole@t-n-b.fr<\/a><\/p>\n<\/div>\n\n\n\n<div class=\"wp-block-column is-layout-flow wp-block-column-is-layout-flow\">\n<figure class=\"wp-block-image size-large is-resized is-style-default\"><img loading=\"lazy\" decoding=\"async\" width=\"1024\" height=\"683\" src=\"http:\/\/www.valerie-philippin.com\/site\/wp-content\/uploads\/STAGE-VALERIE-PHILIPPIN_\u00a9GWENDAL-LE-FLEM-41-1024x683.jpg\" alt=\"\" class=\"wp-image-5787\" style=\"width:261px;height:auto\" srcset=\"https:\/\/www.valerie-philippin.com\/site\/wp-content\/uploads\/STAGE-VALERIE-PHILIPPIN_\u00a9GWENDAL-LE-FLEM-41-1024x683.jpg 1024w, https:\/\/www.valerie-philippin.com\/site\/wp-content\/uploads\/STAGE-VALERIE-PHILIPPIN_\u00a9GWENDAL-LE-FLEM-41-500x333.jpg 500w, https:\/\/www.valerie-philippin.com\/site\/wp-content\/uploads\/STAGE-VALERIE-PHILIPPIN_\u00a9GWENDAL-LE-FLEM-41-768x512.jpg 768w, https:\/\/www.valerie-philippin.com\/site\/wp-content\/uploads\/STAGE-VALERIE-PHILIPPIN_\u00a9GWENDAL-LE-FLEM-41-1536x1024.jpg 1536w, https:\/\/www.valerie-philippin.com\/site\/wp-content\/uploads\/STAGE-VALERIE-PHILIPPIN_\u00a9GWENDAL-LE-FLEM-41-2048x1366.jpg 2048w\" sizes=\"auto, (max-width: 1024px) 100vw, 1024px\" \/><\/figure>\n\n\n\n<figure class=\"wp-block-image size-large is-style-default\"><img loading=\"lazy\" decoding=\"async\" width=\"1024\" height=\"683\" src=\"http:\/\/www.valerie-philippin.com\/site\/wp-content\/uploads\/STAGE-VALERIE-PHILIPPIN_\u00a9GWENDAL-LE-FLEM-47-1024x683.jpg\" alt=\"\" class=\"wp-image-5788\" srcset=\"https:\/\/www.valerie-philippin.com\/site\/wp-content\/uploads\/STAGE-VALERIE-PHILIPPIN_\u00a9GWENDAL-LE-FLEM-47-1024x683.jpg 1024w, https:\/\/www.valerie-philippin.com\/site\/wp-content\/uploads\/STAGE-VALERIE-PHILIPPIN_\u00a9GWENDAL-LE-FLEM-47-500x333.jpg 500w, https:\/\/www.valerie-philippin.com\/site\/wp-content\/uploads\/STAGE-VALERIE-PHILIPPIN_\u00a9GWENDAL-LE-FLEM-47-768x512.jpg 768w, https:\/\/www.valerie-philippin.com\/site\/wp-content\/uploads\/STAGE-VALERIE-PHILIPPIN_\u00a9GWENDAL-LE-FLEM-47-1536x1024.jpg 1536w, https:\/\/www.valerie-philippin.com\/site\/wp-content\/uploads\/STAGE-VALERIE-PHILIPPIN_\u00a9GWENDAL-LE-FLEM-47-2048x1366.jpg 2048w\" sizes=\"auto, (max-width: 1024px) 100vw, 1024px\" \/><figcaption class=\"wp-element-caption\">master classe avec la promo 12 &#8211; octobre 2024<\/figcaption><\/figure>\n<\/div>\n\n\n\n<div class=\"wp-block-column is-layout-flow wp-block-column-is-layout-flow\">\n<figure class=\"wp-block-image size-large is-style-default\"><img loading=\"lazy\" decoding=\"async\" width=\"461\" height=\"1024\" src=\"http:\/\/www.valerie-philippin.com\/site\/wp-content\/uploads\/TNB-sept-2023-461x1024.jpg\" alt=\"\" class=\"wp-image-4435\" srcset=\"https:\/\/www.valerie-philippin.com\/site\/wp-content\/uploads\/TNB-sept-2023-461x1024.jpg 461w, https:\/\/www.valerie-philippin.com\/site\/wp-content\/uploads\/TNB-sept-2023-225x500.jpg 225w, https:\/\/www.valerie-philippin.com\/site\/wp-content\/uploads\/TNB-sept-2023-768x1707.jpg 768w, https:\/\/www.valerie-philippin.com\/site\/wp-content\/uploads\/TNB-sept-2023-691x1536.jpg 691w, https:\/\/www.valerie-philippin.com\/site\/wp-content\/uploads\/TNB-sept-2023-922x2048.jpg 922w, https:\/\/www.valerie-philippin.com\/site\/wp-content\/uploads\/TNB-sept-2023-scaled.jpg 1152w\" sizes=\"auto, (max-width: 461px) 100vw, 461px\" \/><\/figure>\n<\/div>\n<\/div>\n","protected":false},"excerpt":{"rendered":"<p>Ecole du TNB &#8211; th\u00e9\u00e2tre National de Bretagne<br \/>\ndepuis 2020<\/p>\n","protected":false},"author":2,"featured_media":3883,"comment_status":"closed","ping_status":"closed","sticky":false,"template":"","format":"standard","meta":{"footnotes":""},"categories":[18,16],"tags":[],"class_list":["post-3882","post","type-post","status-publish","format-standard","has-post-thumbnail","hentry","category-cours-reguliers","category-formation-professionnelle"],"yoast_head":"<!-- This site is optimized with the Yoast SEO plugin v27.5 - https:\/\/yoast.com\/product\/yoast-seo-wordpress\/ -->\n<title>TNB - \u00c9COLE SUP\u00c9RIEURE D&#039;ART DRAMATIQUE &#8226; Val\u00e9rie Philippin \/ Cie Territoires de la voix<\/title>\n<meta name=\"robots\" content=\"noindex, follow\" \/>\n<meta property=\"og:locale\" content=\"fr_FR\" \/>\n<meta property=\"og:type\" content=\"article\" \/>\n<meta property=\"og:title\" content=\"TNB - \u00c9COLE SUP\u00c9RIEURE D&#039;ART DRAMATIQUE &#8226; Val\u00e9rie Philippin \/ Cie Territoires de la voix\" \/>\n<meta property=\"og:description\" content=\"Ecole du TNB - th\u00e9\u00e2tre National de Bretagne depuis 2020\" \/>\n<meta property=\"og:url\" content=\"https:\/\/www.valerie-philippin.com\/site\/tnb-ecole-superieure-dart-dramatique\/\" \/>\n<meta property=\"og:site_name\" content=\"Val\u00e9rie Philippin \/ Cie Territoires de la voix\" \/>\n<meta property=\"article:published_time\" content=\"2022-01-12T09:50:54+00:00\" \/>\n<meta property=\"article:modified_time\" content=\"2025-09-08T14:34:04+00:00\" \/>\n<meta property=\"og:image\" content=\"http:\/\/www.valerie-philippin.com\/site\/wp-content\/uploads\/Operette-TNB.jpg\" \/>\n\t<meta property=\"og:image:width\" content=\"275\" \/>\n\t<meta property=\"og:image:height\" content=\"183\" \/>\n\t<meta property=\"og:image:type\" content=\"image\/jpeg\" \/>\n<meta name=\"author\" content=\"Val\u00e9rie Philippin\" \/>\n<meta name=\"twitter:card\" content=\"summary_large_image\" \/>\n<meta name=\"twitter:label1\" content=\"\u00c9crit par\" \/>\n\t<meta name=\"twitter:data1\" content=\"Val\u00e9rie Philippin\" \/>\n\t<meta name=\"twitter:label2\" content=\"Dur\u00e9e de lecture estim\u00e9e\" \/>\n\t<meta name=\"twitter:data2\" content=\"2 minutes\" \/>\n<script type=\"application\/ld+json\" class=\"yoast-schema-graph\">{\"@context\":\"https:\\\/\\\/schema.org\",\"@graph\":[{\"@type\":\"Article\",\"@id\":\"https:\\\/\\\/www.valerie-philippin.com\\\/site\\\/tnb-ecole-superieure-dart-dramatique\\\/#article\",\"isPartOf\":{\"@id\":\"https:\\\/\\\/www.valerie-philippin.com\\\/site\\\/tnb-ecole-superieure-dart-dramatique\\\/\"},\"author\":{\"name\":\"Val\u00e9rie Philippin\",\"@id\":\"https:\\\/\\\/www.valerie-philippin.com\\\/site\\\/#\\\/schema\\\/person\\\/b4b89fdb961cd2821524f194ed6980db\"},\"headline\":\"TNB &#8211; \u00c9COLE SUP\u00c9RIEURE D&rsquo;ART DRAMATIQUE\",\"datePublished\":\"2022-01-12T09:50:54+00:00\",\"dateModified\":\"2025-09-08T14:34:04+00:00\",\"mainEntityOfPage\":{\"@id\":\"https:\\\/\\\/www.valerie-philippin.com\\\/site\\\/tnb-ecole-superieure-dart-dramatique\\\/\"},\"wordCount\":208,\"publisher\":{\"@id\":\"https:\\\/\\\/www.valerie-philippin.com\\\/site\\\/#organization\"},\"image\":{\"@id\":\"https:\\\/\\\/www.valerie-philippin.com\\\/site\\\/tnb-ecole-superieure-dart-dramatique\\\/#primaryimage\"},\"thumbnailUrl\":\"https:\\\/\\\/www.valerie-philippin.com\\\/site\\\/wp-content\\\/uploads\\\/Operette-TNB.jpg\",\"articleSection\":[\"Cours r\u00e9guliers\",\"FabLab \\\/ Formation professionnelle\"],\"inLanguage\":\"fr-FR\"},{\"@type\":\"WebPage\",\"@id\":\"https:\\\/\\\/www.valerie-philippin.com\\\/site\\\/tnb-ecole-superieure-dart-dramatique\\\/\",\"url\":\"https:\\\/\\\/www.valerie-philippin.com\\\/site\\\/tnb-ecole-superieure-dart-dramatique\\\/\",\"name\":\"TNB - \u00c9COLE SUP\u00c9RIEURE D'ART DRAMATIQUE &#8226; Val\u00e9rie Philippin \\\/ Cie Territoires de la voix\",\"isPartOf\":{\"@id\":\"https:\\\/\\\/www.valerie-philippin.com\\\/site\\\/#website\"},\"primaryImageOfPage\":{\"@id\":\"https:\\\/\\\/www.valerie-philippin.com\\\/site\\\/tnb-ecole-superieure-dart-dramatique\\\/#primaryimage\"},\"image\":{\"@id\":\"https:\\\/\\\/www.valerie-philippin.com\\\/site\\\/tnb-ecole-superieure-dart-dramatique\\\/#primaryimage\"},\"thumbnailUrl\":\"https:\\\/\\\/www.valerie-philippin.com\\\/site\\\/wp-content\\\/uploads\\\/Operette-TNB.jpg\",\"datePublished\":\"2022-01-12T09:50:54+00:00\",\"dateModified\":\"2025-09-08T14:34:04+00:00\",\"breadcrumb\":{\"@id\":\"https:\\\/\\\/www.valerie-philippin.com\\\/site\\\/tnb-ecole-superieure-dart-dramatique\\\/#breadcrumb\"},\"inLanguage\":\"fr-FR\",\"potentialAction\":[{\"@type\":\"ReadAction\",\"target\":[\"https:\\\/\\\/www.valerie-philippin.com\\\/site\\\/tnb-ecole-superieure-dart-dramatique\\\/\"]}]},{\"@type\":\"ImageObject\",\"inLanguage\":\"fr-FR\",\"@id\":\"https:\\\/\\\/www.valerie-philippin.com\\\/site\\\/tnb-ecole-superieure-dart-dramatique\\\/#primaryimage\",\"url\":\"https:\\\/\\\/www.valerie-philippin.com\\\/site\\\/wp-content\\\/uploads\\\/Operette-TNB.jpg\",\"contentUrl\":\"https:\\\/\\\/www.valerie-philippin.com\\\/site\\\/wp-content\\\/uploads\\\/Operette-TNB.jpg\",\"width\":275,\"height\":183},{\"@type\":\"BreadcrumbList\",\"@id\":\"https:\\\/\\\/www.valerie-philippin.com\\\/site\\\/tnb-ecole-superieure-dart-dramatique\\\/#breadcrumb\",\"itemListElement\":[{\"@type\":\"ListItem\",\"position\":1,\"name\":\"Accueil\",\"item\":\"https:\\\/\\\/www.valerie-philippin.com\\\/site\\\/\"},{\"@type\":\"ListItem\",\"position\":2,\"name\":\"TNB &#8211; \u00c9COLE SUP\u00c9RIEURE D&rsquo;ART DRAMATIQUE\"}]},{\"@type\":\"WebSite\",\"@id\":\"https:\\\/\\\/www.valerie-philippin.com\\\/site\\\/#website\",\"url\":\"https:\\\/\\\/www.valerie-philippin.com\\\/site\\\/\",\"name\":\"Val\u00e9rie Philippin \\\/ Cie Territoires de la voix\",\"description\":\"FaBLab de cr\u00e9ation vocale contemporaine\",\"publisher\":{\"@id\":\"https:\\\/\\\/www.valerie-philippin.com\\\/site\\\/#organization\"},\"potentialAction\":[{\"@type\":\"SearchAction\",\"target\":{\"@type\":\"EntryPoint\",\"urlTemplate\":\"https:\\\/\\\/www.valerie-philippin.com\\\/site\\\/?s={search_term_string}\"},\"query-input\":{\"@type\":\"PropertyValueSpecification\",\"valueRequired\":true,\"valueName\":\"search_term_string\"}}],\"inLanguage\":\"fr-FR\"},{\"@type\":\"Organization\",\"@id\":\"https:\\\/\\\/www.valerie-philippin.com\\\/site\\\/#organization\",\"name\":\"Territoires de la voix\",\"url\":\"https:\\\/\\\/www.valerie-philippin.com\\\/site\\\/\",\"logo\":{\"@type\":\"ImageObject\",\"inLanguage\":\"fr-FR\",\"@id\":\"https:\\\/\\\/www.valerie-philippin.com\\\/site\\\/#\\\/schema\\\/logo\\\/image\\\/\",\"url\":\"http:\\\/\\\/www.valerie-philippin.com\\\/site\\\/wp-content\\\/uploads\\\/2020\\\/06\\\/logoterritoiresdelavoix.png\",\"contentUrl\":\"http:\\\/\\\/www.valerie-philippin.com\\\/site\\\/wp-content\\\/uploads\\\/2020\\\/06\\\/logoterritoiresdelavoix.png\",\"width\":500,\"height\":537,\"caption\":\"Territoires de la voix\"},\"image\":{\"@id\":\"https:\\\/\\\/www.valerie-philippin.com\\\/site\\\/#\\\/schema\\\/logo\\\/image\\\/\"}},{\"@type\":\"Person\",\"@id\":\"https:\\\/\\\/www.valerie-philippin.com\\\/site\\\/#\\\/schema\\\/person\\\/b4b89fdb961cd2821524f194ed6980db\",\"name\":\"Val\u00e9rie Philippin\",\"description\":\"Chanteuse, autrice, compositrice - Territoires de la Voix\",\"sameAs\":[\"http:\\\/\\\/www.valerie-philippin.com\"]}]}<\/script>\n<!-- \/ Yoast SEO plugin. -->","yoast_head_json":{"title":"TNB - \u00c9COLE SUP\u00c9RIEURE D'ART DRAMATIQUE &#8226; Val\u00e9rie Philippin \/ Cie Territoires de la voix","robots":{"index":"noindex","follow":"follow"},"og_locale":"fr_FR","og_type":"article","og_title":"TNB - \u00c9COLE SUP\u00c9RIEURE D'ART DRAMATIQUE &#8226; Val\u00e9rie Philippin \/ Cie Territoires de la voix","og_description":"Ecole du TNB - th\u00e9\u00e2tre National de Bretagne depuis 2020","og_url":"https:\/\/www.valerie-philippin.com\/site\/tnb-ecole-superieure-dart-dramatique\/","og_site_name":"Val\u00e9rie Philippin \/ Cie Territoires de la voix","article_published_time":"2022-01-12T09:50:54+00:00","article_modified_time":"2025-09-08T14:34:04+00:00","og_image":[{"width":275,"height":183,"url":"http:\/\/www.valerie-philippin.com\/site\/wp-content\/uploads\/Operette-TNB.jpg","type":"image\/jpeg"}],"author":"Val\u00e9rie Philippin","twitter_card":"summary_large_image","twitter_misc":{"\u00c9crit par":"Val\u00e9rie Philippin","Dur\u00e9e de lecture estim\u00e9e":"2 minutes"},"schema":{"@context":"https:\/\/schema.org","@graph":[{"@type":"Article","@id":"https:\/\/www.valerie-philippin.com\/site\/tnb-ecole-superieure-dart-dramatique\/#article","isPartOf":{"@id":"https:\/\/www.valerie-philippin.com\/site\/tnb-ecole-superieure-dart-dramatique\/"},"author":{"name":"Val\u00e9rie Philippin","@id":"https:\/\/www.valerie-philippin.com\/site\/#\/schema\/person\/b4b89fdb961cd2821524f194ed6980db"},"headline":"TNB &#8211; \u00c9COLE SUP\u00c9RIEURE D&rsquo;ART DRAMATIQUE","datePublished":"2022-01-12T09:50:54+00:00","dateModified":"2025-09-08T14:34:04+00:00","mainEntityOfPage":{"@id":"https:\/\/www.valerie-philippin.com\/site\/tnb-ecole-superieure-dart-dramatique\/"},"wordCount":208,"publisher":{"@id":"https:\/\/www.valerie-philippin.com\/site\/#organization"},"image":{"@id":"https:\/\/www.valerie-philippin.com\/site\/tnb-ecole-superieure-dart-dramatique\/#primaryimage"},"thumbnailUrl":"https:\/\/www.valerie-philippin.com\/site\/wp-content\/uploads\/Operette-TNB.jpg","articleSection":["Cours r\u00e9guliers","FabLab \/ Formation professionnelle"],"inLanguage":"fr-FR"},{"@type":"WebPage","@id":"https:\/\/www.valerie-philippin.com\/site\/tnb-ecole-superieure-dart-dramatique\/","url":"https:\/\/www.valerie-philippin.com\/site\/tnb-ecole-superieure-dart-dramatique\/","name":"TNB - \u00c9COLE SUP\u00c9RIEURE D'ART DRAMATIQUE &#8226; Val\u00e9rie Philippin \/ Cie Territoires de la voix","isPartOf":{"@id":"https:\/\/www.valerie-philippin.com\/site\/#website"},"primaryImageOfPage":{"@id":"https:\/\/www.valerie-philippin.com\/site\/tnb-ecole-superieure-dart-dramatique\/#primaryimage"},"image":{"@id":"https:\/\/www.valerie-philippin.com\/site\/tnb-ecole-superieure-dart-dramatique\/#primaryimage"},"thumbnailUrl":"https:\/\/www.valerie-philippin.com\/site\/wp-content\/uploads\/Operette-TNB.jpg","datePublished":"2022-01-12T09:50:54+00:00","dateModified":"2025-09-08T14:34:04+00:00","breadcrumb":{"@id":"https:\/\/www.valerie-philippin.com\/site\/tnb-ecole-superieure-dart-dramatique\/#breadcrumb"},"inLanguage":"fr-FR","potentialAction":[{"@type":"ReadAction","target":["https:\/\/www.valerie-philippin.com\/site\/tnb-ecole-superieure-dart-dramatique\/"]}]},{"@type":"ImageObject","inLanguage":"fr-FR","@id":"https:\/\/www.valerie-philippin.com\/site\/tnb-ecole-superieure-dart-dramatique\/#primaryimage","url":"https:\/\/www.valerie-philippin.com\/site\/wp-content\/uploads\/Operette-TNB.jpg","contentUrl":"https:\/\/www.valerie-philippin.com\/site\/wp-content\/uploads\/Operette-TNB.jpg","width":275,"height":183},{"@type":"BreadcrumbList","@id":"https:\/\/www.valerie-philippin.com\/site\/tnb-ecole-superieure-dart-dramatique\/#breadcrumb","itemListElement":[{"@type":"ListItem","position":1,"name":"Accueil","item":"https:\/\/www.valerie-philippin.com\/site\/"},{"@type":"ListItem","position":2,"name":"TNB &#8211; \u00c9COLE SUP\u00c9RIEURE D&rsquo;ART DRAMATIQUE"}]},{"@type":"WebSite","@id":"https:\/\/www.valerie-philippin.com\/site\/#website","url":"https:\/\/www.valerie-philippin.com\/site\/","name":"Val\u00e9rie Philippin \/ Cie Territoires de la voix","description":"FaBLab de cr\u00e9ation vocale contemporaine","publisher":{"@id":"https:\/\/www.valerie-philippin.com\/site\/#organization"},"potentialAction":[{"@type":"SearchAction","target":{"@type":"EntryPoint","urlTemplate":"https:\/\/www.valerie-philippin.com\/site\/?s={search_term_string}"},"query-input":{"@type":"PropertyValueSpecification","valueRequired":true,"valueName":"search_term_string"}}],"inLanguage":"fr-FR"},{"@type":"Organization","@id":"https:\/\/www.valerie-philippin.com\/site\/#organization","name":"Territoires de la voix","url":"https:\/\/www.valerie-philippin.com\/site\/","logo":{"@type":"ImageObject","inLanguage":"fr-FR","@id":"https:\/\/www.valerie-philippin.com\/site\/#\/schema\/logo\/image\/","url":"http:\/\/www.valerie-philippin.com\/site\/wp-content\/uploads\/2020\/06\/logoterritoiresdelavoix.png","contentUrl":"http:\/\/www.valerie-philippin.com\/site\/wp-content\/uploads\/2020\/06\/logoterritoiresdelavoix.png","width":500,"height":537,"caption":"Territoires de la voix"},"image":{"@id":"https:\/\/www.valerie-philippin.com\/site\/#\/schema\/logo\/image\/"}},{"@type":"Person","@id":"https:\/\/www.valerie-philippin.com\/site\/#\/schema\/person\/b4b89fdb961cd2821524f194ed6980db","name":"Val\u00e9rie Philippin","description":"Chanteuse, autrice, compositrice - Territoires de la Voix","sameAs":["http:\/\/www.valerie-philippin.com"]}]}},"_links":{"self":[{"href":"https:\/\/www.valerie-philippin.com\/site\/wp-json\/wp\/v2\/posts\/3882","targetHints":{"allow":["GET"]}}],"collection":[{"href":"https:\/\/www.valerie-philippin.com\/site\/wp-json\/wp\/v2\/posts"}],"about":[{"href":"https:\/\/www.valerie-philippin.com\/site\/wp-json\/wp\/v2\/types\/post"}],"author":[{"embeddable":true,"href":"https:\/\/www.valerie-philippin.com\/site\/wp-json\/wp\/v2\/users\/2"}],"replies":[{"embeddable":true,"href":"https:\/\/www.valerie-philippin.com\/site\/wp-json\/wp\/v2\/comments?post=3882"}],"version-history":[{"count":14,"href":"https:\/\/www.valerie-philippin.com\/site\/wp-json\/wp\/v2\/posts\/3882\/revisions"}],"predecessor-version":[{"id":6292,"href":"https:\/\/www.valerie-philippin.com\/site\/wp-json\/wp\/v2\/posts\/3882\/revisions\/6292"}],"wp:featuredmedia":[{"embeddable":true,"href":"https:\/\/www.valerie-philippin.com\/site\/wp-json\/wp\/v2\/media\/3883"}],"wp:attachment":[{"href":"https:\/\/www.valerie-philippin.com\/site\/wp-json\/wp\/v2\/media?parent=3882"}],"wp:term":[{"taxonomy":"category","embeddable":true,"href":"https:\/\/www.valerie-philippin.com\/site\/wp-json\/wp\/v2\/categories?post=3882"},{"taxonomy":"post_tag","embeddable":true,"href":"https:\/\/www.valerie-philippin.com\/site\/wp-json\/wp\/v2\/tags?post=3882"}],"curies":[{"name":"wp","href":"https:\/\/api.w.org\/{rel}","templated":true}]}}