{"id":3807,"date":"2022-01-11T18:20:08","date_gmt":"2022-01-11T17:20:08","guid":{"rendered":"http:\/\/www.valerie-philippin.com\/site\/?p=3807"},"modified":"2024-05-11T18:46:57","modified_gmt":"2024-05-11T16:46:57","slug":"le-cabaret-voyageur","status":"publish","type":"post","link":"https:\/\/www.valerie-philippin.com\/site\/le-cabaret-voyageur\/","title":{"rendered":"LE CABARET VOYAGEUR"},"content":{"rendered":"\n<div class=\"wp-block-columns is-layout-flex wp-container-core-columns-is-layout-9d6595d7 wp-block-columns-is-layout-flex\">\n<div class=\"wp-block-column is-layout-flow wp-block-column-is-layout-flow\">\n<p><strong><em>\u00c0 propo<\/em><\/strong>s<br><strong><em>Le Cabaret Voyageur<\/em><\/strong> du collectif Flash propose au public une d\u00e9gustation vocale et culinaire m\u00ealant chants traditionnels et \u0153uvres vocales contemporaines. Les spectateurs sont invit\u00e9s \u00e0 participer au spectacle suite \u00e0 une initiation pr\u00e9alable \u00e0 l\u2019improvisation et \u00e0 la transmission de chants du programme.<\/p>\n\n\n\n<p><strong><em>Collectif Flash<\/em><\/strong><br>Val\u00e9rie Philippin&nbsp;: autrice et compositrice, artiste lyrique, directrice artistique<br>Fr\u00e9d\u00e9ric Serrano&nbsp;: chef de ch\u0153ur et chanteur<br>Miren Cales&nbsp;: chanteuse et com\u00e9dienne<br>Sebastien Sampietro&nbsp;: com\u00e9dien et chanteur<br>Delphine Lafon&nbsp;: com\u00e9dienne et chanteuse<br>Guillaume Flamen&nbsp;: pianiste, compositeur, cr\u00e9ateur sonore et chanteur<\/p>\n\n\n\n<p><em><strong>Dates pass\u00e9es<\/strong><\/em><br><strong>3 octobre 2021<\/strong>&nbsp;\u2013 cr\u00e9ation au Garage Moderne-Bordeaux, avec la participation du groupe Qui.Voix.L\u00e0 et des jeunes suivis pour autisme au DITEP Saint-Vincent d\u2019Eysines &#8211; avec le soutien du plan de relance de la DRAC Nouvelle-Aquitaine.<\/p>\n<\/div>\n\n\n\n<div class=\"wp-block-column is-layout-flow wp-block-column-is-layout-flow\">\n<figure class=\"wp-block-embed is-type-video is-provider-youtube wp-block-embed-youtube wp-embed-aspect-16-9 wp-has-aspect-ratio\"><div class=\"wp-block-embed__wrapper\">\n<iframe loading=\"lazy\"  id=\"_ytid_53166\"  width=\"843\" height=\"474\"  data-origwidth=\"843\" data-origheight=\"474\" src=\"https:\/\/www.youtube.com\/embed\/XAfLOhvJK9Q?enablejsapi=1&#038;autoplay=0&#038;cc_load_policy=0&#038;cc_lang_pref=&#038;iv_load_policy=1&#038;loop=0&#038;rel=1&#038;fs=1&#038;playsinline=0&#038;autohide=2&#038;theme=dark&#038;color=red&#038;controls=1&#038;disablekb=0&#038;\" class=\"__youtube_prefs__  epyt-is-override  no-lazyload\" title=\"YouTube player\"  allow=\"fullscreen; accelerometer; autoplay; clipboard-write; encrypted-media; gyroscope; picture-in-picture; web-share\" referrerpolicy=\"strict-origin-when-cross-origin\" allowfullscreen data-no-lazy=\"1\" data-skipgform_ajax_framebjll=\"\"><\/iframe>\n<\/div><\/figure>\n\n\n\n<figure class=\"wp-block-image size-large is-style-default\"><img loading=\"lazy\" decoding=\"async\" width=\"1024\" height=\"681\" src=\"http:\/\/www.valerie-philippin.com\/site\/wp-content\/uploads\/Cabaret-public-applaudit-1024x681.jpg\" alt=\"\" class=\"wp-image-3821\" srcset=\"https:\/\/www.valerie-philippin.com\/site\/wp-content\/uploads\/Cabaret-public-applaudit-1024x681.jpg 1024w, https:\/\/www.valerie-philippin.com\/site\/wp-content\/uploads\/Cabaret-public-applaudit-500x333.jpg 500w, https:\/\/www.valerie-philippin.com\/site\/wp-content\/uploads\/Cabaret-public-applaudit-768x511.jpg 768w, https:\/\/www.valerie-philippin.com\/site\/wp-content\/uploads\/Cabaret-public-applaudit-1536x1022.jpg 1536w, https:\/\/www.valerie-philippin.com\/site\/wp-content\/uploads\/Cabaret-public-applaudit-2048x1363.jpg 2048w\" sizes=\"auto, (max-width: 1024px) 100vw, 1024px\" \/><\/figure>\n<\/div>\n\n\n\n<div class=\"wp-block-column is-layout-flow wp-block-column-is-layout-flow\">\n<figure class=\"wp-block-image size-large is-resized is-style-default\"><img loading=\"lazy\" decoding=\"async\" width=\"1024\" height=\"681\" src=\"http:\/\/www.valerie-philippin.com\/site\/wp-content\/uploads\/Cabarte-tutti-rires-1024x681.jpg\" alt=\"\" class=\"wp-image-3808\" style=\"width:317px;height:211px\" srcset=\"https:\/\/www.valerie-philippin.com\/site\/wp-content\/uploads\/Cabarte-tutti-rires-1024x681.jpg 1024w, https:\/\/www.valerie-philippin.com\/site\/wp-content\/uploads\/Cabarte-tutti-rires-500x333.jpg 500w, https:\/\/www.valerie-philippin.com\/site\/wp-content\/uploads\/Cabarte-tutti-rires-768x511.jpg 768w, https:\/\/www.valerie-philippin.com\/site\/wp-content\/uploads\/Cabarte-tutti-rires-1536x1022.jpg 1536w, https:\/\/www.valerie-philippin.com\/site\/wp-content\/uploads\/Cabarte-tutti-rires-2048x1363.jpg 2048w\" sizes=\"auto, (max-width: 1024px) 100vw, 1024px\" \/><\/figure>\n\n\n\n<figure class=\"wp-block-image size-large is-style-default\"><img loading=\"lazy\" decoding=\"async\" width=\"724\" height=\"1024\" src=\"http:\/\/www.valerie-philippin.com\/site\/wp-content\/uploads\/CABARET-TDLV-3-Octobre-2021-1-724x1024.jpg\" alt=\"\" class=\"wp-image-4131\" srcset=\"https:\/\/www.valerie-philippin.com\/site\/wp-content\/uploads\/CABARET-TDLV-3-Octobre-2021-1-724x1024.jpg 724w, https:\/\/www.valerie-philippin.com\/site\/wp-content\/uploads\/CABARET-TDLV-3-Octobre-2021-1-354x500.jpg 354w, https:\/\/www.valerie-philippin.com\/site\/wp-content\/uploads\/CABARET-TDLV-3-Octobre-2021-1-768x1086.jpg 768w, https:\/\/www.valerie-philippin.com\/site\/wp-content\/uploads\/CABARET-TDLV-3-Octobre-2021-1.jpg 877w\" sizes=\"auto, (max-width: 724px) 100vw, 724px\" \/><\/figure>\n<\/div>\n<\/div>\n\n\n\n<p><\/p>\n","protected":false},"excerpt":{"rendered":"<p>D\u00e9gustation vocale et culinaire<br \/>\nCollectif FLASH<br \/>\nCr\u00e9ation 2021<\/p>\n","protected":false},"author":2,"featured_media":3814,"comment_status":"closed","ping_status":"closed","sticky":false,"template":"","format":"standard","meta":{"footnotes":""},"categories":[6,9],"tags":[],"class_list":["post-3807","post","type-post","status-publish","format-standard","has-post-thumbnail","hentry","category-spectacles","category-inventaire-productions"],"yoast_head":"<!-- This site is optimized with the Yoast SEO plugin v27.5 - https:\/\/yoast.com\/product\/yoast-seo-wordpress\/ -->\n<title>LE CABARET VOYAGEUR &#8226; Val\u00e9rie Philippin \/ Cie Territoires de la voix<\/title>\n<meta name=\"robots\" content=\"noindex, follow\" \/>\n<meta property=\"og:locale\" content=\"fr_FR\" \/>\n<meta property=\"og:type\" content=\"article\" \/>\n<meta property=\"og:title\" content=\"LE CABARET VOYAGEUR &#8226; Val\u00e9rie Philippin \/ Cie Territoires de la voix\" \/>\n<meta property=\"og:description\" content=\"D\u00e9gustation vocale et culinaire Collectif FLASH Cr\u00e9ation 2021\" \/>\n<meta property=\"og:url\" content=\"https:\/\/www.valerie-philippin.com\/site\/le-cabaret-voyageur\/\" \/>\n<meta property=\"og:site_name\" content=\"Val\u00e9rie Philippin \/ Cie Territoires de la voix\" \/>\n<meta property=\"article:published_time\" content=\"2022-01-11T17:20:08+00:00\" \/>\n<meta property=\"article:modified_time\" content=\"2024-05-11T16:46:57+00:00\" \/>\n<meta property=\"og:image\" content=\"http:\/\/www.valerie-philippin.com\/site\/wp-content\/uploads\/Cabaret-trio-Rossignolet-copie-scaled.jpg\" \/>\n\t<meta property=\"og:image:width\" content=\"2560\" \/>\n\t<meta property=\"og:image:height\" content=\"1426\" \/>\n\t<meta property=\"og:image:type\" content=\"image\/jpeg\" \/>\n<meta name=\"author\" content=\"Val\u00e9rie Philippin\" \/>\n<meta name=\"twitter:card\" content=\"summary_large_image\" \/>\n<meta name=\"twitter:label1\" content=\"\u00c9crit par\" \/>\n\t<meta name=\"twitter:data1\" content=\"Val\u00e9rie Philippin\" \/>\n\t<meta name=\"twitter:label2\" content=\"Dur\u00e9e de lecture estim\u00e9e\" \/>\n\t<meta name=\"twitter:data2\" content=\"2 minutes\" \/>\n<script type=\"application\/ld+json\" class=\"yoast-schema-graph\">{\"@context\":\"https:\\\/\\\/schema.org\",\"@graph\":[{\"@type\":\"Article\",\"@id\":\"https:\\\/\\\/www.valerie-philippin.com\\\/site\\\/le-cabaret-voyageur\\\/#article\",\"isPartOf\":{\"@id\":\"https:\\\/\\\/www.valerie-philippin.com\\\/site\\\/le-cabaret-voyageur\\\/\"},\"author\":{\"name\":\"Val\u00e9rie Philippin\",\"@id\":\"https:\\\/\\\/www.valerie-philippin.com\\\/site\\\/#\\\/schema\\\/person\\\/b4b89fdb961cd2821524f194ed6980db\"},\"headline\":\"LE CABARET VOYAGEUR\",\"datePublished\":\"2022-01-11T17:20:08+00:00\",\"dateModified\":\"2024-05-11T16:46:57+00:00\",\"mainEntityOfPage\":{\"@id\":\"https:\\\/\\\/www.valerie-philippin.com\\\/site\\\/le-cabaret-voyageur\\\/\"},\"wordCount\":149,\"publisher\":{\"@id\":\"https:\\\/\\\/www.valerie-philippin.com\\\/site\\\/#organization\"},\"image\":{\"@id\":\"https:\\\/\\\/www.valerie-philippin.com\\\/site\\\/le-cabaret-voyageur\\\/#primaryimage\"},\"thumbnailUrl\":\"https:\\\/\\\/www.valerie-philippin.com\\\/site\\\/wp-content\\\/uploads\\\/Cabaret-trio-Rossignolet-copie-scaled.jpg\",\"articleSection\":[\"FabLab \\\/ Spectacles\",\"Inventaire\"],\"inLanguage\":\"fr-FR\"},{\"@type\":\"WebPage\",\"@id\":\"https:\\\/\\\/www.valerie-philippin.com\\\/site\\\/le-cabaret-voyageur\\\/\",\"url\":\"https:\\\/\\\/www.valerie-philippin.com\\\/site\\\/le-cabaret-voyageur\\\/\",\"name\":\"LE CABARET VOYAGEUR &#8226; Val\u00e9rie Philippin \\\/ Cie Territoires de la voix\",\"isPartOf\":{\"@id\":\"https:\\\/\\\/www.valerie-philippin.com\\\/site\\\/#website\"},\"primaryImageOfPage\":{\"@id\":\"https:\\\/\\\/www.valerie-philippin.com\\\/site\\\/le-cabaret-voyageur\\\/#primaryimage\"},\"image\":{\"@id\":\"https:\\\/\\\/www.valerie-philippin.com\\\/site\\\/le-cabaret-voyageur\\\/#primaryimage\"},\"thumbnailUrl\":\"https:\\\/\\\/www.valerie-philippin.com\\\/site\\\/wp-content\\\/uploads\\\/Cabaret-trio-Rossignolet-copie-scaled.jpg\",\"datePublished\":\"2022-01-11T17:20:08+00:00\",\"dateModified\":\"2024-05-11T16:46:57+00:00\",\"breadcrumb\":{\"@id\":\"https:\\\/\\\/www.valerie-philippin.com\\\/site\\\/le-cabaret-voyageur\\\/#breadcrumb\"},\"inLanguage\":\"fr-FR\",\"potentialAction\":[{\"@type\":\"ReadAction\",\"target\":[\"https:\\\/\\\/www.valerie-philippin.com\\\/site\\\/le-cabaret-voyageur\\\/\"]}]},{\"@type\":\"ImageObject\",\"inLanguage\":\"fr-FR\",\"@id\":\"https:\\\/\\\/www.valerie-philippin.com\\\/site\\\/le-cabaret-voyageur\\\/#primaryimage\",\"url\":\"https:\\\/\\\/www.valerie-philippin.com\\\/site\\\/wp-content\\\/uploads\\\/Cabaret-trio-Rossignolet-copie-scaled.jpg\",\"contentUrl\":\"https:\\\/\\\/www.valerie-philippin.com\\\/site\\\/wp-content\\\/uploads\\\/Cabaret-trio-Rossignolet-copie-scaled.jpg\",\"width\":2560,\"height\":1426,\"caption\":\"Le Cabaret de Territoires de la Voix d\u00e9gustation vocale et culinaire 3 octobre 2021 au Garage Moderne, Bordeaux. Les artistes de la compagnie Territoires de la Voix vous invitent \u00e0 partager un repas pr\u00e9par\u00e9 par la cantine, ponctu\u00e9 de moments musicaux extraits des diff\u00e9rentes cr\u00e9ations et ateliers de la compagnie.\"},{\"@type\":\"BreadcrumbList\",\"@id\":\"https:\\\/\\\/www.valerie-philippin.com\\\/site\\\/le-cabaret-voyageur\\\/#breadcrumb\",\"itemListElement\":[{\"@type\":\"ListItem\",\"position\":1,\"name\":\"Accueil\",\"item\":\"https:\\\/\\\/www.valerie-philippin.com\\\/site\\\/\"},{\"@type\":\"ListItem\",\"position\":2,\"name\":\"LE CABARET VOYAGEUR\"}]},{\"@type\":\"WebSite\",\"@id\":\"https:\\\/\\\/www.valerie-philippin.com\\\/site\\\/#website\",\"url\":\"https:\\\/\\\/www.valerie-philippin.com\\\/site\\\/\",\"name\":\"Val\u00e9rie Philippin \\\/ Cie Territoires de la voix\",\"description\":\"FaBLab de cr\u00e9ation vocale contemporaine\",\"publisher\":{\"@id\":\"https:\\\/\\\/www.valerie-philippin.com\\\/site\\\/#organization\"},\"potentialAction\":[{\"@type\":\"SearchAction\",\"target\":{\"@type\":\"EntryPoint\",\"urlTemplate\":\"https:\\\/\\\/www.valerie-philippin.com\\\/site\\\/?s={search_term_string}\"},\"query-input\":{\"@type\":\"PropertyValueSpecification\",\"valueRequired\":true,\"valueName\":\"search_term_string\"}}],\"inLanguage\":\"fr-FR\"},{\"@type\":\"Organization\",\"@id\":\"https:\\\/\\\/www.valerie-philippin.com\\\/site\\\/#organization\",\"name\":\"Territoires de la voix\",\"url\":\"https:\\\/\\\/www.valerie-philippin.com\\\/site\\\/\",\"logo\":{\"@type\":\"ImageObject\",\"inLanguage\":\"fr-FR\",\"@id\":\"https:\\\/\\\/www.valerie-philippin.com\\\/site\\\/#\\\/schema\\\/logo\\\/image\\\/\",\"url\":\"http:\\\/\\\/www.valerie-philippin.com\\\/site\\\/wp-content\\\/uploads\\\/2020\\\/06\\\/logoterritoiresdelavoix.png\",\"contentUrl\":\"http:\\\/\\\/www.valerie-philippin.com\\\/site\\\/wp-content\\\/uploads\\\/2020\\\/06\\\/logoterritoiresdelavoix.png\",\"width\":500,\"height\":537,\"caption\":\"Territoires de la voix\"},\"image\":{\"@id\":\"https:\\\/\\\/www.valerie-philippin.com\\\/site\\\/#\\\/schema\\\/logo\\\/image\\\/\"}},{\"@type\":\"Person\",\"@id\":\"https:\\\/\\\/www.valerie-philippin.com\\\/site\\\/#\\\/schema\\\/person\\\/b4b89fdb961cd2821524f194ed6980db\",\"name\":\"Val\u00e9rie Philippin\",\"description\":\"Chanteuse, autrice, compositrice - Territoires de la Voix\",\"sameAs\":[\"http:\\\/\\\/www.valerie-philippin.com\"]}]}<\/script>\n<!-- \/ Yoast SEO plugin. -->","yoast_head_json":{"title":"LE CABARET VOYAGEUR &#8226; Val\u00e9rie Philippin \/ Cie Territoires de la voix","robots":{"index":"noindex","follow":"follow"},"og_locale":"fr_FR","og_type":"article","og_title":"LE CABARET VOYAGEUR &#8226; Val\u00e9rie Philippin \/ Cie Territoires de la voix","og_description":"D\u00e9gustation vocale et culinaire Collectif FLASH Cr\u00e9ation 2021","og_url":"https:\/\/www.valerie-philippin.com\/site\/le-cabaret-voyageur\/","og_site_name":"Val\u00e9rie Philippin \/ Cie Territoires de la voix","article_published_time":"2022-01-11T17:20:08+00:00","article_modified_time":"2024-05-11T16:46:57+00:00","og_image":[{"width":2560,"height":1426,"url":"http:\/\/www.valerie-philippin.com\/site\/wp-content\/uploads\/Cabaret-trio-Rossignolet-copie-scaled.jpg","type":"image\/jpeg"}],"author":"Val\u00e9rie Philippin","twitter_card":"summary_large_image","twitter_misc":{"\u00c9crit par":"Val\u00e9rie Philippin","Dur\u00e9e de lecture estim\u00e9e":"2 minutes"},"schema":{"@context":"https:\/\/schema.org","@graph":[{"@type":"Article","@id":"https:\/\/www.valerie-philippin.com\/site\/le-cabaret-voyageur\/#article","isPartOf":{"@id":"https:\/\/www.valerie-philippin.com\/site\/le-cabaret-voyageur\/"},"author":{"name":"Val\u00e9rie Philippin","@id":"https:\/\/www.valerie-philippin.com\/site\/#\/schema\/person\/b4b89fdb961cd2821524f194ed6980db"},"headline":"LE CABARET VOYAGEUR","datePublished":"2022-01-11T17:20:08+00:00","dateModified":"2024-05-11T16:46:57+00:00","mainEntityOfPage":{"@id":"https:\/\/www.valerie-philippin.com\/site\/le-cabaret-voyageur\/"},"wordCount":149,"publisher":{"@id":"https:\/\/www.valerie-philippin.com\/site\/#organization"},"image":{"@id":"https:\/\/www.valerie-philippin.com\/site\/le-cabaret-voyageur\/#primaryimage"},"thumbnailUrl":"https:\/\/www.valerie-philippin.com\/site\/wp-content\/uploads\/Cabaret-trio-Rossignolet-copie-scaled.jpg","articleSection":["FabLab \/ Spectacles","Inventaire"],"inLanguage":"fr-FR"},{"@type":"WebPage","@id":"https:\/\/www.valerie-philippin.com\/site\/le-cabaret-voyageur\/","url":"https:\/\/www.valerie-philippin.com\/site\/le-cabaret-voyageur\/","name":"LE CABARET VOYAGEUR &#8226; Val\u00e9rie Philippin \/ Cie Territoires de la voix","isPartOf":{"@id":"https:\/\/www.valerie-philippin.com\/site\/#website"},"primaryImageOfPage":{"@id":"https:\/\/www.valerie-philippin.com\/site\/le-cabaret-voyageur\/#primaryimage"},"image":{"@id":"https:\/\/www.valerie-philippin.com\/site\/le-cabaret-voyageur\/#primaryimage"},"thumbnailUrl":"https:\/\/www.valerie-philippin.com\/site\/wp-content\/uploads\/Cabaret-trio-Rossignolet-copie-scaled.jpg","datePublished":"2022-01-11T17:20:08+00:00","dateModified":"2024-05-11T16:46:57+00:00","breadcrumb":{"@id":"https:\/\/www.valerie-philippin.com\/site\/le-cabaret-voyageur\/#breadcrumb"},"inLanguage":"fr-FR","potentialAction":[{"@type":"ReadAction","target":["https:\/\/www.valerie-philippin.com\/site\/le-cabaret-voyageur\/"]}]},{"@type":"ImageObject","inLanguage":"fr-FR","@id":"https:\/\/www.valerie-philippin.com\/site\/le-cabaret-voyageur\/#primaryimage","url":"https:\/\/www.valerie-philippin.com\/site\/wp-content\/uploads\/Cabaret-trio-Rossignolet-copie-scaled.jpg","contentUrl":"https:\/\/www.valerie-philippin.com\/site\/wp-content\/uploads\/Cabaret-trio-Rossignolet-copie-scaled.jpg","width":2560,"height":1426,"caption":"Le Cabaret de Territoires de la Voix d\u00e9gustation vocale et culinaire 3 octobre 2021 au Garage Moderne, Bordeaux. Les artistes de la compagnie Territoires de la Voix vous invitent \u00e0 partager un repas pr\u00e9par\u00e9 par la cantine, ponctu\u00e9 de moments musicaux extraits des diff\u00e9rentes cr\u00e9ations et ateliers de la compagnie."},{"@type":"BreadcrumbList","@id":"https:\/\/www.valerie-philippin.com\/site\/le-cabaret-voyageur\/#breadcrumb","itemListElement":[{"@type":"ListItem","position":1,"name":"Accueil","item":"https:\/\/www.valerie-philippin.com\/site\/"},{"@type":"ListItem","position":2,"name":"LE CABARET VOYAGEUR"}]},{"@type":"WebSite","@id":"https:\/\/www.valerie-philippin.com\/site\/#website","url":"https:\/\/www.valerie-philippin.com\/site\/","name":"Val\u00e9rie Philippin \/ Cie Territoires de la voix","description":"FaBLab de cr\u00e9ation vocale contemporaine","publisher":{"@id":"https:\/\/www.valerie-philippin.com\/site\/#organization"},"potentialAction":[{"@type":"SearchAction","target":{"@type":"EntryPoint","urlTemplate":"https:\/\/www.valerie-philippin.com\/site\/?s={search_term_string}"},"query-input":{"@type":"PropertyValueSpecification","valueRequired":true,"valueName":"search_term_string"}}],"inLanguage":"fr-FR"},{"@type":"Organization","@id":"https:\/\/www.valerie-philippin.com\/site\/#organization","name":"Territoires de la voix","url":"https:\/\/www.valerie-philippin.com\/site\/","logo":{"@type":"ImageObject","inLanguage":"fr-FR","@id":"https:\/\/www.valerie-philippin.com\/site\/#\/schema\/logo\/image\/","url":"http:\/\/www.valerie-philippin.com\/site\/wp-content\/uploads\/2020\/06\/logoterritoiresdelavoix.png","contentUrl":"http:\/\/www.valerie-philippin.com\/site\/wp-content\/uploads\/2020\/06\/logoterritoiresdelavoix.png","width":500,"height":537,"caption":"Territoires de la voix"},"image":{"@id":"https:\/\/www.valerie-philippin.com\/site\/#\/schema\/logo\/image\/"}},{"@type":"Person","@id":"https:\/\/www.valerie-philippin.com\/site\/#\/schema\/person\/b4b89fdb961cd2821524f194ed6980db","name":"Val\u00e9rie Philippin","description":"Chanteuse, autrice, compositrice - Territoires de la Voix","sameAs":["http:\/\/www.valerie-philippin.com"]}]}},"_links":{"self":[{"href":"https:\/\/www.valerie-philippin.com\/site\/wp-json\/wp\/v2\/posts\/3807","targetHints":{"allow":["GET"]}}],"collection":[{"href":"https:\/\/www.valerie-philippin.com\/site\/wp-json\/wp\/v2\/posts"}],"about":[{"href":"https:\/\/www.valerie-philippin.com\/site\/wp-json\/wp\/v2\/types\/post"}],"author":[{"embeddable":true,"href":"https:\/\/www.valerie-philippin.com\/site\/wp-json\/wp\/v2\/users\/2"}],"replies":[{"embeddable":true,"href":"https:\/\/www.valerie-philippin.com\/site\/wp-json\/wp\/v2\/comments?post=3807"}],"version-history":[{"count":16,"href":"https:\/\/www.valerie-philippin.com\/site\/wp-json\/wp\/v2\/posts\/3807\/revisions"}],"predecessor-version":[{"id":4928,"href":"https:\/\/www.valerie-philippin.com\/site\/wp-json\/wp\/v2\/posts\/3807\/revisions\/4928"}],"wp:featuredmedia":[{"embeddable":true,"href":"https:\/\/www.valerie-philippin.com\/site\/wp-json\/wp\/v2\/media\/3814"}],"wp:attachment":[{"href":"https:\/\/www.valerie-philippin.com\/site\/wp-json\/wp\/v2\/media?parent=3807"}],"wp:term":[{"taxonomy":"category","embeddable":true,"href":"https:\/\/www.valerie-philippin.com\/site\/wp-json\/wp\/v2\/categories?post=3807"},{"taxonomy":"post_tag","embeddable":true,"href":"https:\/\/www.valerie-philippin.com\/site\/wp-json\/wp\/v2\/tags?post=3807"}],"curies":[{"name":"wp","href":"https:\/\/api.w.org\/{rel}","templated":true}]}}