{"id":3782,"date":"2024-09-02T02:09:16","date_gmt":"2024-09-02T00:09:16","guid":{"rendered":"http:\/\/www.valerie-philippin.com\/site\/?p=3782"},"modified":"2024-09-16T10:41:01","modified_gmt":"2024-09-16T08:41:01","slug":"kit-musique-prod","status":"publish","type":"post","link":"https:\/\/www.valerie-philippin.com\/site\/kit-musique-prod\/","title":{"rendered":"KIT-MUSIQUE"},"content":{"rendered":"\n<div class=\"wp-block-columns is-layout-flex wp-container-core-columns-is-layout-9d6595d7 wp-block-columns-is-layout-flex\">\n<div class=\"wp-block-column is-layout-flow wp-block-column-is-layout-flow\">\n<p><strong><em>\u00c0 propos<\/em><\/strong><br><strong>Kit-Musique<\/strong> est un cycle de pi\u00e8ces vocales ouvertes \u00ab\u00a0\u00e0 monter soi-m\u00eame\u00a0\u00bb, pour voix exerc\u00e9es et d\u00e9butantes, en petits ou grands ensembles, avec ou sans chef, r\u00e9unissant des oeuvres compos\u00e9es par Val\u00e9rie Philippin de 1997 \u00e0 2023.<br><br>Une partie des pi\u00e8ces ont \u00e9t\u00e9 concoct\u00e9es en laboratoire de 2015 \u00e0 2020 par le <strong>trio lyrique D\u00e9CLIC<\/strong> (Val\u00e9rie Philippin, Fr\u00e9d\u00e9rike Borsarello-Tr\u00e9sallet et No\u00e9mie Legendre), donnant lieu \u00e0 <strong>la cr\u00e9ation du spectacle Capriccio<\/strong> con\u00e7u pour \u00eatre donn\u00e9 en complicit\u00e9 avec un ensemble vocal :  le trio a ainsi eu comme complices les classes de chant des conservatoires de Livry-Gargan( 2020), Vincennes (juin 2022) Ch\u00e2lon-sur-Sa\u00f4ne (octobre 2022), Pontivy (mars 23), et un choeur amateur des Rencontres Contemporaines de Lyon (2022)<\/p>\n\n\n\n<p>D&rsquo;autres pi\u00e8ces du cycle ont \u00e9t\u00e9 cr\u00e9\u00e9es par des ensembles vocaux (Stella Montis, Le Miroir&#8230;)<\/p>\n\n\n\n<p>Invit\u00e9e en 2021-22 pour une <strong>r\u00e9sidence de composition au conservatoire de Bordeaux<\/strong>, le cycle complet a \u00e9t\u00e9 mont\u00e9 avec 60 \u00e9l\u00e8ves du conservatoire de Bordeaux-Jacques Thibaud, enfants adolescents et adultes, rejoints par le trio D\u00e9CLIC. La r\u00e9sidence a donn\u00e9 lieu \u00e0 des concerts dans diff\u00e9rentes salles de la ville de Bordeaux (projet soutenu par la Sacem &#8211; bourse de composition, la DRAC Nouvelle-Aquitaine et la ville de Bordeaux)<br><br>Sur les deux saisons 2022-23 et 2023-24, Val\u00e9rie Philippin a \u00e9t\u00e9 invit\u00e9e en r\u00e9sidence au conservatoire de  Tremblay-en-France pour  monter un spectacle sur le cycle avec les enfants des \u00e9coles et du conservatoire, donnant lieu \u00e0 deux restitutions publiques en mai 2023 et juin 2024 (projet soutenu par la SACEM &#8211; bourse de r\u00e9sidence)<\/p>\n\n\n\n<p><br><\/p>\n<\/div>\n\n\n\n<div class=\"wp-block-column is-layout-flow wp-block-column-is-layout-flow\">\n<p><strong>\u00c9couter les pi\u00e8ces <\/strong>: <a href=\"http:\/\/www.valerie-philippin.com\/site\/kit-musique\/\">http:\/\/www.valerie-philippin.com\/site\/kit-musique\/<\/a><br><br><strong>Commander les cahiers<\/strong> : <a href=\"https:\/\/symetrie.com\/fr\/titres\/kit-musique\">https:\/\/symetrie.com\/fr\/titres\/kit-musique<\/a><\/p>\n\n\n\n<figure class=\"wp-block-image size-large is-style-default\"><img loading=\"lazy\" decoding=\"async\" width=\"1024\" height=\"684\" src=\"http:\/\/www.valerie-philippin.com\/site\/wp-content\/uploads\/trio-declic-2-1024x684.jpg\" alt=\"\" class=\"wp-image-5269\" srcset=\"https:\/\/www.valerie-philippin.com\/site\/wp-content\/uploads\/trio-declic-2-1024x684.jpg 1024w, https:\/\/www.valerie-philippin.com\/site\/wp-content\/uploads\/trio-declic-2-500x334.jpg 500w, https:\/\/www.valerie-philippin.com\/site\/wp-content\/uploads\/trio-declic-2-768x513.jpg 768w, https:\/\/www.valerie-philippin.com\/site\/wp-content\/uploads\/trio-declic-2-1536x1026.jpg 1536w, https:\/\/www.valerie-philippin.com\/site\/wp-content\/uploads\/trio-declic-2-2048x1368.jpg 2048w\" sizes=\"auto, (max-width: 1024px) 100vw, 1024px\" \/><figcaption class=\"wp-element-caption\">Trio D\u00e9CLIC &#8211; <em>Capriccio<\/em> \u00e0 Livry Gargan &#8211; 2020<\/figcaption><\/figure>\n\n\n\n<figure class=\"wp-block-embed is-type-video is-provider-youtube wp-block-embed-youtube wp-embed-aspect-16-9 wp-has-aspect-ratio\"><div class=\"wp-block-embed__wrapper\">\n<iframe loading=\"lazy\"  id=\"_ytid_82342\"  width=\"843\" height=\"474\"  data-origwidth=\"843\" data-origheight=\"474\" src=\"https:\/\/www.youtube.com\/embed\/c3M_sAUPok0?enablejsapi=1&#038;autoplay=0&#038;cc_load_policy=0&#038;cc_lang_pref=&#038;iv_load_policy=1&#038;loop=0&#038;rel=1&#038;fs=1&#038;playsinline=0&#038;autohide=2&#038;theme=dark&#038;color=red&#038;controls=1&#038;disablekb=0&#038;\" class=\"__youtube_prefs__  epyt-is-override  no-lazyload\" title=\"YouTube player\"  allow=\"fullscreen; accelerometer; autoplay; clipboard-write; encrypted-media; gyroscope; picture-in-picture; web-share\" referrerpolicy=\"strict-origin-when-cross-origin\" allowfullscreen data-no-lazy=\"1\" data-skipgform_ajax_framebjll=\"\"><\/iframe>\n<\/div><\/figure>\n\n\n\n<figure class=\"wp-block-image size-large is-resized is-style-default\"><img loading=\"lazy\" decoding=\"async\" width=\"1024\" height=\"768\" src=\"http:\/\/www.valerie-philippin.com\/site\/wp-content\/uploads\/Tremblay-restitution-1024x768.jpg\" alt=\"\" class=\"wp-image-5482\" style=\"width:261px;height:auto\" srcset=\"https:\/\/www.valerie-philippin.com\/site\/wp-content\/uploads\/Tremblay-restitution-1024x768.jpg 1024w, https:\/\/www.valerie-philippin.com\/site\/wp-content\/uploads\/Tremblay-restitution-500x375.jpg 500w, https:\/\/www.valerie-philippin.com\/site\/wp-content\/uploads\/Tremblay-restitution-768x576.jpg 768w, https:\/\/www.valerie-philippin.com\/site\/wp-content\/uploads\/Tremblay-restitution-1536x1152.jpg 1536w, https:\/\/www.valerie-philippin.com\/site\/wp-content\/uploads\/Tremblay-restitution-2048x1536.jpg 2048w\" sizes=\"auto, (max-width: 1024px) 100vw, 1024px\" \/><figcaption class=\"wp-element-caption\">Restitution publique \u00e0 l&rsquo;auditorium du conservatoire de Tremblay-en-France 2024<\/figcaption><\/figure>\n\n\n\n<figure class=\"wp-block-image size-large is-resized is-style-default\"><img loading=\"lazy\" decoding=\"async\" width=\"1024\" height=\"461\" src=\"http:\/\/www.valerie-philippin.com\/site\/wp-content\/uploads\/enfants-Tremblay-mars-2023-1024x461.jpg\" alt=\"\" class=\"wp-image-5484\" style=\"width:261px;height:auto\" srcset=\"https:\/\/www.valerie-philippin.com\/site\/wp-content\/uploads\/enfants-Tremblay-mars-2023-1024x461.jpg 1024w, https:\/\/www.valerie-philippin.com\/site\/wp-content\/uploads\/enfants-Tremblay-mars-2023-500x225.jpg 500w, https:\/\/www.valerie-philippin.com\/site\/wp-content\/uploads\/enfants-Tremblay-mars-2023-768x346.jpg 768w, https:\/\/www.valerie-philippin.com\/site\/wp-content\/uploads\/enfants-Tremblay-mars-2023-1536x691.jpg 1536w, https:\/\/www.valerie-philippin.com\/site\/wp-content\/uploads\/enfants-Tremblay-mars-2023-2048x922.jpg 2048w\" sizes=\"auto, (max-width: 1024px) 100vw, 1024px\" \/><figcaption class=\"wp-element-caption\">R\u00e9p\u00e9tition au conservatoire de Tremblay-en-France &#8211; 2023<\/figcaption><\/figure>\n<\/div>\n\n\n\n<div class=\"wp-block-column is-layout-flow wp-block-column-is-layout-flow\">\n<figure class=\"wp-block-image size-large is-style-default\"><img loading=\"lazy\" decoding=\"async\" width=\"724\" height=\"1024\" src=\"http:\/\/www.valerie-philippin.com\/site\/wp-content\/uploads\/Tract-Kit-Musique-1-724x1024.jpg\" alt=\"\" class=\"wp-image-3918\" srcset=\"https:\/\/www.valerie-philippin.com\/site\/wp-content\/uploads\/Tract-Kit-Musique-1-724x1024.jpg 724w, https:\/\/www.valerie-philippin.com\/site\/wp-content\/uploads\/Tract-Kit-Musique-1-353x500.jpg 353w, https:\/\/www.valerie-philippin.com\/site\/wp-content\/uploads\/Tract-Kit-Musique-1-768x1086.jpg 768w, https:\/\/www.valerie-philippin.com\/site\/wp-content\/uploads\/Tract-Kit-Musique-1-1086x1536.jpg 1086w, https:\/\/www.valerie-philippin.com\/site\/wp-content\/uploads\/Tract-Kit-Musique-1.jpg 1240w\" sizes=\"auto, (max-width: 724px) 100vw, 724px\" \/><\/figure>\n\n\n\n<figure class=\"wp-block-image size-large is-style-default\"><img loading=\"lazy\" decoding=\"async\" width=\"1024\" height=\"640\" src=\"http:\/\/www.valerie-philippin.com\/site\/wp-content\/uploads\/Kit-Musique-Tremblay-copie-1024x640.jpg\" alt=\"\" class=\"wp-image-5511\" srcset=\"https:\/\/www.valerie-philippin.com\/site\/wp-content\/uploads\/Kit-Musique-Tremblay-copie-1024x640.jpg 1024w, https:\/\/www.valerie-philippin.com\/site\/wp-content\/uploads\/Kit-Musique-Tremblay-copie-500x313.jpg 500w, https:\/\/www.valerie-philippin.com\/site\/wp-content\/uploads\/Kit-Musique-Tremblay-copie-768x480.jpg 768w, https:\/\/www.valerie-philippin.com\/site\/wp-content\/uploads\/Kit-Musique-Tremblay-copie-1536x960.jpg 1536w, https:\/\/www.valerie-philippin.com\/site\/wp-content\/uploads\/Kit-Musique-Tremblay-copie-2048x1280.jpg 2048w\" sizes=\"auto, (max-width: 1024px) 100vw, 1024px\" \/><\/figure>\n<\/div>\n<\/div>\n","protected":false},"excerpt":{"rendered":"<p>Suite vocale du solo \u00e0 l&rsquo;ensemble, \u00e0 monter soi-m\u00eame<br \/>\nCompositions de Val\u00e9rie Philippin<br \/>\nCr\u00e9ation 2022<\/p>\n","protected":false},"author":2,"featured_media":3798,"comment_status":"closed","ping_status":"closed","sticky":false,"template":"","format":"standard","meta":{"footnotes":""},"categories":[6,9],"tags":[27],"class_list":["post-3782","post","type-post","status-publish","format-standard","has-post-thumbnail","hentry","category-spectacles","category-inventaire-productions","tag-kit-musique"],"yoast_head":"<!-- This site is optimized with the Yoast SEO plugin v27.5 - https:\/\/yoast.com\/product\/yoast-seo-wordpress\/ -->\n<title>KIT-MUSIQUE &#8226; Val\u00e9rie Philippin \/ Cie Territoires de la voix<\/title>\n<meta name=\"robots\" content=\"noindex, follow\" \/>\n<meta property=\"og:locale\" content=\"fr_FR\" \/>\n<meta property=\"og:type\" content=\"article\" \/>\n<meta property=\"og:title\" content=\"KIT-MUSIQUE &#8226; Val\u00e9rie Philippin \/ Cie Territoires de la voix\" \/>\n<meta property=\"og:description\" content=\"Suite vocale du solo \u00e0 l&#039;ensemble, \u00e0 monter soi-m\u00eame Compositions de Val\u00e9rie Philippin Cr\u00e9ation 2022\" \/>\n<meta property=\"og:url\" content=\"https:\/\/www.valerie-philippin.com\/site\/kit-musique-prod\/\" \/>\n<meta property=\"og:site_name\" content=\"Val\u00e9rie Philippin \/ Cie Territoires de la voix\" \/>\n<meta property=\"article:published_time\" content=\"2024-09-02T00:09:16+00:00\" \/>\n<meta property=\"article:modified_time\" content=\"2024-09-16T08:41:01+00:00\" \/>\n<meta property=\"og:image\" content=\"http:\/\/www.valerie-philippin.com\/site\/wp-content\/uploads\/perpetuum-mobile.jpg\" \/>\n\t<meta property=\"og:image:width\" content=\"281\" \/>\n\t<meta property=\"og:image:height\" content=\"179\" \/>\n\t<meta property=\"og:image:type\" content=\"image\/jpeg\" \/>\n<meta name=\"author\" content=\"Val\u00e9rie Philippin\" \/>\n<meta name=\"twitter:card\" content=\"summary_large_image\" \/>\n<meta name=\"twitter:label1\" content=\"\u00c9crit par\" \/>\n\t<meta name=\"twitter:data1\" content=\"Val\u00e9rie Philippin\" \/>\n\t<meta name=\"twitter:label2\" content=\"Dur\u00e9e de lecture estim\u00e9e\" \/>\n\t<meta name=\"twitter:data2\" content=\"3 minutes\" \/>\n<script type=\"application\/ld+json\" class=\"yoast-schema-graph\">{\"@context\":\"https:\\\/\\\/schema.org\",\"@graph\":[{\"@type\":\"Article\",\"@id\":\"https:\\\/\\\/www.valerie-philippin.com\\\/site\\\/kit-musique-prod\\\/#article\",\"isPartOf\":{\"@id\":\"https:\\\/\\\/www.valerie-philippin.com\\\/site\\\/kit-musique-prod\\\/\"},\"author\":{\"name\":\"Val\u00e9rie Philippin\",\"@id\":\"https:\\\/\\\/www.valerie-philippin.com\\\/site\\\/#\\\/schema\\\/person\\\/b4b89fdb961cd2821524f194ed6980db\"},\"headline\":\"KIT-MUSIQUE\",\"datePublished\":\"2024-09-02T00:09:16+00:00\",\"dateModified\":\"2024-09-16T08:41:01+00:00\",\"mainEntityOfPage\":{\"@id\":\"https:\\\/\\\/www.valerie-philippin.com\\\/site\\\/kit-musique-prod\\\/\"},\"wordCount\":322,\"publisher\":{\"@id\":\"https:\\\/\\\/www.valerie-philippin.com\\\/site\\\/#organization\"},\"image\":{\"@id\":\"https:\\\/\\\/www.valerie-philippin.com\\\/site\\\/kit-musique-prod\\\/#primaryimage\"},\"thumbnailUrl\":\"https:\\\/\\\/www.valerie-philippin.com\\\/site\\\/wp-content\\\/uploads\\\/perpetuum-mobile.jpg\",\"keywords\":[\"KIT MUSIQUE\"],\"articleSection\":[\"FabLab \\\/ Spectacles\",\"Inventaire\"],\"inLanguage\":\"fr-FR\"},{\"@type\":\"WebPage\",\"@id\":\"https:\\\/\\\/www.valerie-philippin.com\\\/site\\\/kit-musique-prod\\\/\",\"url\":\"https:\\\/\\\/www.valerie-philippin.com\\\/site\\\/kit-musique-prod\\\/\",\"name\":\"KIT-MUSIQUE &#8226; Val\u00e9rie Philippin \\\/ Cie Territoires de la voix\",\"isPartOf\":{\"@id\":\"https:\\\/\\\/www.valerie-philippin.com\\\/site\\\/#website\"},\"primaryImageOfPage\":{\"@id\":\"https:\\\/\\\/www.valerie-philippin.com\\\/site\\\/kit-musique-prod\\\/#primaryimage\"},\"image\":{\"@id\":\"https:\\\/\\\/www.valerie-philippin.com\\\/site\\\/kit-musique-prod\\\/#primaryimage\"},\"thumbnailUrl\":\"https:\\\/\\\/www.valerie-philippin.com\\\/site\\\/wp-content\\\/uploads\\\/perpetuum-mobile.jpg\",\"datePublished\":\"2024-09-02T00:09:16+00:00\",\"dateModified\":\"2024-09-16T08:41:01+00:00\",\"breadcrumb\":{\"@id\":\"https:\\\/\\\/www.valerie-philippin.com\\\/site\\\/kit-musique-prod\\\/#breadcrumb\"},\"inLanguage\":\"fr-FR\",\"potentialAction\":[{\"@type\":\"ReadAction\",\"target\":[\"https:\\\/\\\/www.valerie-philippin.com\\\/site\\\/kit-musique-prod\\\/\"]}]},{\"@type\":\"ImageObject\",\"inLanguage\":\"fr-FR\",\"@id\":\"https:\\\/\\\/www.valerie-philippin.com\\\/site\\\/kit-musique-prod\\\/#primaryimage\",\"url\":\"https:\\\/\\\/www.valerie-philippin.com\\\/site\\\/wp-content\\\/uploads\\\/perpetuum-mobile.jpg\",\"contentUrl\":\"https:\\\/\\\/www.valerie-philippin.com\\\/site\\\/wp-content\\\/uploads\\\/perpetuum-mobile.jpg\",\"width\":281,\"height\":179},{\"@type\":\"BreadcrumbList\",\"@id\":\"https:\\\/\\\/www.valerie-philippin.com\\\/site\\\/kit-musique-prod\\\/#breadcrumb\",\"itemListElement\":[{\"@type\":\"ListItem\",\"position\":1,\"name\":\"Accueil\",\"item\":\"https:\\\/\\\/www.valerie-philippin.com\\\/site\\\/\"},{\"@type\":\"ListItem\",\"position\":2,\"name\":\"KIT-MUSIQUE\"}]},{\"@type\":\"WebSite\",\"@id\":\"https:\\\/\\\/www.valerie-philippin.com\\\/site\\\/#website\",\"url\":\"https:\\\/\\\/www.valerie-philippin.com\\\/site\\\/\",\"name\":\"Val\u00e9rie Philippin \\\/ Cie Territoires de la voix\",\"description\":\"FaBLab de cr\u00e9ation vocale contemporaine\",\"publisher\":{\"@id\":\"https:\\\/\\\/www.valerie-philippin.com\\\/site\\\/#organization\"},\"potentialAction\":[{\"@type\":\"SearchAction\",\"target\":{\"@type\":\"EntryPoint\",\"urlTemplate\":\"https:\\\/\\\/www.valerie-philippin.com\\\/site\\\/?s={search_term_string}\"},\"query-input\":{\"@type\":\"PropertyValueSpecification\",\"valueRequired\":true,\"valueName\":\"search_term_string\"}}],\"inLanguage\":\"fr-FR\"},{\"@type\":\"Organization\",\"@id\":\"https:\\\/\\\/www.valerie-philippin.com\\\/site\\\/#organization\",\"name\":\"Territoires de la voix\",\"url\":\"https:\\\/\\\/www.valerie-philippin.com\\\/site\\\/\",\"logo\":{\"@type\":\"ImageObject\",\"inLanguage\":\"fr-FR\",\"@id\":\"https:\\\/\\\/www.valerie-philippin.com\\\/site\\\/#\\\/schema\\\/logo\\\/image\\\/\",\"url\":\"http:\\\/\\\/www.valerie-philippin.com\\\/site\\\/wp-content\\\/uploads\\\/2020\\\/06\\\/logoterritoiresdelavoix.png\",\"contentUrl\":\"http:\\\/\\\/www.valerie-philippin.com\\\/site\\\/wp-content\\\/uploads\\\/2020\\\/06\\\/logoterritoiresdelavoix.png\",\"width\":500,\"height\":537,\"caption\":\"Territoires de la voix\"},\"image\":{\"@id\":\"https:\\\/\\\/www.valerie-philippin.com\\\/site\\\/#\\\/schema\\\/logo\\\/image\\\/\"}},{\"@type\":\"Person\",\"@id\":\"https:\\\/\\\/www.valerie-philippin.com\\\/site\\\/#\\\/schema\\\/person\\\/b4b89fdb961cd2821524f194ed6980db\",\"name\":\"Val\u00e9rie Philippin\",\"description\":\"Chanteuse, autrice, compositrice - Territoires de la Voix\",\"sameAs\":[\"http:\\\/\\\/www.valerie-philippin.com\"]}]}<\/script>\n<!-- \/ Yoast SEO plugin. -->","yoast_head_json":{"title":"KIT-MUSIQUE &#8226; Val\u00e9rie Philippin \/ Cie Territoires de la voix","robots":{"index":"noindex","follow":"follow"},"og_locale":"fr_FR","og_type":"article","og_title":"KIT-MUSIQUE &#8226; Val\u00e9rie Philippin \/ Cie Territoires de la voix","og_description":"Suite vocale du solo \u00e0 l'ensemble, \u00e0 monter soi-m\u00eame Compositions de Val\u00e9rie Philippin Cr\u00e9ation 2022","og_url":"https:\/\/www.valerie-philippin.com\/site\/kit-musique-prod\/","og_site_name":"Val\u00e9rie Philippin \/ Cie Territoires de la voix","article_published_time":"2024-09-02T00:09:16+00:00","article_modified_time":"2024-09-16T08:41:01+00:00","og_image":[{"width":281,"height":179,"url":"http:\/\/www.valerie-philippin.com\/site\/wp-content\/uploads\/perpetuum-mobile.jpg","type":"image\/jpeg"}],"author":"Val\u00e9rie Philippin","twitter_card":"summary_large_image","twitter_misc":{"\u00c9crit par":"Val\u00e9rie Philippin","Dur\u00e9e de lecture estim\u00e9e":"3 minutes"},"schema":{"@context":"https:\/\/schema.org","@graph":[{"@type":"Article","@id":"https:\/\/www.valerie-philippin.com\/site\/kit-musique-prod\/#article","isPartOf":{"@id":"https:\/\/www.valerie-philippin.com\/site\/kit-musique-prod\/"},"author":{"name":"Val\u00e9rie Philippin","@id":"https:\/\/www.valerie-philippin.com\/site\/#\/schema\/person\/b4b89fdb961cd2821524f194ed6980db"},"headline":"KIT-MUSIQUE","datePublished":"2024-09-02T00:09:16+00:00","dateModified":"2024-09-16T08:41:01+00:00","mainEntityOfPage":{"@id":"https:\/\/www.valerie-philippin.com\/site\/kit-musique-prod\/"},"wordCount":322,"publisher":{"@id":"https:\/\/www.valerie-philippin.com\/site\/#organization"},"image":{"@id":"https:\/\/www.valerie-philippin.com\/site\/kit-musique-prod\/#primaryimage"},"thumbnailUrl":"https:\/\/www.valerie-philippin.com\/site\/wp-content\/uploads\/perpetuum-mobile.jpg","keywords":["KIT MUSIQUE"],"articleSection":["FabLab \/ Spectacles","Inventaire"],"inLanguage":"fr-FR"},{"@type":"WebPage","@id":"https:\/\/www.valerie-philippin.com\/site\/kit-musique-prod\/","url":"https:\/\/www.valerie-philippin.com\/site\/kit-musique-prod\/","name":"KIT-MUSIQUE &#8226; Val\u00e9rie Philippin \/ Cie Territoires de la voix","isPartOf":{"@id":"https:\/\/www.valerie-philippin.com\/site\/#website"},"primaryImageOfPage":{"@id":"https:\/\/www.valerie-philippin.com\/site\/kit-musique-prod\/#primaryimage"},"image":{"@id":"https:\/\/www.valerie-philippin.com\/site\/kit-musique-prod\/#primaryimage"},"thumbnailUrl":"https:\/\/www.valerie-philippin.com\/site\/wp-content\/uploads\/perpetuum-mobile.jpg","datePublished":"2024-09-02T00:09:16+00:00","dateModified":"2024-09-16T08:41:01+00:00","breadcrumb":{"@id":"https:\/\/www.valerie-philippin.com\/site\/kit-musique-prod\/#breadcrumb"},"inLanguage":"fr-FR","potentialAction":[{"@type":"ReadAction","target":["https:\/\/www.valerie-philippin.com\/site\/kit-musique-prod\/"]}]},{"@type":"ImageObject","inLanguage":"fr-FR","@id":"https:\/\/www.valerie-philippin.com\/site\/kit-musique-prod\/#primaryimage","url":"https:\/\/www.valerie-philippin.com\/site\/wp-content\/uploads\/perpetuum-mobile.jpg","contentUrl":"https:\/\/www.valerie-philippin.com\/site\/wp-content\/uploads\/perpetuum-mobile.jpg","width":281,"height":179},{"@type":"BreadcrumbList","@id":"https:\/\/www.valerie-philippin.com\/site\/kit-musique-prod\/#breadcrumb","itemListElement":[{"@type":"ListItem","position":1,"name":"Accueil","item":"https:\/\/www.valerie-philippin.com\/site\/"},{"@type":"ListItem","position":2,"name":"KIT-MUSIQUE"}]},{"@type":"WebSite","@id":"https:\/\/www.valerie-philippin.com\/site\/#website","url":"https:\/\/www.valerie-philippin.com\/site\/","name":"Val\u00e9rie Philippin \/ Cie Territoires de la voix","description":"FaBLab de cr\u00e9ation vocale contemporaine","publisher":{"@id":"https:\/\/www.valerie-philippin.com\/site\/#organization"},"potentialAction":[{"@type":"SearchAction","target":{"@type":"EntryPoint","urlTemplate":"https:\/\/www.valerie-philippin.com\/site\/?s={search_term_string}"},"query-input":{"@type":"PropertyValueSpecification","valueRequired":true,"valueName":"search_term_string"}}],"inLanguage":"fr-FR"},{"@type":"Organization","@id":"https:\/\/www.valerie-philippin.com\/site\/#organization","name":"Territoires de la voix","url":"https:\/\/www.valerie-philippin.com\/site\/","logo":{"@type":"ImageObject","inLanguage":"fr-FR","@id":"https:\/\/www.valerie-philippin.com\/site\/#\/schema\/logo\/image\/","url":"http:\/\/www.valerie-philippin.com\/site\/wp-content\/uploads\/2020\/06\/logoterritoiresdelavoix.png","contentUrl":"http:\/\/www.valerie-philippin.com\/site\/wp-content\/uploads\/2020\/06\/logoterritoiresdelavoix.png","width":500,"height":537,"caption":"Territoires de la voix"},"image":{"@id":"https:\/\/www.valerie-philippin.com\/site\/#\/schema\/logo\/image\/"}},{"@type":"Person","@id":"https:\/\/www.valerie-philippin.com\/site\/#\/schema\/person\/b4b89fdb961cd2821524f194ed6980db","name":"Val\u00e9rie Philippin","description":"Chanteuse, autrice, compositrice - Territoires de la Voix","sameAs":["http:\/\/www.valerie-philippin.com"]}]}},"_links":{"self":[{"href":"https:\/\/www.valerie-philippin.com\/site\/wp-json\/wp\/v2\/posts\/3782","targetHints":{"allow":["GET"]}}],"collection":[{"href":"https:\/\/www.valerie-philippin.com\/site\/wp-json\/wp\/v2\/posts"}],"about":[{"href":"https:\/\/www.valerie-philippin.com\/site\/wp-json\/wp\/v2\/types\/post"}],"author":[{"embeddable":true,"href":"https:\/\/www.valerie-philippin.com\/site\/wp-json\/wp\/v2\/users\/2"}],"replies":[{"embeddable":true,"href":"https:\/\/www.valerie-philippin.com\/site\/wp-json\/wp\/v2\/comments?post=3782"}],"version-history":[{"count":36,"href":"https:\/\/www.valerie-philippin.com\/site\/wp-json\/wp\/v2\/posts\/3782\/revisions"}],"predecessor-version":[{"id":5594,"href":"https:\/\/www.valerie-philippin.com\/site\/wp-json\/wp\/v2\/posts\/3782\/revisions\/5594"}],"wp:featuredmedia":[{"embeddable":true,"href":"https:\/\/www.valerie-philippin.com\/site\/wp-json\/wp\/v2\/media\/3798"}],"wp:attachment":[{"href":"https:\/\/www.valerie-philippin.com\/site\/wp-json\/wp\/v2\/media?parent=3782"}],"wp:term":[{"taxonomy":"category","embeddable":true,"href":"https:\/\/www.valerie-philippin.com\/site\/wp-json\/wp\/v2\/categories?post=3782"},{"taxonomy":"post_tag","embeddable":true,"href":"https:\/\/www.valerie-philippin.com\/site\/wp-json\/wp\/v2\/tags?post=3782"}],"curies":[{"name":"wp","href":"https:\/\/api.w.org\/{rel}","templated":true}]}}