{"id":3559,"date":"2021-04-04T22:53:53","date_gmt":"2021-04-04T20:53:53","guid":{"rendered":"http:\/\/www.valerie-philippin.com\/site\/?p=3559"},"modified":"2024-09-12T14:39:34","modified_gmt":"2024-09-12T12:39:34","slug":"belles-parleuses-beaux-parleurs","status":"publish","type":"post","link":"https:\/\/www.valerie-philippin.com\/site\/belles-parleuses-beaux-parleurs\/","title":{"rendered":"BELLES-PARLEUSES BEAUX-PARLEURS"},"content":{"rendered":"\n<div class=\"wp-block-columns is-layout-flex wp-container-core-columns-is-layout-9d6595d7 wp-block-columns-is-layout-flex\">\n<div class=\"wp-block-column is-layout-flow wp-block-column-is-layout-flow\">\n<p><em><strong>\u00c0 propos<\/strong><\/em><br>L&rsquo;atelier de cr\u00e9ation vocale men\u00e9 par Val\u00e9rie Philippin avec les jeunes du DITEP d&rsquo;Eysines a lieu depuis 2021 et a donn\u00e9 lieu \u00e0 des restitutions publiques et des captations audiovisuelles.<\/p>\n\n\n\n<p><strong><em>Historique<\/em><\/strong><br>Cinq adolescents suivi au DITEP Saint Vincent d&rsquo;Eysines (Dispositif Institut Th\u00e9rapeutique \u00c9ducatif et P\u00e9dagogique) ont particip\u00e9 en 2019 et 2020 \u00e0 l&rsquo;atelier interg\u00e9n\u00e9rationnel \u00a0\u00bb \u00c0 Tout Bout de Chant \u00a0\u00bb men\u00e9 par Val\u00e9rie Philippin \u00e0 l&rsquo;\u00e9cole de musique d&rsquo;Eysines. Cet atelier a \u00e9t\u00e9 le sujet du film documentaire de Jean-Pierre Vedel \u00a0\u00bb Chanter \u00e0 tout prix \u00a0\u00bb diffus\u00e9 sur France 3 R\u00e9gion Nouvelle Aquitaine en 2021.<br>En 2021, l&rsquo;\u00e9ducatrice Ingrid Vanlerneghe propose de cr\u00e9er un nouvel atelier de th\u00e9\u00e2tre musical pour ces jeunes et leurs camarades, au sein m\u00eame du DITEP.<br>Une premi\u00e8re \u00e9tape est men\u00e9e de mars \u00e0 juin 2021, avec une pr\u00e9sentation  publique dans le cadre du R&rsquo;Festif au Rocher de Palmer le 24 juin 2021, <br>puis en 2021-22 en partenariat avec le Rocher de Palmer (Cenon), film\u00e9 par Julie Deniel avec une projection du film au Garage Moderne (Bordeaux) en octobre 2022.<\/p>\n\n\n\n<p><strong><em>Saison 2023-24<\/em><\/strong><br>Val\u00e9rie Philippin et Julie Deniel sont rejointes par la chanteuse et violoncelliste Juliette Fabre. Un film sera r\u00e9alis\u00e9 dans les diff\u00e9rents lieux de vie  de l&rsquo;institution, et projet\u00e9 en juin 2024 dans le festival <em>Montrez la Voix ! <\/em>au Garage Moderne \u00e0 Bordeaux puis en juillet 2024 au DITEP d&rsquo;Eysines lors de l&rsquo;inauguration des nouveaux locaux, en pr\u00e9sence des jeunes et de leurs familles.<\/p>\n\n\n\n<p><strong><em>Intervenant<\/em>es<br><\/strong>Val\u00e9rie Philippin, chanteuse, compositrice<br>Juliette Fabre, chanteuse, violoncelliste<br>Ingrid Fazilleau, \u00e9ducatrice<br>Julie Deniel, captation vid\u00e9o<br>C\u00e9cile Philippin, montage audiovisuel<\/p>\n\n\n\n<p><strong><em>Calendrier 2023-<\/em><\/strong><em><strong>2<\/strong><\/em>4<br>Ateliers d&rsquo;octobre \u00e0 juin \u00e0 raison d&rsquo;un jeudi par mois (2h30)<br>Restitution dans le cadre du festival <em>Montrez la Voix ! <\/em>au Garage Moderne en juin 2024<\/p>\n\n\n\n<p><em><strong>Lieu<\/strong><\/em><br>DITEP Saint-Vincent d\u2019Eysines (33320)<\/p>\n\n\n\n<p><em><strong>Partenaires<\/strong><\/em><br>Appel \u00e0 projet Culture et Sant\u00e9 Nouvelle-Aquitaine (ARS)<br>D\u00e9partement de la Gironde &#8211; Itin\u00e9raire Hors Coll\u00e8ge <br>DITEP d\u2019Eysines<br>Association Lamothe Lescure Club<\/p>\n<\/div>\n\n\n\n<div class=\"wp-block-column is-layout-flow wp-block-column-is-layout-flow\">\n<p>Journal de bord d&rsquo;octobre 2021 \u00e0 juin 2022<\/p>\n\n\n\n<figure class=\"wp-block-embed is-type-video is-provider-youtube wp-block-embed-youtube wp-embed-aspect-16-9 wp-has-aspect-ratio\"><div class=\"wp-block-embed__wrapper\">\n<iframe loading=\"lazy\"  id=\"_ytid_96707\"  width=\"843\" height=\"474\"  data-origwidth=\"843\" data-origheight=\"474\" src=\"https:\/\/www.youtube.com\/embed\/cDXOqeyXj58?enablejsapi=1&#038;autoplay=0&#038;cc_load_policy=0&#038;cc_lang_pref=&#038;iv_load_policy=1&#038;loop=0&#038;rel=1&#038;fs=1&#038;playsinline=0&#038;autohide=2&#038;theme=dark&#038;color=red&#038;controls=1&#038;disablekb=0&#038;\" class=\"__youtube_prefs__  epyt-is-override  no-lazyload\" title=\"YouTube player\"  allow=\"fullscreen; accelerometer; autoplay; clipboard-write; encrypted-media; gyroscope; picture-in-picture; web-share\" referrerpolicy=\"strict-origin-when-cross-origin\" allowfullscreen data-no-lazy=\"1\" data-skipgform_ajax_framebjll=\"\"><\/iframe>\n<\/div><figcaption class=\"wp-element-caption\"> <\/figcaption><\/figure>\n\n\n\n<p>Captation du spectacle au DITEP &#8211; juin 2021<\/p>\n\n\n\n<figure class=\"wp-block-embed is-type-video is-provider-youtube wp-block-embed-youtube wp-embed-aspect-16-9 wp-has-aspect-ratio\"><div class=\"wp-block-embed__wrapper\">\n<iframe loading=\"lazy\"  id=\"_ytid_89663\"  width=\"843\" height=\"474\"  data-origwidth=\"843\" data-origheight=\"474\" src=\"https:\/\/www.youtube.com\/embed\/D--LiPNauAM?enablejsapi=1&#038;autoplay=0&#038;cc_load_policy=0&#038;cc_lang_pref=&#038;iv_load_policy=1&#038;loop=0&#038;rel=1&#038;fs=1&#038;playsinline=0&#038;autohide=2&#038;theme=dark&#038;color=red&#038;controls=1&#038;disablekb=0&#038;\" class=\"__youtube_prefs__  epyt-is-override  no-lazyload\" title=\"YouTube player\"  allow=\"fullscreen; accelerometer; autoplay; clipboard-write; encrypted-media; gyroscope; picture-in-picture; web-share\" referrerpolicy=\"strict-origin-when-cross-origin\" allowfullscreen data-no-lazy=\"1\" data-skipgform_ajax_framebjll=\"\"><\/iframe>\n<\/div><\/figure>\n\n\n\n<figure class=\"wp-block-image size-large is-style-default\"><img loading=\"lazy\" decoding=\"async\" width=\"724\" height=\"1024\" src=\"http:\/\/www.valerie-philippin.com\/site\/wp-content\/uploads\/DITEP-ouverture-atelier-7-dec-2023-724x1024.jpg\" alt=\"\" class=\"wp-image-4791\" srcset=\"https:\/\/www.valerie-philippin.com\/site\/wp-content\/uploads\/DITEP-ouverture-atelier-7-dec-2023-724x1024.jpg 724w, https:\/\/www.valerie-philippin.com\/site\/wp-content\/uploads\/DITEP-ouverture-atelier-7-dec-2023-353x500.jpg 353w, https:\/\/www.valerie-philippin.com\/site\/wp-content\/uploads\/DITEP-ouverture-atelier-7-dec-2023-768x1086.jpg 768w, https:\/\/www.valerie-philippin.com\/site\/wp-content\/uploads\/DITEP-ouverture-atelier-7-dec-2023-1086x1536.jpg 1086w, https:\/\/www.valerie-philippin.com\/site\/wp-content\/uploads\/DITEP-ouverture-atelier-7-dec-2023-1448x2048.jpg 1448w, https:\/\/www.valerie-philippin.com\/site\/wp-content\/uploads\/DITEP-ouverture-atelier-7-dec-2023.jpg 1587w\" sizes=\"auto, (max-width: 724px) 100vw, 724px\" \/><\/figure>\n<\/div>\n\n\n\n<div class=\"wp-block-column is-layout-flow wp-block-column-is-layout-flow\">\n<figure class=\"wp-block-image size-large is-style-default\"><img loading=\"lazy\" decoding=\"async\" width=\"724\" height=\"1024\" src=\"http:\/\/www.valerie-philippin.com\/site\/wp-content\/uploads\/tract-p-1-9-oct-Garage-Moderne-1-724x1024.png\" alt=\"\" class=\"wp-image-4120\" srcset=\"https:\/\/www.valerie-philippin.com\/site\/wp-content\/uploads\/tract-p-1-9-oct-Garage-Moderne-1-724x1024.png 724w, https:\/\/www.valerie-philippin.com\/site\/wp-content\/uploads\/tract-p-1-9-oct-Garage-Moderne-1-354x500.png 354w, https:\/\/www.valerie-philippin.com\/site\/wp-content\/uploads\/tract-p-1-9-oct-Garage-Moderne-1-768x1086.png 768w, https:\/\/www.valerie-philippin.com\/site\/wp-content\/uploads\/tract-p-1-9-oct-Garage-Moderne-1-1086x1536.png 1086w, https:\/\/www.valerie-philippin.com\/site\/wp-content\/uploads\/tract-p-1-9-oct-Garage-Moderne-1.png 1414w\" sizes=\"auto, (max-width: 724px) 100vw, 724px\" \/><\/figure>\n\n\n\n<figure class=\"wp-block-image size-large is-style-default\"><img loading=\"lazy\" decoding=\"async\" width=\"724\" height=\"1024\" src=\"http:\/\/www.valerie-philippin.com\/site\/wp-content\/uploads\/Affiche-BPBP-juin-2022-724x1024.jpg\" alt=\"\" class=\"wp-image-4122\" srcset=\"https:\/\/www.valerie-philippin.com\/site\/wp-content\/uploads\/Affiche-BPBP-juin-2022-724x1024.jpg 724w, https:\/\/www.valerie-philippin.com\/site\/wp-content\/uploads\/Affiche-BPBP-juin-2022-354x500.jpg 354w, https:\/\/www.valerie-philippin.com\/site\/wp-content\/uploads\/Affiche-BPBP-juin-2022-768x1086.jpg 768w, https:\/\/www.valerie-philippin.com\/site\/wp-content\/uploads\/Affiche-BPBP-juin-2022-1086x1536.jpg 1086w, https:\/\/www.valerie-philippin.com\/site\/wp-content\/uploads\/Affiche-BPBP-juin-2022-1448x2048.jpg 1448w, https:\/\/www.valerie-philippin.com\/site\/wp-content\/uploads\/Affiche-BPBP-juin-2022-scaled.jpg 1810w\" sizes=\"auto, (max-width: 724px) 100vw, 724px\" \/><\/figure>\n\n\n\n<figure class=\"wp-block-image size-large is-style-default\"><img decoding=\"async\" src=\"http:\/\/www.valerie-philippin.com\/site\/wp-content\/uploads\/atelier-7-d\u00e9cembre-724x1024.jpg\" alt=\"\" class=\"wp-image-4305\"\/><\/figure>\n<\/div>\n<\/div>\n\n\n\n<p><\/p>\n","protected":false},"excerpt":{"rendered":"<p>Atelier de th\u00e9\u00e2tre musical<br \/>\nDITEP Saint-Vincent d&rsquo;Eysines<br \/>\nMen\u00e9 par Val\u00e9rie Philippin et Juliette Fabre<br \/>\nde 2021 \u00e0 2024<\/p>\n","protected":false},"author":2,"featured_media":3560,"comment_status":"closed","ping_status":"closed","sticky":false,"template":"","format":"standard","meta":{"footnotes":""},"categories":[15,13],"tags":[],"class_list":["post-3559","post","type-post","status-publish","format-standard","has-post-thumbnail","hentry","category-inventaire","category-ateliers-pour-tous"],"yoast_head":"<!-- This site is optimized with the Yoast SEO plugin v27.5 - https:\/\/yoast.com\/product\/yoast-seo-wordpress\/ -->\n<title>BELLES-PARLEUSES BEAUX-PARLEURS &#8226; Val\u00e9rie Philippin \/ Cie Territoires de la voix<\/title>\n<meta name=\"robots\" content=\"noindex, follow\" \/>\n<meta property=\"og:locale\" content=\"fr_FR\" \/>\n<meta property=\"og:type\" content=\"article\" \/>\n<meta property=\"og:title\" content=\"BELLES-PARLEUSES BEAUX-PARLEURS &#8226; Val\u00e9rie Philippin \/ Cie Territoires de la voix\" \/>\n<meta property=\"og:description\" content=\"Atelier de th\u00e9\u00e2tre musical DITEP Saint-Vincent d&#039;Eysines Men\u00e9 par Val\u00e9rie Philippin et Juliette Fabre de 2021 \u00e0 2024\" \/>\n<meta property=\"og:url\" content=\"https:\/\/www.valerie-philippin.com\/site\/belles-parleuses-beaux-parleurs\/\" \/>\n<meta property=\"og:site_name\" content=\"Val\u00e9rie Philippin \/ Cie Territoires de la voix\" \/>\n<meta property=\"article:published_time\" content=\"2021-04-04T20:53:53+00:00\" \/>\n<meta property=\"article:modified_time\" content=\"2024-09-12T12:39:34+00:00\" \/>\n<meta property=\"og:image\" content=\"http:\/\/www.valerie-philippin.com\/site\/wp-content\/uploads\/BPBP-vignette-scaled.jpg\" \/>\n\t<meta property=\"og:image:width\" content=\"2560\" \/>\n\t<meta property=\"og:image:height\" content=\"1440\" \/>\n\t<meta property=\"og:image:type\" content=\"image\/jpeg\" \/>\n<meta name=\"author\" content=\"Val\u00e9rie Philippin\" \/>\n<meta name=\"twitter:card\" content=\"summary_large_image\" \/>\n<meta name=\"twitter:label1\" content=\"\u00c9crit par\" \/>\n\t<meta name=\"twitter:data1\" content=\"Val\u00e9rie Philippin\" \/>\n\t<meta name=\"twitter:label2\" content=\"Dur\u00e9e de lecture estim\u00e9e\" \/>\n\t<meta name=\"twitter:data2\" content=\"3 minutes\" \/>\n<script type=\"application\/ld+json\" class=\"yoast-schema-graph\">{\"@context\":\"https:\\\/\\\/schema.org\",\"@graph\":[{\"@type\":\"Article\",\"@id\":\"https:\\\/\\\/www.valerie-philippin.com\\\/site\\\/belles-parleuses-beaux-parleurs\\\/#article\",\"isPartOf\":{\"@id\":\"https:\\\/\\\/www.valerie-philippin.com\\\/site\\\/belles-parleuses-beaux-parleurs\\\/\"},\"author\":{\"name\":\"Val\u00e9rie Philippin\",\"@id\":\"https:\\\/\\\/www.valerie-philippin.com\\\/site\\\/#\\\/schema\\\/person\\\/b4b89fdb961cd2821524f194ed6980db\"},\"headline\":\"BELLES-PARLEUSES BEAUX-PARLEURS\",\"datePublished\":\"2021-04-04T20:53:53+00:00\",\"dateModified\":\"2024-09-12T12:39:34+00:00\",\"mainEntityOfPage\":{\"@id\":\"https:\\\/\\\/www.valerie-philippin.com\\\/site\\\/belles-parleuses-beaux-parleurs\\\/\"},\"wordCount\":356,\"publisher\":{\"@id\":\"https:\\\/\\\/www.valerie-philippin.com\\\/site\\\/#organization\"},\"image\":{\"@id\":\"https:\\\/\\\/www.valerie-philippin.com\\\/site\\\/belles-parleuses-beaux-parleurs\\\/#primaryimage\"},\"thumbnailUrl\":\"https:\\\/\\\/www.valerie-philippin.com\\\/site\\\/wp-content\\\/uploads\\\/BPBP-vignette-scaled.jpg\",\"articleSection\":[\"Inventaire\",\"FabLab \\\/ Ateliers\"],\"inLanguage\":\"fr-FR\"},{\"@type\":\"WebPage\",\"@id\":\"https:\\\/\\\/www.valerie-philippin.com\\\/site\\\/belles-parleuses-beaux-parleurs\\\/\",\"url\":\"https:\\\/\\\/www.valerie-philippin.com\\\/site\\\/belles-parleuses-beaux-parleurs\\\/\",\"name\":\"BELLES-PARLEUSES BEAUX-PARLEURS &#8226; Val\u00e9rie Philippin \\\/ Cie Territoires de la voix\",\"isPartOf\":{\"@id\":\"https:\\\/\\\/www.valerie-philippin.com\\\/site\\\/#website\"},\"primaryImageOfPage\":{\"@id\":\"https:\\\/\\\/www.valerie-philippin.com\\\/site\\\/belles-parleuses-beaux-parleurs\\\/#primaryimage\"},\"image\":{\"@id\":\"https:\\\/\\\/www.valerie-philippin.com\\\/site\\\/belles-parleuses-beaux-parleurs\\\/#primaryimage\"},\"thumbnailUrl\":\"https:\\\/\\\/www.valerie-philippin.com\\\/site\\\/wp-content\\\/uploads\\\/BPBP-vignette-scaled.jpg\",\"datePublished\":\"2021-04-04T20:53:53+00:00\",\"dateModified\":\"2024-09-12T12:39:34+00:00\",\"breadcrumb\":{\"@id\":\"https:\\\/\\\/www.valerie-philippin.com\\\/site\\\/belles-parleuses-beaux-parleurs\\\/#breadcrumb\"},\"inLanguage\":\"fr-FR\",\"potentialAction\":[{\"@type\":\"ReadAction\",\"target\":[\"https:\\\/\\\/www.valerie-philippin.com\\\/site\\\/belles-parleuses-beaux-parleurs\\\/\"]}]},{\"@type\":\"ImageObject\",\"inLanguage\":\"fr-FR\",\"@id\":\"https:\\\/\\\/www.valerie-philippin.com\\\/site\\\/belles-parleuses-beaux-parleurs\\\/#primaryimage\",\"url\":\"https:\\\/\\\/www.valerie-philippin.com\\\/site\\\/wp-content\\\/uploads\\\/BPBP-vignette-scaled.jpg\",\"contentUrl\":\"https:\\\/\\\/www.valerie-philippin.com\\\/site\\\/wp-content\\\/uploads\\\/BPBP-vignette-scaled.jpg\",\"width\":2560,\"height\":1440},{\"@type\":\"BreadcrumbList\",\"@id\":\"https:\\\/\\\/www.valerie-philippin.com\\\/site\\\/belles-parleuses-beaux-parleurs\\\/#breadcrumb\",\"itemListElement\":[{\"@type\":\"ListItem\",\"position\":1,\"name\":\"Accueil\",\"item\":\"https:\\\/\\\/www.valerie-philippin.com\\\/site\\\/\"},{\"@type\":\"ListItem\",\"position\":2,\"name\":\"BELLES-PARLEUSES BEAUX-PARLEURS\"}]},{\"@type\":\"WebSite\",\"@id\":\"https:\\\/\\\/www.valerie-philippin.com\\\/site\\\/#website\",\"url\":\"https:\\\/\\\/www.valerie-philippin.com\\\/site\\\/\",\"name\":\"Val\u00e9rie Philippin \\\/ Cie Territoires de la voix\",\"description\":\"FaBLab de cr\u00e9ation vocale contemporaine\",\"publisher\":{\"@id\":\"https:\\\/\\\/www.valerie-philippin.com\\\/site\\\/#organization\"},\"potentialAction\":[{\"@type\":\"SearchAction\",\"target\":{\"@type\":\"EntryPoint\",\"urlTemplate\":\"https:\\\/\\\/www.valerie-philippin.com\\\/site\\\/?s={search_term_string}\"},\"query-input\":{\"@type\":\"PropertyValueSpecification\",\"valueRequired\":true,\"valueName\":\"search_term_string\"}}],\"inLanguage\":\"fr-FR\"},{\"@type\":\"Organization\",\"@id\":\"https:\\\/\\\/www.valerie-philippin.com\\\/site\\\/#organization\",\"name\":\"Territoires de la voix\",\"url\":\"https:\\\/\\\/www.valerie-philippin.com\\\/site\\\/\",\"logo\":{\"@type\":\"ImageObject\",\"inLanguage\":\"fr-FR\",\"@id\":\"https:\\\/\\\/www.valerie-philippin.com\\\/site\\\/#\\\/schema\\\/logo\\\/image\\\/\",\"url\":\"http:\\\/\\\/www.valerie-philippin.com\\\/site\\\/wp-content\\\/uploads\\\/2020\\\/06\\\/logoterritoiresdelavoix.png\",\"contentUrl\":\"http:\\\/\\\/www.valerie-philippin.com\\\/site\\\/wp-content\\\/uploads\\\/2020\\\/06\\\/logoterritoiresdelavoix.png\",\"width\":500,\"height\":537,\"caption\":\"Territoires de la voix\"},\"image\":{\"@id\":\"https:\\\/\\\/www.valerie-philippin.com\\\/site\\\/#\\\/schema\\\/logo\\\/image\\\/\"}},{\"@type\":\"Person\",\"@id\":\"https:\\\/\\\/www.valerie-philippin.com\\\/site\\\/#\\\/schema\\\/person\\\/b4b89fdb961cd2821524f194ed6980db\",\"name\":\"Val\u00e9rie Philippin\",\"description\":\"Chanteuse, autrice, compositrice - Territoires de la Voix\",\"sameAs\":[\"http:\\\/\\\/www.valerie-philippin.com\"]}]}<\/script>\n<!-- \/ Yoast SEO plugin. -->","yoast_head_json":{"title":"BELLES-PARLEUSES BEAUX-PARLEURS &#8226; Val\u00e9rie Philippin \/ Cie Territoires de la voix","robots":{"index":"noindex","follow":"follow"},"og_locale":"fr_FR","og_type":"article","og_title":"BELLES-PARLEUSES BEAUX-PARLEURS &#8226; Val\u00e9rie Philippin \/ Cie Territoires de la voix","og_description":"Atelier de th\u00e9\u00e2tre musical DITEP Saint-Vincent d'Eysines Men\u00e9 par Val\u00e9rie Philippin et Juliette Fabre de 2021 \u00e0 2024","og_url":"https:\/\/www.valerie-philippin.com\/site\/belles-parleuses-beaux-parleurs\/","og_site_name":"Val\u00e9rie Philippin \/ Cie Territoires de la voix","article_published_time":"2021-04-04T20:53:53+00:00","article_modified_time":"2024-09-12T12:39:34+00:00","og_image":[{"width":2560,"height":1440,"url":"http:\/\/www.valerie-philippin.com\/site\/wp-content\/uploads\/BPBP-vignette-scaled.jpg","type":"image\/jpeg"}],"author":"Val\u00e9rie Philippin","twitter_card":"summary_large_image","twitter_misc":{"\u00c9crit par":"Val\u00e9rie Philippin","Dur\u00e9e de lecture estim\u00e9e":"3 minutes"},"schema":{"@context":"https:\/\/schema.org","@graph":[{"@type":"Article","@id":"https:\/\/www.valerie-philippin.com\/site\/belles-parleuses-beaux-parleurs\/#article","isPartOf":{"@id":"https:\/\/www.valerie-philippin.com\/site\/belles-parleuses-beaux-parleurs\/"},"author":{"name":"Val\u00e9rie Philippin","@id":"https:\/\/www.valerie-philippin.com\/site\/#\/schema\/person\/b4b89fdb961cd2821524f194ed6980db"},"headline":"BELLES-PARLEUSES BEAUX-PARLEURS","datePublished":"2021-04-04T20:53:53+00:00","dateModified":"2024-09-12T12:39:34+00:00","mainEntityOfPage":{"@id":"https:\/\/www.valerie-philippin.com\/site\/belles-parleuses-beaux-parleurs\/"},"wordCount":356,"publisher":{"@id":"https:\/\/www.valerie-philippin.com\/site\/#organization"},"image":{"@id":"https:\/\/www.valerie-philippin.com\/site\/belles-parleuses-beaux-parleurs\/#primaryimage"},"thumbnailUrl":"https:\/\/www.valerie-philippin.com\/site\/wp-content\/uploads\/BPBP-vignette-scaled.jpg","articleSection":["Inventaire","FabLab \/ Ateliers"],"inLanguage":"fr-FR"},{"@type":"WebPage","@id":"https:\/\/www.valerie-philippin.com\/site\/belles-parleuses-beaux-parleurs\/","url":"https:\/\/www.valerie-philippin.com\/site\/belles-parleuses-beaux-parleurs\/","name":"BELLES-PARLEUSES BEAUX-PARLEURS &#8226; Val\u00e9rie Philippin \/ Cie Territoires de la voix","isPartOf":{"@id":"https:\/\/www.valerie-philippin.com\/site\/#website"},"primaryImageOfPage":{"@id":"https:\/\/www.valerie-philippin.com\/site\/belles-parleuses-beaux-parleurs\/#primaryimage"},"image":{"@id":"https:\/\/www.valerie-philippin.com\/site\/belles-parleuses-beaux-parleurs\/#primaryimage"},"thumbnailUrl":"https:\/\/www.valerie-philippin.com\/site\/wp-content\/uploads\/BPBP-vignette-scaled.jpg","datePublished":"2021-04-04T20:53:53+00:00","dateModified":"2024-09-12T12:39:34+00:00","breadcrumb":{"@id":"https:\/\/www.valerie-philippin.com\/site\/belles-parleuses-beaux-parleurs\/#breadcrumb"},"inLanguage":"fr-FR","potentialAction":[{"@type":"ReadAction","target":["https:\/\/www.valerie-philippin.com\/site\/belles-parleuses-beaux-parleurs\/"]}]},{"@type":"ImageObject","inLanguage":"fr-FR","@id":"https:\/\/www.valerie-philippin.com\/site\/belles-parleuses-beaux-parleurs\/#primaryimage","url":"https:\/\/www.valerie-philippin.com\/site\/wp-content\/uploads\/BPBP-vignette-scaled.jpg","contentUrl":"https:\/\/www.valerie-philippin.com\/site\/wp-content\/uploads\/BPBP-vignette-scaled.jpg","width":2560,"height":1440},{"@type":"BreadcrumbList","@id":"https:\/\/www.valerie-philippin.com\/site\/belles-parleuses-beaux-parleurs\/#breadcrumb","itemListElement":[{"@type":"ListItem","position":1,"name":"Accueil","item":"https:\/\/www.valerie-philippin.com\/site\/"},{"@type":"ListItem","position":2,"name":"BELLES-PARLEUSES BEAUX-PARLEURS"}]},{"@type":"WebSite","@id":"https:\/\/www.valerie-philippin.com\/site\/#website","url":"https:\/\/www.valerie-philippin.com\/site\/","name":"Val\u00e9rie Philippin \/ Cie Territoires de la voix","description":"FaBLab de cr\u00e9ation vocale contemporaine","publisher":{"@id":"https:\/\/www.valerie-philippin.com\/site\/#organization"},"potentialAction":[{"@type":"SearchAction","target":{"@type":"EntryPoint","urlTemplate":"https:\/\/www.valerie-philippin.com\/site\/?s={search_term_string}"},"query-input":{"@type":"PropertyValueSpecification","valueRequired":true,"valueName":"search_term_string"}}],"inLanguage":"fr-FR"},{"@type":"Organization","@id":"https:\/\/www.valerie-philippin.com\/site\/#organization","name":"Territoires de la voix","url":"https:\/\/www.valerie-philippin.com\/site\/","logo":{"@type":"ImageObject","inLanguage":"fr-FR","@id":"https:\/\/www.valerie-philippin.com\/site\/#\/schema\/logo\/image\/","url":"http:\/\/www.valerie-philippin.com\/site\/wp-content\/uploads\/2020\/06\/logoterritoiresdelavoix.png","contentUrl":"http:\/\/www.valerie-philippin.com\/site\/wp-content\/uploads\/2020\/06\/logoterritoiresdelavoix.png","width":500,"height":537,"caption":"Territoires de la voix"},"image":{"@id":"https:\/\/www.valerie-philippin.com\/site\/#\/schema\/logo\/image\/"}},{"@type":"Person","@id":"https:\/\/www.valerie-philippin.com\/site\/#\/schema\/person\/b4b89fdb961cd2821524f194ed6980db","name":"Val\u00e9rie Philippin","description":"Chanteuse, autrice, compositrice - Territoires de la Voix","sameAs":["http:\/\/www.valerie-philippin.com"]}]}},"_links":{"self":[{"href":"https:\/\/www.valerie-philippin.com\/site\/wp-json\/wp\/v2\/posts\/3559","targetHints":{"allow":["GET"]}}],"collection":[{"href":"https:\/\/www.valerie-philippin.com\/site\/wp-json\/wp\/v2\/posts"}],"about":[{"href":"https:\/\/www.valerie-philippin.com\/site\/wp-json\/wp\/v2\/types\/post"}],"author":[{"embeddable":true,"href":"https:\/\/www.valerie-philippin.com\/site\/wp-json\/wp\/v2\/users\/2"}],"replies":[{"embeddable":true,"href":"https:\/\/www.valerie-philippin.com\/site\/wp-json\/wp\/v2\/comments?post=3559"}],"version-history":[{"count":39,"href":"https:\/\/www.valerie-philippin.com\/site\/wp-json\/wp\/v2\/posts\/3559\/revisions"}],"predecessor-version":[{"id":5535,"href":"https:\/\/www.valerie-philippin.com\/site\/wp-json\/wp\/v2\/posts\/3559\/revisions\/5535"}],"wp:featuredmedia":[{"embeddable":true,"href":"https:\/\/www.valerie-philippin.com\/site\/wp-json\/wp\/v2\/media\/3560"}],"wp:attachment":[{"href":"https:\/\/www.valerie-philippin.com\/site\/wp-json\/wp\/v2\/media?parent=3559"}],"wp:term":[{"taxonomy":"category","embeddable":true,"href":"https:\/\/www.valerie-philippin.com\/site\/wp-json\/wp\/v2\/categories?post=3559"},{"taxonomy":"post_tag","embeddable":true,"href":"https:\/\/www.valerie-philippin.com\/site\/wp-json\/wp\/v2\/tags?post=3559"}],"curies":[{"name":"wp","href":"https:\/\/api.w.org\/{rel}","templated":true}]}}