{"id":3001,"date":"2020-05-29T17:23:31","date_gmt":"2020-05-29T15:23:31","guid":{"rendered":"http:\/\/www.valerie-philippin.com\/valwp\/?p=3001"},"modified":"2024-09-01T15:10:52","modified_gmt":"2024-09-01T13:10:52","slug":"espace-espace","status":"publish","type":"post","link":"https:\/\/www.valerie-philippin.com\/site\/espace-espace\/","title":{"rendered":"Espace ! Espace !"},"content":{"rendered":"\n<div class=\"wp-block-columns is-layout-flex wp-container-core-columns-is-layout-9d6595d7 wp-block-columns-is-layout-flex\">\n<div class=\"wp-block-column is-layout-flow wp-block-column-is-layout-flow\">\n<p><strong><em>\u00c0 propo<\/em><\/strong>s<br><strong>Performance &#8211; th\u00e9\u00e2tre musical<\/strong><br>\u00ab\u00a0Espace\u00a0! Espace\u00a0!\u00a0\u00bb a \u00e9t\u00e9 cr\u00e9\u00e9 \u00e0 Paris au festival Sid\u00e9ration en mars 2019, sur commande de l\u2019Observatoire de l\u2019Espace du CNES (Centre National d\u2019Etudes Spatiales)<\/p>\n\n\n\n<p>S\u2019appuyant sur une dizaine de discours, articles scientifiques et manifestes artistiques portant sur l\u2019aventure spatiale, Val\u00e9rie Philippin a compos\u00e9 pour le trio D\u00e9CLIC une conf\u00e9rence \u00e0 trois voix tiss\u00e9es entre parole et chant, consid\u00e9rations pragmatiques et onirisme d\u00e9brid\u00e9, s\u00e9rieux scientifique et \u00e9lucubrations sonores, madrigal contemporain et th\u00e9\u00e2tre de l\u2019absurde, pour explorer ce que l\u2019Espace fait \u00e0 l\u2019humanit\u00e9.<\/p>\n\n\n\n<p><strong><em>Distribution<\/em><\/strong><br>Val\u00e9rie Philippin, textes, composition, voix, direction artistique<br>Fr\u00e9d\u00e9rike Borsarello-Tr\u00e9sallet, voix<br>No\u00e9mie Legendre, voix<\/p>\n\n\n\n<p><strong><em>Dates pass\u00e9es<\/em><\/strong><br>Mars 2019<br>Festival Sid\u00e9ration de l\u2019Observatoire de l\u2019Espace du CNES &#8211; Centre National d\u2019Etudes Spatiales, Paris<\/p>\n<\/div>\n\n\n\n<div class=\"wp-block-column is-layout-flow wp-block-column-is-layout-flow\">\n<figure class=\"wp-block-embed is-type-video is-provider-youtube wp-block-embed-youtube wp-embed-aspect-16-9 wp-has-aspect-ratio\"><div class=\"wp-block-embed__wrapper\">\n<iframe loading=\"lazy\"  id=\"_ytid_96960\"  width=\"843\" height=\"474\"  data-origwidth=\"843\" data-origheight=\"474\" src=\"https:\/\/www.youtube.com\/embed\/Ns8yFIYlBRg?enablejsapi=1&#038;autoplay=0&#038;cc_load_policy=0&#038;cc_lang_pref=&#038;iv_load_policy=1&#038;loop=0&#038;rel=1&#038;fs=1&#038;playsinline=0&#038;autohide=2&#038;theme=dark&#038;color=red&#038;controls=1&#038;disablekb=0&#038;\" class=\"__youtube_prefs__  epyt-is-override  no-lazyload\" title=\"YouTube player\"  allow=\"fullscreen; accelerometer; autoplay; clipboard-write; encrypted-media; gyroscope; picture-in-picture; web-share\" referrerpolicy=\"strict-origin-when-cross-origin\" allowfullscreen data-no-lazy=\"1\" data-skipgform_ajax_framebjll=\"\"><\/iframe>\n<\/div><\/figure>\n<\/div>\n\n\n\n<div class=\"wp-block-column is-layout-flow wp-block-column-is-layout-flow\">\n<figure class=\"wp-block-image size-full\"><img loading=\"lazy\" decoding=\"async\" width=\"2126\" height=\"2126\" src=\"http:\/\/valerie-philippin.com\/site\/wp-content\/uploads\/2020\/04\/Espace-Espace-carre.jpg\" alt=\"Espace ! Espace !\" class=\"wp-image-1573\" title=\"voir la video\" srcset=\"https:\/\/www.valerie-philippin.com\/site\/wp-content\/uploads\/2020\/04\/Espace-Espace-carre.jpg 2126w, https:\/\/www.valerie-philippin.com\/site\/wp-content\/uploads\/2020\/04\/Espace-Espace-carre-300x300.jpg 300w, https:\/\/www.valerie-philippin.com\/site\/wp-content\/uploads\/2020\/04\/Espace-Espace-carre-1024x1024.jpg 1024w, https:\/\/www.valerie-philippin.com\/site\/wp-content\/uploads\/2020\/04\/Espace-Espace-carre-150x150.jpg 150w, https:\/\/www.valerie-philippin.com\/site\/wp-content\/uploads\/2020\/04\/Espace-Espace-carre-768x768.jpg 768w, https:\/\/www.valerie-philippin.com\/site\/wp-content\/uploads\/2020\/04\/Espace-Espace-carre-1536x1536.jpg 1536w, https:\/\/www.valerie-philippin.com\/site\/wp-content\/uploads\/2020\/04\/Espace-Espace-carre-2048x2048.jpg 2048w\" sizes=\"auto, (max-width: 2126px) 100vw, 2126px\" \/><figcaption class=\"wp-element-caption\">.<\/figcaption><\/figure>\n<\/div>\n<\/div>\n","protected":false},"excerpt":{"rendered":"<p>Conf\u00e9rence chant\u00e9e et d\u00e9jant\u00e9e sur le th\u00e8me de l&rsquo;espace<br \/>\nTrio lyrique D\u00e9CLIC<br \/>\nCr\u00e9ation 2019<\/p>\n","protected":false},"author":1,"featured_media":3067,"comment_status":"closed","ping_status":"closed","sticky":false,"template":"","format":"standard","meta":{"footnotes":""},"categories":[6,8],"tags":[],"class_list":["post-3001","post","type-post","status-publish","format-standard","has-post-thumbnail","hentry","category-spectacles","category-en-diffusion"],"yoast_head":"<!-- This site is optimized with the Yoast SEO plugin v27.5 - https:\/\/yoast.com\/product\/yoast-seo-wordpress\/ -->\n<title>Espace ! Espace ! &#8226; Val\u00e9rie Philippin \/ Cie Territoires de la voix<\/title>\n<meta name=\"robots\" content=\"noindex, follow\" \/>\n<meta property=\"og:locale\" content=\"fr_FR\" \/>\n<meta property=\"og:type\" content=\"article\" \/>\n<meta property=\"og:title\" content=\"Espace ! Espace ! &#8226; Val\u00e9rie Philippin \/ Cie Territoires de la voix\" \/>\n<meta property=\"og:description\" content=\"Conf\u00e9rence chant\u00e9e et d\u00e9jant\u00e9e sur le th\u00e8me de l&#039;espace Trio lyrique D\u00e9CLIC Cr\u00e9ation 2019\" \/>\n<meta property=\"og:url\" content=\"https:\/\/www.valerie-philippin.com\/site\/espace-espace\/\" \/>\n<meta property=\"og:site_name\" content=\"Val\u00e9rie Philippin \/ Cie Territoires de la voix\" \/>\n<meta property=\"article:published_time\" content=\"2020-05-29T15:23:31+00:00\" \/>\n<meta property=\"article:modified_time\" content=\"2024-09-01T13:10:52+00:00\" \/>\n<meta property=\"og:image\" content=\"http:\/\/www.valerie-philippin.com\/site\/wp-content\/uploads\/2020\/05\/Espace-Espace-bandeau.jpg\" \/>\n\t<meta property=\"og:image:width\" content=\"1024\" \/>\n\t<meta property=\"og:image:height\" content=\"576\" \/>\n\t<meta property=\"og:image:type\" content=\"image\/jpeg\" \/>\n<meta name=\"author\" content=\"SissiSurlepalier\" \/>\n<meta name=\"twitter:card\" content=\"summary_large_image\" \/>\n<meta name=\"twitter:label1\" content=\"\u00c9crit par\" \/>\n\t<meta name=\"twitter:data1\" content=\"SissiSurlepalier\" \/>\n\t<meta name=\"twitter:label2\" content=\"Dur\u00e9e de lecture estim\u00e9e\" \/>\n\t<meta name=\"twitter:data2\" content=\"2 minutes\" \/>\n<script type=\"application\/ld+json\" class=\"yoast-schema-graph\">{\"@context\":\"https:\\\/\\\/schema.org\",\"@graph\":[{\"@type\":\"Article\",\"@id\":\"https:\\\/\\\/www.valerie-philippin.com\\\/site\\\/espace-espace\\\/#article\",\"isPartOf\":{\"@id\":\"https:\\\/\\\/www.valerie-philippin.com\\\/site\\\/espace-espace\\\/\"},\"author\":{\"name\":\"SissiSurlepalier\",\"@id\":\"https:\\\/\\\/www.valerie-philippin.com\\\/site\\\/#\\\/schema\\\/person\\\/265f7bed37ab552ea1dae48334edaa9d\"},\"headline\":\"Espace ! Espace !\",\"datePublished\":\"2020-05-29T15:23:31+00:00\",\"dateModified\":\"2024-09-01T13:10:52+00:00\",\"mainEntityOfPage\":{\"@id\":\"https:\\\/\\\/www.valerie-philippin.com\\\/site\\\/espace-espace\\\/\"},\"wordCount\":151,\"publisher\":{\"@id\":\"https:\\\/\\\/www.valerie-philippin.com\\\/site\\\/#organization\"},\"image\":{\"@id\":\"https:\\\/\\\/www.valerie-philippin.com\\\/site\\\/espace-espace\\\/#primaryimage\"},\"thumbnailUrl\":\"https:\\\/\\\/www.valerie-philippin.com\\\/site\\\/wp-content\\\/uploads\\\/2020\\\/05\\\/Espace-Espace-bandeau.jpg\",\"articleSection\":[\"FabLab \\\/ Spectacles\",\"En diffusion\"],\"inLanguage\":\"fr-FR\"},{\"@type\":\"WebPage\",\"@id\":\"https:\\\/\\\/www.valerie-philippin.com\\\/site\\\/espace-espace\\\/\",\"url\":\"https:\\\/\\\/www.valerie-philippin.com\\\/site\\\/espace-espace\\\/\",\"name\":\"Espace ! Espace ! &#8226; Val\u00e9rie Philippin \\\/ Cie Territoires de la voix\",\"isPartOf\":{\"@id\":\"https:\\\/\\\/www.valerie-philippin.com\\\/site\\\/#website\"},\"primaryImageOfPage\":{\"@id\":\"https:\\\/\\\/www.valerie-philippin.com\\\/site\\\/espace-espace\\\/#primaryimage\"},\"image\":{\"@id\":\"https:\\\/\\\/www.valerie-philippin.com\\\/site\\\/espace-espace\\\/#primaryimage\"},\"thumbnailUrl\":\"https:\\\/\\\/www.valerie-philippin.com\\\/site\\\/wp-content\\\/uploads\\\/2020\\\/05\\\/Espace-Espace-bandeau.jpg\",\"datePublished\":\"2020-05-29T15:23:31+00:00\",\"dateModified\":\"2024-09-01T13:10:52+00:00\",\"breadcrumb\":{\"@id\":\"https:\\\/\\\/www.valerie-philippin.com\\\/site\\\/espace-espace\\\/#breadcrumb\"},\"inLanguage\":\"fr-FR\",\"potentialAction\":[{\"@type\":\"ReadAction\",\"target\":[\"https:\\\/\\\/www.valerie-philippin.com\\\/site\\\/espace-espace\\\/\"]}]},{\"@type\":\"ImageObject\",\"inLanguage\":\"fr-FR\",\"@id\":\"https:\\\/\\\/www.valerie-philippin.com\\\/site\\\/espace-espace\\\/#primaryimage\",\"url\":\"https:\\\/\\\/www.valerie-philippin.com\\\/site\\\/wp-content\\\/uploads\\\/2020\\\/05\\\/Espace-Espace-bandeau.jpg\",\"contentUrl\":\"https:\\\/\\\/www.valerie-philippin.com\\\/site\\\/wp-content\\\/uploads\\\/2020\\\/05\\\/Espace-Espace-bandeau.jpg\",\"width\":1024,\"height\":576},{\"@type\":\"BreadcrumbList\",\"@id\":\"https:\\\/\\\/www.valerie-philippin.com\\\/site\\\/espace-espace\\\/#breadcrumb\",\"itemListElement\":[{\"@type\":\"ListItem\",\"position\":1,\"name\":\"Accueil\",\"item\":\"https:\\\/\\\/www.valerie-philippin.com\\\/site\\\/\"},{\"@type\":\"ListItem\",\"position\":2,\"name\":\"Espace ! Espace !\"}]},{\"@type\":\"WebSite\",\"@id\":\"https:\\\/\\\/www.valerie-philippin.com\\\/site\\\/#website\",\"url\":\"https:\\\/\\\/www.valerie-philippin.com\\\/site\\\/\",\"name\":\"Val\u00e9rie Philippin \\\/ Cie Territoires de la voix\",\"description\":\"FaBLab de cr\u00e9ation vocale contemporaine\",\"publisher\":{\"@id\":\"https:\\\/\\\/www.valerie-philippin.com\\\/site\\\/#organization\"},\"potentialAction\":[{\"@type\":\"SearchAction\",\"target\":{\"@type\":\"EntryPoint\",\"urlTemplate\":\"https:\\\/\\\/www.valerie-philippin.com\\\/site\\\/?s={search_term_string}\"},\"query-input\":{\"@type\":\"PropertyValueSpecification\",\"valueRequired\":true,\"valueName\":\"search_term_string\"}}],\"inLanguage\":\"fr-FR\"},{\"@type\":\"Organization\",\"@id\":\"https:\\\/\\\/www.valerie-philippin.com\\\/site\\\/#organization\",\"name\":\"Territoires de la voix\",\"url\":\"https:\\\/\\\/www.valerie-philippin.com\\\/site\\\/\",\"logo\":{\"@type\":\"ImageObject\",\"inLanguage\":\"fr-FR\",\"@id\":\"https:\\\/\\\/www.valerie-philippin.com\\\/site\\\/#\\\/schema\\\/logo\\\/image\\\/\",\"url\":\"http:\\\/\\\/www.valerie-philippin.com\\\/site\\\/wp-content\\\/uploads\\\/2020\\\/06\\\/logoterritoiresdelavoix.png\",\"contentUrl\":\"http:\\\/\\\/www.valerie-philippin.com\\\/site\\\/wp-content\\\/uploads\\\/2020\\\/06\\\/logoterritoiresdelavoix.png\",\"width\":500,\"height\":537,\"caption\":\"Territoires de la voix\"},\"image\":{\"@id\":\"https:\\\/\\\/www.valerie-philippin.com\\\/site\\\/#\\\/schema\\\/logo\\\/image\\\/\"}},{\"@type\":\"Person\",\"@id\":\"https:\\\/\\\/www.valerie-philippin.com\\\/site\\\/#\\\/schema\\\/person\\\/265f7bed37ab552ea1dae48334edaa9d\",\"name\":\"SissiSurlepalier\",\"description\":\"websister freelance\",\"sameAs\":[\"http:\\\/\\\/www.surlepalier.com\"]}]}<\/script>\n<!-- \/ Yoast SEO plugin. -->","yoast_head_json":{"title":"Espace ! Espace ! &#8226; Val\u00e9rie Philippin \/ Cie Territoires de la voix","robots":{"index":"noindex","follow":"follow"},"og_locale":"fr_FR","og_type":"article","og_title":"Espace ! Espace ! &#8226; Val\u00e9rie Philippin \/ Cie Territoires de la voix","og_description":"Conf\u00e9rence chant\u00e9e et d\u00e9jant\u00e9e sur le th\u00e8me de l'espace Trio lyrique D\u00e9CLIC Cr\u00e9ation 2019","og_url":"https:\/\/www.valerie-philippin.com\/site\/espace-espace\/","og_site_name":"Val\u00e9rie Philippin \/ Cie Territoires de la voix","article_published_time":"2020-05-29T15:23:31+00:00","article_modified_time":"2024-09-01T13:10:52+00:00","og_image":[{"width":1024,"height":576,"url":"http:\/\/www.valerie-philippin.com\/site\/wp-content\/uploads\/2020\/05\/Espace-Espace-bandeau.jpg","type":"image\/jpeg"}],"author":"SissiSurlepalier","twitter_card":"summary_large_image","twitter_misc":{"\u00c9crit par":"SissiSurlepalier","Dur\u00e9e de lecture estim\u00e9e":"2 minutes"},"schema":{"@context":"https:\/\/schema.org","@graph":[{"@type":"Article","@id":"https:\/\/www.valerie-philippin.com\/site\/espace-espace\/#article","isPartOf":{"@id":"https:\/\/www.valerie-philippin.com\/site\/espace-espace\/"},"author":{"name":"SissiSurlepalier","@id":"https:\/\/www.valerie-philippin.com\/site\/#\/schema\/person\/265f7bed37ab552ea1dae48334edaa9d"},"headline":"Espace ! Espace !","datePublished":"2020-05-29T15:23:31+00:00","dateModified":"2024-09-01T13:10:52+00:00","mainEntityOfPage":{"@id":"https:\/\/www.valerie-philippin.com\/site\/espace-espace\/"},"wordCount":151,"publisher":{"@id":"https:\/\/www.valerie-philippin.com\/site\/#organization"},"image":{"@id":"https:\/\/www.valerie-philippin.com\/site\/espace-espace\/#primaryimage"},"thumbnailUrl":"https:\/\/www.valerie-philippin.com\/site\/wp-content\/uploads\/2020\/05\/Espace-Espace-bandeau.jpg","articleSection":["FabLab \/ Spectacles","En diffusion"],"inLanguage":"fr-FR"},{"@type":"WebPage","@id":"https:\/\/www.valerie-philippin.com\/site\/espace-espace\/","url":"https:\/\/www.valerie-philippin.com\/site\/espace-espace\/","name":"Espace ! Espace ! &#8226; Val\u00e9rie Philippin \/ Cie Territoires de la voix","isPartOf":{"@id":"https:\/\/www.valerie-philippin.com\/site\/#website"},"primaryImageOfPage":{"@id":"https:\/\/www.valerie-philippin.com\/site\/espace-espace\/#primaryimage"},"image":{"@id":"https:\/\/www.valerie-philippin.com\/site\/espace-espace\/#primaryimage"},"thumbnailUrl":"https:\/\/www.valerie-philippin.com\/site\/wp-content\/uploads\/2020\/05\/Espace-Espace-bandeau.jpg","datePublished":"2020-05-29T15:23:31+00:00","dateModified":"2024-09-01T13:10:52+00:00","breadcrumb":{"@id":"https:\/\/www.valerie-philippin.com\/site\/espace-espace\/#breadcrumb"},"inLanguage":"fr-FR","potentialAction":[{"@type":"ReadAction","target":["https:\/\/www.valerie-philippin.com\/site\/espace-espace\/"]}]},{"@type":"ImageObject","inLanguage":"fr-FR","@id":"https:\/\/www.valerie-philippin.com\/site\/espace-espace\/#primaryimage","url":"https:\/\/www.valerie-philippin.com\/site\/wp-content\/uploads\/2020\/05\/Espace-Espace-bandeau.jpg","contentUrl":"https:\/\/www.valerie-philippin.com\/site\/wp-content\/uploads\/2020\/05\/Espace-Espace-bandeau.jpg","width":1024,"height":576},{"@type":"BreadcrumbList","@id":"https:\/\/www.valerie-philippin.com\/site\/espace-espace\/#breadcrumb","itemListElement":[{"@type":"ListItem","position":1,"name":"Accueil","item":"https:\/\/www.valerie-philippin.com\/site\/"},{"@type":"ListItem","position":2,"name":"Espace ! Espace !"}]},{"@type":"WebSite","@id":"https:\/\/www.valerie-philippin.com\/site\/#website","url":"https:\/\/www.valerie-philippin.com\/site\/","name":"Val\u00e9rie Philippin \/ Cie Territoires de la voix","description":"FaBLab de cr\u00e9ation vocale contemporaine","publisher":{"@id":"https:\/\/www.valerie-philippin.com\/site\/#organization"},"potentialAction":[{"@type":"SearchAction","target":{"@type":"EntryPoint","urlTemplate":"https:\/\/www.valerie-philippin.com\/site\/?s={search_term_string}"},"query-input":{"@type":"PropertyValueSpecification","valueRequired":true,"valueName":"search_term_string"}}],"inLanguage":"fr-FR"},{"@type":"Organization","@id":"https:\/\/www.valerie-philippin.com\/site\/#organization","name":"Territoires de la voix","url":"https:\/\/www.valerie-philippin.com\/site\/","logo":{"@type":"ImageObject","inLanguage":"fr-FR","@id":"https:\/\/www.valerie-philippin.com\/site\/#\/schema\/logo\/image\/","url":"http:\/\/www.valerie-philippin.com\/site\/wp-content\/uploads\/2020\/06\/logoterritoiresdelavoix.png","contentUrl":"http:\/\/www.valerie-philippin.com\/site\/wp-content\/uploads\/2020\/06\/logoterritoiresdelavoix.png","width":500,"height":537,"caption":"Territoires de la voix"},"image":{"@id":"https:\/\/www.valerie-philippin.com\/site\/#\/schema\/logo\/image\/"}},{"@type":"Person","@id":"https:\/\/www.valerie-philippin.com\/site\/#\/schema\/person\/265f7bed37ab552ea1dae48334edaa9d","name":"SissiSurlepalier","description":"websister freelance","sameAs":["http:\/\/www.surlepalier.com"]}]}},"_links":{"self":[{"href":"https:\/\/www.valerie-philippin.com\/site\/wp-json\/wp\/v2\/posts\/3001","targetHints":{"allow":["GET"]}}],"collection":[{"href":"https:\/\/www.valerie-philippin.com\/site\/wp-json\/wp\/v2\/posts"}],"about":[{"href":"https:\/\/www.valerie-philippin.com\/site\/wp-json\/wp\/v2\/types\/post"}],"author":[{"embeddable":true,"href":"https:\/\/www.valerie-philippin.com\/site\/wp-json\/wp\/v2\/users\/1"}],"replies":[{"embeddable":true,"href":"https:\/\/www.valerie-philippin.com\/site\/wp-json\/wp\/v2\/comments?post=3001"}],"version-history":[{"count":21,"href":"https:\/\/www.valerie-philippin.com\/site\/wp-json\/wp\/v2\/posts\/3001\/revisions"}],"predecessor-version":[{"id":5307,"href":"https:\/\/www.valerie-philippin.com\/site\/wp-json\/wp\/v2\/posts\/3001\/revisions\/5307"}],"wp:featuredmedia":[{"embeddable":true,"href":"https:\/\/www.valerie-philippin.com\/site\/wp-json\/wp\/v2\/media\/3067"}],"wp:attachment":[{"href":"https:\/\/www.valerie-philippin.com\/site\/wp-json\/wp\/v2\/media?parent=3001"}],"wp:term":[{"taxonomy":"category","embeddable":true,"href":"https:\/\/www.valerie-philippin.com\/site\/wp-json\/wp\/v2\/categories?post=3001"},{"taxonomy":"post_tag","embeddable":true,"href":"https:\/\/www.valerie-philippin.com\/site\/wp-json\/wp\/v2\/tags?post=3001"}],"curies":[{"name":"wp","href":"https:\/\/api.w.org\/{rel}","templated":true}]}}