{"id":2985,"date":"2020-05-29T17:01:11","date_gmt":"2020-05-29T15:01:11","guid":{"rendered":"http:\/\/www.valerie-philippin.com\/valwp\/?p=2985"},"modified":"2024-01-29T18:54:31","modified_gmt":"2024-01-29T17:54:31","slug":"terra-nostra","status":"publish","type":"post","link":"https:\/\/www.valerie-philippin.com\/site\/terra-nostra\/","title":{"rendered":"Terra Nostra"},"content":{"rendered":"\n<div class=\"wp-block-columns is-layout-flex wp-container-core-columns-is-layout-9d6595d7 wp-block-columns-is-layout-flex\">\n<div class=\"wp-block-column is-layout-flow wp-block-column-is-layout-flow\">\n<p><br><br><em><strong>Th\u00e9\u00e2tre musical pour ch\u0153ur d\u2019enfant<\/strong><\/em>s<br><br>Val\u00e9rie Philippin, texte, musique, mise en sc\u00e8ne et voix<br>S\u00e9verine Ballon, violoncelle<br>Avec les enfants de CE2 de l&rsquo;\u00e9cole de Bohars et leur professeur Yves Ledu<br><br>Commande de l\u2019ensemble Sillages pour le festival \u00ab\u00a0Les Humanit\u00e9s\u00a0\u00bb du Quartz de Brest.<br>Cr\u00e9\u00e9 au Quartz en 2012<\/p>\n<\/div>\n\n\n\n<div class=\"wp-block-column is-layout-flow wp-block-column-is-layout-flow\">\n<figure class=\"wp-block-image size-full composition\"><img loading=\"lazy\" decoding=\"async\" width=\"1024\" height=\"1024\" src=\"http:\/\/valerie-philippin.com\/site\/wp-content\/uploads\/2020\/04\/terranostra1.jpg\" alt=\"Terra Nostra\" class=\"wp-image-688\" srcset=\"https:\/\/www.valerie-philippin.com\/site\/wp-content\/uploads\/2020\/04\/terranostra1.jpg 1024w, https:\/\/www.valerie-philippin.com\/site\/wp-content\/uploads\/2020\/04\/terranostra1-300x300.jpg 300w, https:\/\/www.valerie-philippin.com\/site\/wp-content\/uploads\/2020\/04\/terranostra1-150x150.jpg 150w, https:\/\/www.valerie-philippin.com\/site\/wp-content\/uploads\/2020\/04\/terranostra1-768x768.jpg 768w\" sizes=\"auto, (max-width: 1024px) 100vw, 1024px\" \/><figcaption class=\"wp-element-caption\">\u00a9 G\u00e9rard Le Doudic<\/figcaption><\/figure>\n<\/div>\n\n\n\n<div class=\"wp-block-column is-layout-flow wp-block-column-is-layout-flow\">\n<figure class=\"wp-block-embed is-type-video is-provider-youtube wp-block-embed-youtube wp-embed-aspect-16-9 wp-has-aspect-ratio\"><div class=\"wp-block-embed__wrapper\">\n<iframe loading=\"lazy\"  id=\"_ytid_34624\"  width=\"843\" height=\"474\"  data-origwidth=\"843\" data-origheight=\"474\" src=\"https:\/\/www.youtube.com\/embed\/yIlxsoQDtro?enablejsapi=1&#038;autoplay=0&#038;cc_load_policy=0&#038;cc_lang_pref=&#038;iv_load_policy=1&#038;loop=0&#038;rel=1&#038;fs=1&#038;playsinline=0&#038;autohide=2&#038;theme=dark&#038;color=red&#038;controls=1&#038;disablekb=0&#038;\" class=\"__youtube_prefs__  epyt-is-override  no-lazyload\" title=\"YouTube player\"  allow=\"fullscreen; accelerometer; autoplay; clipboard-write; encrypted-media; gyroscope; picture-in-picture; web-share\" referrerpolicy=\"strict-origin-when-cross-origin\" allowfullscreen data-no-lazy=\"1\" data-skipgform_ajax_framebjll=\"\"><\/iframe>\n<\/div><\/figure>\n\n\n\n<p>Captation au Quartz &#8211; Sc\u00e8ne Nationale de Brest le 23 mai 2012 dans le cadre du festival \u00ab Les Humanit\u00e9s \u00bb <br>R\u00e9alisatrice Jenny K\u00e9guiner, montage Didier Martial<\/p>\n<\/div>\n<\/div>\n","protected":false},"excerpt":{"rendered":"<p>Th\u00e9\u00e2tre musical pour ch\u0153ur d\u2019enfant<br \/>\nVal\u00e9rie Philippin, composition et mise en sc\u00e8ne<br \/>\nCr\u00e9ation 2012<\/p>\n","protected":false},"author":1,"featured_media":3076,"comment_status":"closed","ping_status":"closed","sticky":false,"template":"","format":"standard","meta":{"footnotes":""},"categories":[6,9],"tags":[],"class_list":["post-2985","post","type-post","status-publish","format-standard","has-post-thumbnail","hentry","category-spectacles","category-inventaire-productions"],"yoast_head":"<!-- This site is optimized with the Yoast SEO plugin v27.5 - https:\/\/yoast.com\/product\/yoast-seo-wordpress\/ -->\n<title>Terra Nostra &#8226; Val\u00e9rie Philippin \/ Cie Territoires de la voix<\/title>\n<meta name=\"robots\" content=\"noindex, follow\" \/>\n<meta property=\"og:locale\" content=\"fr_FR\" \/>\n<meta property=\"og:type\" content=\"article\" \/>\n<meta property=\"og:title\" content=\"Terra Nostra &#8226; Val\u00e9rie Philippin \/ Cie Territoires de la voix\" \/>\n<meta property=\"og:description\" content=\"Th\u00e9\u00e2tre musical pour ch\u0153ur d\u2019enfant Val\u00e9rie Philippin, composition et mise en sc\u00e8ne Cr\u00e9ation 2012\" \/>\n<meta property=\"og:url\" content=\"https:\/\/www.valerie-philippin.com\/site\/terra-nostra\/\" \/>\n<meta property=\"og:site_name\" content=\"Val\u00e9rie Philippin \/ Cie Territoires de la voix\" \/>\n<meta property=\"article:published_time\" content=\"2020-05-29T15:01:11+00:00\" \/>\n<meta property=\"article:modified_time\" content=\"2024-01-29T17:54:31+00:00\" \/>\n<meta property=\"og:image\" content=\"http:\/\/www.valerie-philippin.com\/site\/wp-content\/uploads\/2020\/05\/terranostra-bandeau.jpg\" \/>\n\t<meta property=\"og:image:width\" content=\"1024\" \/>\n\t<meta property=\"og:image:height\" content=\"576\" \/>\n\t<meta property=\"og:image:type\" content=\"image\/jpeg\" \/>\n<meta name=\"author\" content=\"SissiSurlepalier\" \/>\n<meta name=\"twitter:card\" content=\"summary_large_image\" \/>\n<meta name=\"twitter:label1\" content=\"\u00c9crit par\" \/>\n\t<meta name=\"twitter:data1\" content=\"SissiSurlepalier\" \/>\n\t<meta name=\"twitter:label2\" content=\"Dur\u00e9e de lecture estim\u00e9e\" \/>\n\t<meta name=\"twitter:data2\" content=\"1 minute\" \/>\n<script type=\"application\/ld+json\" class=\"yoast-schema-graph\">{\"@context\":\"https:\\\/\\\/schema.org\",\"@graph\":[{\"@type\":\"Article\",\"@id\":\"https:\\\/\\\/www.valerie-philippin.com\\\/site\\\/terra-nostra\\\/#article\",\"isPartOf\":{\"@id\":\"https:\\\/\\\/www.valerie-philippin.com\\\/site\\\/terra-nostra\\\/\"},\"author\":{\"name\":\"SissiSurlepalier\",\"@id\":\"https:\\\/\\\/www.valerie-philippin.com\\\/site\\\/#\\\/schema\\\/person\\\/265f7bed37ab552ea1dae48334edaa9d\"},\"headline\":\"Terra Nostra\",\"datePublished\":\"2020-05-29T15:01:11+00:00\",\"dateModified\":\"2024-01-29T17:54:31+00:00\",\"mainEntityOfPage\":{\"@id\":\"https:\\\/\\\/www.valerie-philippin.com\\\/site\\\/terra-nostra\\\/\"},\"wordCount\":99,\"publisher\":{\"@id\":\"https:\\\/\\\/www.valerie-philippin.com\\\/site\\\/#organization\"},\"image\":{\"@id\":\"https:\\\/\\\/www.valerie-philippin.com\\\/site\\\/terra-nostra\\\/#primaryimage\"},\"thumbnailUrl\":\"https:\\\/\\\/www.valerie-philippin.com\\\/site\\\/wp-content\\\/uploads\\\/2020\\\/05\\\/terranostra-bandeau.jpg\",\"articleSection\":[\"FabLab \\\/ Spectacles\",\"Inventaire\"],\"inLanguage\":\"fr-FR\"},{\"@type\":\"WebPage\",\"@id\":\"https:\\\/\\\/www.valerie-philippin.com\\\/site\\\/terra-nostra\\\/\",\"url\":\"https:\\\/\\\/www.valerie-philippin.com\\\/site\\\/terra-nostra\\\/\",\"name\":\"Terra Nostra &#8226; Val\u00e9rie Philippin \\\/ Cie Territoires de la voix\",\"isPartOf\":{\"@id\":\"https:\\\/\\\/www.valerie-philippin.com\\\/site\\\/#website\"},\"primaryImageOfPage\":{\"@id\":\"https:\\\/\\\/www.valerie-philippin.com\\\/site\\\/terra-nostra\\\/#primaryimage\"},\"image\":{\"@id\":\"https:\\\/\\\/www.valerie-philippin.com\\\/site\\\/terra-nostra\\\/#primaryimage\"},\"thumbnailUrl\":\"https:\\\/\\\/www.valerie-philippin.com\\\/site\\\/wp-content\\\/uploads\\\/2020\\\/05\\\/terranostra-bandeau.jpg\",\"datePublished\":\"2020-05-29T15:01:11+00:00\",\"dateModified\":\"2024-01-29T17:54:31+00:00\",\"breadcrumb\":{\"@id\":\"https:\\\/\\\/www.valerie-philippin.com\\\/site\\\/terra-nostra\\\/#breadcrumb\"},\"inLanguage\":\"fr-FR\",\"potentialAction\":[{\"@type\":\"ReadAction\",\"target\":[\"https:\\\/\\\/www.valerie-philippin.com\\\/site\\\/terra-nostra\\\/\"]}]},{\"@type\":\"ImageObject\",\"inLanguage\":\"fr-FR\",\"@id\":\"https:\\\/\\\/www.valerie-philippin.com\\\/site\\\/terra-nostra\\\/#primaryimage\",\"url\":\"https:\\\/\\\/www.valerie-philippin.com\\\/site\\\/wp-content\\\/uploads\\\/2020\\\/05\\\/terranostra-bandeau.jpg\",\"contentUrl\":\"https:\\\/\\\/www.valerie-philippin.com\\\/site\\\/wp-content\\\/uploads\\\/2020\\\/05\\\/terranostra-bandeau.jpg\",\"width\":1024,\"height\":576},{\"@type\":\"BreadcrumbList\",\"@id\":\"https:\\\/\\\/www.valerie-philippin.com\\\/site\\\/terra-nostra\\\/#breadcrumb\",\"itemListElement\":[{\"@type\":\"ListItem\",\"position\":1,\"name\":\"Accueil\",\"item\":\"https:\\\/\\\/www.valerie-philippin.com\\\/site\\\/\"},{\"@type\":\"ListItem\",\"position\":2,\"name\":\"Terra Nostra\"}]},{\"@type\":\"WebSite\",\"@id\":\"https:\\\/\\\/www.valerie-philippin.com\\\/site\\\/#website\",\"url\":\"https:\\\/\\\/www.valerie-philippin.com\\\/site\\\/\",\"name\":\"Val\u00e9rie Philippin \\\/ Cie Territoires de la voix\",\"description\":\"FaBLab de cr\u00e9ation vocale contemporaine\",\"publisher\":{\"@id\":\"https:\\\/\\\/www.valerie-philippin.com\\\/site\\\/#organization\"},\"potentialAction\":[{\"@type\":\"SearchAction\",\"target\":{\"@type\":\"EntryPoint\",\"urlTemplate\":\"https:\\\/\\\/www.valerie-philippin.com\\\/site\\\/?s={search_term_string}\"},\"query-input\":{\"@type\":\"PropertyValueSpecification\",\"valueRequired\":true,\"valueName\":\"search_term_string\"}}],\"inLanguage\":\"fr-FR\"},{\"@type\":\"Organization\",\"@id\":\"https:\\\/\\\/www.valerie-philippin.com\\\/site\\\/#organization\",\"name\":\"Territoires de la voix\",\"url\":\"https:\\\/\\\/www.valerie-philippin.com\\\/site\\\/\",\"logo\":{\"@type\":\"ImageObject\",\"inLanguage\":\"fr-FR\",\"@id\":\"https:\\\/\\\/www.valerie-philippin.com\\\/site\\\/#\\\/schema\\\/logo\\\/image\\\/\",\"url\":\"http:\\\/\\\/www.valerie-philippin.com\\\/site\\\/wp-content\\\/uploads\\\/2020\\\/06\\\/logoterritoiresdelavoix.png\",\"contentUrl\":\"http:\\\/\\\/www.valerie-philippin.com\\\/site\\\/wp-content\\\/uploads\\\/2020\\\/06\\\/logoterritoiresdelavoix.png\",\"width\":500,\"height\":537,\"caption\":\"Territoires de la voix\"},\"image\":{\"@id\":\"https:\\\/\\\/www.valerie-philippin.com\\\/site\\\/#\\\/schema\\\/logo\\\/image\\\/\"}},{\"@type\":\"Person\",\"@id\":\"https:\\\/\\\/www.valerie-philippin.com\\\/site\\\/#\\\/schema\\\/person\\\/265f7bed37ab552ea1dae48334edaa9d\",\"name\":\"SissiSurlepalier\",\"description\":\"websister freelance\",\"sameAs\":[\"http:\\\/\\\/www.surlepalier.com\"]}]}<\/script>\n<!-- \/ Yoast SEO plugin. -->","yoast_head_json":{"title":"Terra Nostra &#8226; Val\u00e9rie Philippin \/ Cie Territoires de la voix","robots":{"index":"noindex","follow":"follow"},"og_locale":"fr_FR","og_type":"article","og_title":"Terra Nostra &#8226; Val\u00e9rie Philippin \/ Cie Territoires de la voix","og_description":"Th\u00e9\u00e2tre musical pour ch\u0153ur d\u2019enfant Val\u00e9rie Philippin, composition et mise en sc\u00e8ne Cr\u00e9ation 2012","og_url":"https:\/\/www.valerie-philippin.com\/site\/terra-nostra\/","og_site_name":"Val\u00e9rie Philippin \/ Cie Territoires de la voix","article_published_time":"2020-05-29T15:01:11+00:00","article_modified_time":"2024-01-29T17:54:31+00:00","og_image":[{"width":1024,"height":576,"url":"http:\/\/www.valerie-philippin.com\/site\/wp-content\/uploads\/2020\/05\/terranostra-bandeau.jpg","type":"image\/jpeg"}],"author":"SissiSurlepalier","twitter_card":"summary_large_image","twitter_misc":{"\u00c9crit par":"SissiSurlepalier","Dur\u00e9e de lecture estim\u00e9e":"1 minute"},"schema":{"@context":"https:\/\/schema.org","@graph":[{"@type":"Article","@id":"https:\/\/www.valerie-philippin.com\/site\/terra-nostra\/#article","isPartOf":{"@id":"https:\/\/www.valerie-philippin.com\/site\/terra-nostra\/"},"author":{"name":"SissiSurlepalier","@id":"https:\/\/www.valerie-philippin.com\/site\/#\/schema\/person\/265f7bed37ab552ea1dae48334edaa9d"},"headline":"Terra Nostra","datePublished":"2020-05-29T15:01:11+00:00","dateModified":"2024-01-29T17:54:31+00:00","mainEntityOfPage":{"@id":"https:\/\/www.valerie-philippin.com\/site\/terra-nostra\/"},"wordCount":99,"publisher":{"@id":"https:\/\/www.valerie-philippin.com\/site\/#organization"},"image":{"@id":"https:\/\/www.valerie-philippin.com\/site\/terra-nostra\/#primaryimage"},"thumbnailUrl":"https:\/\/www.valerie-philippin.com\/site\/wp-content\/uploads\/2020\/05\/terranostra-bandeau.jpg","articleSection":["FabLab \/ Spectacles","Inventaire"],"inLanguage":"fr-FR"},{"@type":"WebPage","@id":"https:\/\/www.valerie-philippin.com\/site\/terra-nostra\/","url":"https:\/\/www.valerie-philippin.com\/site\/terra-nostra\/","name":"Terra Nostra &#8226; Val\u00e9rie Philippin \/ Cie Territoires de la voix","isPartOf":{"@id":"https:\/\/www.valerie-philippin.com\/site\/#website"},"primaryImageOfPage":{"@id":"https:\/\/www.valerie-philippin.com\/site\/terra-nostra\/#primaryimage"},"image":{"@id":"https:\/\/www.valerie-philippin.com\/site\/terra-nostra\/#primaryimage"},"thumbnailUrl":"https:\/\/www.valerie-philippin.com\/site\/wp-content\/uploads\/2020\/05\/terranostra-bandeau.jpg","datePublished":"2020-05-29T15:01:11+00:00","dateModified":"2024-01-29T17:54:31+00:00","breadcrumb":{"@id":"https:\/\/www.valerie-philippin.com\/site\/terra-nostra\/#breadcrumb"},"inLanguage":"fr-FR","potentialAction":[{"@type":"ReadAction","target":["https:\/\/www.valerie-philippin.com\/site\/terra-nostra\/"]}]},{"@type":"ImageObject","inLanguage":"fr-FR","@id":"https:\/\/www.valerie-philippin.com\/site\/terra-nostra\/#primaryimage","url":"https:\/\/www.valerie-philippin.com\/site\/wp-content\/uploads\/2020\/05\/terranostra-bandeau.jpg","contentUrl":"https:\/\/www.valerie-philippin.com\/site\/wp-content\/uploads\/2020\/05\/terranostra-bandeau.jpg","width":1024,"height":576},{"@type":"BreadcrumbList","@id":"https:\/\/www.valerie-philippin.com\/site\/terra-nostra\/#breadcrumb","itemListElement":[{"@type":"ListItem","position":1,"name":"Accueil","item":"https:\/\/www.valerie-philippin.com\/site\/"},{"@type":"ListItem","position":2,"name":"Terra Nostra"}]},{"@type":"WebSite","@id":"https:\/\/www.valerie-philippin.com\/site\/#website","url":"https:\/\/www.valerie-philippin.com\/site\/","name":"Val\u00e9rie Philippin \/ Cie Territoires de la voix","description":"FaBLab de cr\u00e9ation vocale contemporaine","publisher":{"@id":"https:\/\/www.valerie-philippin.com\/site\/#organization"},"potentialAction":[{"@type":"SearchAction","target":{"@type":"EntryPoint","urlTemplate":"https:\/\/www.valerie-philippin.com\/site\/?s={search_term_string}"},"query-input":{"@type":"PropertyValueSpecification","valueRequired":true,"valueName":"search_term_string"}}],"inLanguage":"fr-FR"},{"@type":"Organization","@id":"https:\/\/www.valerie-philippin.com\/site\/#organization","name":"Territoires de la voix","url":"https:\/\/www.valerie-philippin.com\/site\/","logo":{"@type":"ImageObject","inLanguage":"fr-FR","@id":"https:\/\/www.valerie-philippin.com\/site\/#\/schema\/logo\/image\/","url":"http:\/\/www.valerie-philippin.com\/site\/wp-content\/uploads\/2020\/06\/logoterritoiresdelavoix.png","contentUrl":"http:\/\/www.valerie-philippin.com\/site\/wp-content\/uploads\/2020\/06\/logoterritoiresdelavoix.png","width":500,"height":537,"caption":"Territoires de la voix"},"image":{"@id":"https:\/\/www.valerie-philippin.com\/site\/#\/schema\/logo\/image\/"}},{"@type":"Person","@id":"https:\/\/www.valerie-philippin.com\/site\/#\/schema\/person\/265f7bed37ab552ea1dae48334edaa9d","name":"SissiSurlepalier","description":"websister freelance","sameAs":["http:\/\/www.surlepalier.com"]}]}},"_links":{"self":[{"href":"https:\/\/www.valerie-philippin.com\/site\/wp-json\/wp\/v2\/posts\/2985","targetHints":{"allow":["GET"]}}],"collection":[{"href":"https:\/\/www.valerie-philippin.com\/site\/wp-json\/wp\/v2\/posts"}],"about":[{"href":"https:\/\/www.valerie-philippin.com\/site\/wp-json\/wp\/v2\/types\/post"}],"author":[{"embeddable":true,"href":"https:\/\/www.valerie-philippin.com\/site\/wp-json\/wp\/v2\/users\/1"}],"replies":[{"embeddable":true,"href":"https:\/\/www.valerie-philippin.com\/site\/wp-json\/wp\/v2\/comments?post=2985"}],"version-history":[{"count":6,"href":"https:\/\/www.valerie-philippin.com\/site\/wp-json\/wp\/v2\/posts\/2985\/revisions"}],"predecessor-version":[{"id":4676,"href":"https:\/\/www.valerie-philippin.com\/site\/wp-json\/wp\/v2\/posts\/2985\/revisions\/4676"}],"wp:featuredmedia":[{"embeddable":true,"href":"https:\/\/www.valerie-philippin.com\/site\/wp-json\/wp\/v2\/media\/3076"}],"wp:attachment":[{"href":"https:\/\/www.valerie-philippin.com\/site\/wp-json\/wp\/v2\/media?parent=2985"}],"wp:term":[{"taxonomy":"category","embeddable":true,"href":"https:\/\/www.valerie-philippin.com\/site\/wp-json\/wp\/v2\/categories?post=2985"},{"taxonomy":"post_tag","embeddable":true,"href":"https:\/\/www.valerie-philippin.com\/site\/wp-json\/wp\/v2\/tags?post=2985"}],"curies":[{"name":"wp","href":"https:\/\/api.w.org\/{rel}","templated":true}]}}