{"id":2925,"date":"2020-05-29T14:15:50","date_gmt":"2020-05-29T12:15:50","guid":{"rendered":"http:\/\/www.valerie-philippin.com\/valwp\/?p=2925"},"modified":"2025-09-20T14:58:49","modified_gmt":"2025-09-20T12:58:49","slug":"la-voix-palette-sonore","status":"publish","type":"post","link":"https:\/\/www.valerie-philippin.com\/site\/la-voix-palette-sonore\/","title":{"rendered":"La VOix, Palette sonore"},"content":{"rendered":"\n<div class=\"wp-block-columns is-layout-flex wp-container-core-columns-is-layout-9d6595d7 wp-block-columns-is-layout-flex\">\n<div class=\"wp-block-column is-layout-flow wp-block-column-is-layout-flow\">\n<div class=\"wp-block-group\"><div class=\"wp-block-group__inner-container is-layout-flow wp-block-group-is-layout-flow\">\n<p>2011<\/p>\n\n\n\n<p><em><strong>Livre<\/strong><\/em><\/p>\n\n\n\n<p>\u00ab&nbsp;La voix , palette sonore&nbsp;\u00bb<\/p>\n\n\n\n<p>Co-\u00e9crit avec Christophe Dardenne<\/p>\n\n\n\n<p>Mieux conna\u00eetre et reconna\u00eetre les diff\u00e9rentes voix d\u2019hommes et de femmes, leur sp\u00e9cificit\u00e9s, leurs tessitures, comprendre leur fonction comme soliste, dans l\u2019op\u00e9ra, le concert, a capella, avec orchestre ou en musique de chambre, tels sont les objectifs de cet ouvrage.<\/p>\n\n\n\n<p>Editions Billaudot<\/p>\n<\/div><\/div>\n<\/div>\n\n\n\n<div class=\"wp-block-column is-layout-flow wp-block-column-is-layout-flow\">\n<figure class=\"wp-block-image size-large\"><img loading=\"lazy\" decoding=\"async\" width=\"506\" height=\"681\" src=\"http:\/\/valerie-philippin.com\/site\/wp-content\/uploads\/2020\/05\/voix_palette_sonore2.jpg\" alt=\"\" class=\"wp-image-3057\" srcset=\"https:\/\/www.valerie-philippin.com\/site\/wp-content\/uploads\/2020\/05\/voix_palette_sonore2.jpg 506w, https:\/\/www.valerie-philippin.com\/site\/wp-content\/uploads\/2020\/05\/voix_palette_sonore2-372x500.jpg 372w\" sizes=\"auto, (max-width: 506px) 100vw, 506px\" \/><\/figure>\n<\/div>\n\n\n\n<div class=\"wp-block-column is-layout-flow wp-block-column-is-layout-flow\">\n<figure class=\"wp-block-image size-large\"><img loading=\"lazy\" decoding=\"async\" width=\"506\" height=\"681\" src=\"http:\/\/valerie-philippin.com\/site\/wp-content\/uploads\/2020\/05\/La-voix-palette-sonore_verso2.jpg\" alt=\"\" class=\"wp-image-3061\" srcset=\"https:\/\/www.valerie-philippin.com\/site\/wp-content\/uploads\/2020\/05\/La-voix-palette-sonore_verso2.jpg 506w, https:\/\/www.valerie-philippin.com\/site\/wp-content\/uploads\/2020\/05\/La-voix-palette-sonore_verso2-372x500.jpg 372w\" sizes=\"auto, (max-width: 506px) 100vw, 506px\" \/><\/figure>\n<\/div>\n<\/div>\n","protected":false},"excerpt":{"rendered":"<p>Livre<br \/>\n\u00c9ditions Billaudot 2011<\/p>\n","protected":false},"author":1,"featured_media":3057,"comment_status":"open","ping_status":"open","sticky":false,"template":"","format":"standard","meta":{"footnotes":""},"categories":[26],"tags":[],"class_list":["post-2925","post","type-post","status-publish","format-standard","has-post-thumbnail","hentry","category-publications"],"yoast_head":"<!-- This site is optimized with the Yoast SEO plugin v27.5 - https:\/\/yoast.com\/product\/yoast-seo-wordpress\/ -->\n<title>La VOix, Palette sonore &#8226; Val\u00e9rie Philippin \/ Cie Territoires de la voix<\/title>\n<meta name=\"robots\" content=\"noindex, follow\" \/>\n<meta property=\"og:locale\" content=\"fr_FR\" \/>\n<meta property=\"og:type\" content=\"article\" \/>\n<meta property=\"og:title\" content=\"La VOix, Palette sonore &#8226; Val\u00e9rie Philippin \/ Cie Territoires de la voix\" \/>\n<meta property=\"og:description\" content=\"Livre \u00c9ditions Billaudot 2011\" \/>\n<meta property=\"og:url\" content=\"https:\/\/www.valerie-philippin.com\/site\/la-voix-palette-sonore\/\" \/>\n<meta property=\"og:site_name\" content=\"Val\u00e9rie Philippin \/ Cie Territoires de la voix\" \/>\n<meta property=\"article:published_time\" content=\"2020-05-29T12:15:50+00:00\" \/>\n<meta property=\"article:modified_time\" content=\"2025-09-20T12:58:49+00:00\" \/>\n<meta property=\"og:image\" content=\"http:\/\/www.valerie-philippin.com\/site\/wp-content\/uploads\/2020\/05\/voix_palette_sonore2.jpg\" \/>\n\t<meta property=\"og:image:width\" content=\"506\" \/>\n\t<meta property=\"og:image:height\" content=\"681\" \/>\n\t<meta property=\"og:image:type\" content=\"image\/jpeg\" \/>\n<meta name=\"author\" content=\"SissiSurlepalier\" \/>\n<meta name=\"twitter:card\" content=\"summary_large_image\" \/>\n<meta name=\"twitter:label1\" content=\"\u00c9crit par\" \/>\n\t<meta name=\"twitter:data1\" content=\"SissiSurlepalier\" \/>\n\t<meta name=\"twitter:label2\" content=\"Dur\u00e9e de lecture estim\u00e9e\" \/>\n\t<meta name=\"twitter:data2\" content=\"1 minute\" \/>\n<script type=\"application\/ld+json\" class=\"yoast-schema-graph\">{\"@context\":\"https:\\\/\\\/schema.org\",\"@graph\":[{\"@type\":\"Article\",\"@id\":\"https:\\\/\\\/www.valerie-philippin.com\\\/site\\\/la-voix-palette-sonore\\\/#article\",\"isPartOf\":{\"@id\":\"https:\\\/\\\/www.valerie-philippin.com\\\/site\\\/la-voix-palette-sonore\\\/\"},\"author\":{\"name\":\"SissiSurlepalier\",\"@id\":\"https:\\\/\\\/www.valerie-philippin.com\\\/site\\\/#\\\/schema\\\/person\\\/265f7bed37ab552ea1dae48334edaa9d\"},\"headline\":\"La VOix, Palette sonore\",\"datePublished\":\"2020-05-29T12:15:50+00:00\",\"dateModified\":\"2025-09-20T12:58:49+00:00\",\"mainEntityOfPage\":{\"@id\":\"https:\\\/\\\/www.valerie-philippin.com\\\/site\\\/la-voix-palette-sonore\\\/\"},\"wordCount\":66,\"commentCount\":0,\"publisher\":{\"@id\":\"https:\\\/\\\/www.valerie-philippin.com\\\/site\\\/#organization\"},\"image\":{\"@id\":\"https:\\\/\\\/www.valerie-philippin.com\\\/site\\\/la-voix-palette-sonore\\\/#primaryimage\"},\"thumbnailUrl\":\"https:\\\/\\\/www.valerie-philippin.com\\\/site\\\/wp-content\\\/uploads\\\/2020\\\/05\\\/voix_palette_sonore2.jpg\",\"articleSection\":[\"Publications\"],\"inLanguage\":\"fr-FR\",\"potentialAction\":[{\"@type\":\"CommentAction\",\"name\":\"Comment\",\"target\":[\"https:\\\/\\\/www.valerie-philippin.com\\\/site\\\/la-voix-palette-sonore\\\/#respond\"]}]},{\"@type\":\"WebPage\",\"@id\":\"https:\\\/\\\/www.valerie-philippin.com\\\/site\\\/la-voix-palette-sonore\\\/\",\"url\":\"https:\\\/\\\/www.valerie-philippin.com\\\/site\\\/la-voix-palette-sonore\\\/\",\"name\":\"La VOix, Palette sonore &#8226; Val\u00e9rie Philippin \\\/ Cie Territoires de la voix\",\"isPartOf\":{\"@id\":\"https:\\\/\\\/www.valerie-philippin.com\\\/site\\\/#website\"},\"primaryImageOfPage\":{\"@id\":\"https:\\\/\\\/www.valerie-philippin.com\\\/site\\\/la-voix-palette-sonore\\\/#primaryimage\"},\"image\":{\"@id\":\"https:\\\/\\\/www.valerie-philippin.com\\\/site\\\/la-voix-palette-sonore\\\/#primaryimage\"},\"thumbnailUrl\":\"https:\\\/\\\/www.valerie-philippin.com\\\/site\\\/wp-content\\\/uploads\\\/2020\\\/05\\\/voix_palette_sonore2.jpg\",\"datePublished\":\"2020-05-29T12:15:50+00:00\",\"dateModified\":\"2025-09-20T12:58:49+00:00\",\"breadcrumb\":{\"@id\":\"https:\\\/\\\/www.valerie-philippin.com\\\/site\\\/la-voix-palette-sonore\\\/#breadcrumb\"},\"inLanguage\":\"fr-FR\",\"potentialAction\":[{\"@type\":\"ReadAction\",\"target\":[\"https:\\\/\\\/www.valerie-philippin.com\\\/site\\\/la-voix-palette-sonore\\\/\"]}]},{\"@type\":\"ImageObject\",\"inLanguage\":\"fr-FR\",\"@id\":\"https:\\\/\\\/www.valerie-philippin.com\\\/site\\\/la-voix-palette-sonore\\\/#primaryimage\",\"url\":\"https:\\\/\\\/www.valerie-philippin.com\\\/site\\\/wp-content\\\/uploads\\\/2020\\\/05\\\/voix_palette_sonore2.jpg\",\"contentUrl\":\"https:\\\/\\\/www.valerie-philippin.com\\\/site\\\/wp-content\\\/uploads\\\/2020\\\/05\\\/voix_palette_sonore2.jpg\",\"width\":506,\"height\":681},{\"@type\":\"BreadcrumbList\",\"@id\":\"https:\\\/\\\/www.valerie-philippin.com\\\/site\\\/la-voix-palette-sonore\\\/#breadcrumb\",\"itemListElement\":[{\"@type\":\"ListItem\",\"position\":1,\"name\":\"Accueil\",\"item\":\"https:\\\/\\\/www.valerie-philippin.com\\\/site\\\/\"},{\"@type\":\"ListItem\",\"position\":2,\"name\":\"La VOix, Palette sonore\"}]},{\"@type\":\"WebSite\",\"@id\":\"https:\\\/\\\/www.valerie-philippin.com\\\/site\\\/#website\",\"url\":\"https:\\\/\\\/www.valerie-philippin.com\\\/site\\\/\",\"name\":\"Val\u00e9rie Philippin \\\/ Cie Territoires de la voix\",\"description\":\"FaBLab de cr\u00e9ation vocale contemporaine\",\"publisher\":{\"@id\":\"https:\\\/\\\/www.valerie-philippin.com\\\/site\\\/#organization\"},\"potentialAction\":[{\"@type\":\"SearchAction\",\"target\":{\"@type\":\"EntryPoint\",\"urlTemplate\":\"https:\\\/\\\/www.valerie-philippin.com\\\/site\\\/?s={search_term_string}\"},\"query-input\":{\"@type\":\"PropertyValueSpecification\",\"valueRequired\":true,\"valueName\":\"search_term_string\"}}],\"inLanguage\":\"fr-FR\"},{\"@type\":\"Organization\",\"@id\":\"https:\\\/\\\/www.valerie-philippin.com\\\/site\\\/#organization\",\"name\":\"Territoires de la voix\",\"url\":\"https:\\\/\\\/www.valerie-philippin.com\\\/site\\\/\",\"logo\":{\"@type\":\"ImageObject\",\"inLanguage\":\"fr-FR\",\"@id\":\"https:\\\/\\\/www.valerie-philippin.com\\\/site\\\/#\\\/schema\\\/logo\\\/image\\\/\",\"url\":\"http:\\\/\\\/www.valerie-philippin.com\\\/site\\\/wp-content\\\/uploads\\\/2020\\\/06\\\/logoterritoiresdelavoix.png\",\"contentUrl\":\"http:\\\/\\\/www.valerie-philippin.com\\\/site\\\/wp-content\\\/uploads\\\/2020\\\/06\\\/logoterritoiresdelavoix.png\",\"width\":500,\"height\":537,\"caption\":\"Territoires de la voix\"},\"image\":{\"@id\":\"https:\\\/\\\/www.valerie-philippin.com\\\/site\\\/#\\\/schema\\\/logo\\\/image\\\/\"}},{\"@type\":\"Person\",\"@id\":\"https:\\\/\\\/www.valerie-philippin.com\\\/site\\\/#\\\/schema\\\/person\\\/265f7bed37ab552ea1dae48334edaa9d\",\"name\":\"SissiSurlepalier\",\"description\":\"websister freelance\",\"sameAs\":[\"http:\\\/\\\/www.surlepalier.com\"]}]}<\/script>\n<!-- \/ Yoast SEO plugin. -->","yoast_head_json":{"title":"La VOix, Palette sonore &#8226; Val\u00e9rie Philippin \/ Cie Territoires de la voix","robots":{"index":"noindex","follow":"follow"},"og_locale":"fr_FR","og_type":"article","og_title":"La VOix, Palette sonore &#8226; Val\u00e9rie Philippin \/ Cie Territoires de la voix","og_description":"Livre \u00c9ditions Billaudot 2011","og_url":"https:\/\/www.valerie-philippin.com\/site\/la-voix-palette-sonore\/","og_site_name":"Val\u00e9rie Philippin \/ Cie Territoires de la voix","article_published_time":"2020-05-29T12:15:50+00:00","article_modified_time":"2025-09-20T12:58:49+00:00","og_image":[{"width":506,"height":681,"url":"http:\/\/www.valerie-philippin.com\/site\/wp-content\/uploads\/2020\/05\/voix_palette_sonore2.jpg","type":"image\/jpeg"}],"author":"SissiSurlepalier","twitter_card":"summary_large_image","twitter_misc":{"\u00c9crit par":"SissiSurlepalier","Dur\u00e9e de lecture estim\u00e9e":"1 minute"},"schema":{"@context":"https:\/\/schema.org","@graph":[{"@type":"Article","@id":"https:\/\/www.valerie-philippin.com\/site\/la-voix-palette-sonore\/#article","isPartOf":{"@id":"https:\/\/www.valerie-philippin.com\/site\/la-voix-palette-sonore\/"},"author":{"name":"SissiSurlepalier","@id":"https:\/\/www.valerie-philippin.com\/site\/#\/schema\/person\/265f7bed37ab552ea1dae48334edaa9d"},"headline":"La VOix, Palette sonore","datePublished":"2020-05-29T12:15:50+00:00","dateModified":"2025-09-20T12:58:49+00:00","mainEntityOfPage":{"@id":"https:\/\/www.valerie-philippin.com\/site\/la-voix-palette-sonore\/"},"wordCount":66,"commentCount":0,"publisher":{"@id":"https:\/\/www.valerie-philippin.com\/site\/#organization"},"image":{"@id":"https:\/\/www.valerie-philippin.com\/site\/la-voix-palette-sonore\/#primaryimage"},"thumbnailUrl":"https:\/\/www.valerie-philippin.com\/site\/wp-content\/uploads\/2020\/05\/voix_palette_sonore2.jpg","articleSection":["Publications"],"inLanguage":"fr-FR","potentialAction":[{"@type":"CommentAction","name":"Comment","target":["https:\/\/www.valerie-philippin.com\/site\/la-voix-palette-sonore\/#respond"]}]},{"@type":"WebPage","@id":"https:\/\/www.valerie-philippin.com\/site\/la-voix-palette-sonore\/","url":"https:\/\/www.valerie-philippin.com\/site\/la-voix-palette-sonore\/","name":"La VOix, Palette sonore &#8226; Val\u00e9rie Philippin \/ Cie Territoires de la voix","isPartOf":{"@id":"https:\/\/www.valerie-philippin.com\/site\/#website"},"primaryImageOfPage":{"@id":"https:\/\/www.valerie-philippin.com\/site\/la-voix-palette-sonore\/#primaryimage"},"image":{"@id":"https:\/\/www.valerie-philippin.com\/site\/la-voix-palette-sonore\/#primaryimage"},"thumbnailUrl":"https:\/\/www.valerie-philippin.com\/site\/wp-content\/uploads\/2020\/05\/voix_palette_sonore2.jpg","datePublished":"2020-05-29T12:15:50+00:00","dateModified":"2025-09-20T12:58:49+00:00","breadcrumb":{"@id":"https:\/\/www.valerie-philippin.com\/site\/la-voix-palette-sonore\/#breadcrumb"},"inLanguage":"fr-FR","potentialAction":[{"@type":"ReadAction","target":["https:\/\/www.valerie-philippin.com\/site\/la-voix-palette-sonore\/"]}]},{"@type":"ImageObject","inLanguage":"fr-FR","@id":"https:\/\/www.valerie-philippin.com\/site\/la-voix-palette-sonore\/#primaryimage","url":"https:\/\/www.valerie-philippin.com\/site\/wp-content\/uploads\/2020\/05\/voix_palette_sonore2.jpg","contentUrl":"https:\/\/www.valerie-philippin.com\/site\/wp-content\/uploads\/2020\/05\/voix_palette_sonore2.jpg","width":506,"height":681},{"@type":"BreadcrumbList","@id":"https:\/\/www.valerie-philippin.com\/site\/la-voix-palette-sonore\/#breadcrumb","itemListElement":[{"@type":"ListItem","position":1,"name":"Accueil","item":"https:\/\/www.valerie-philippin.com\/site\/"},{"@type":"ListItem","position":2,"name":"La VOix, Palette sonore"}]},{"@type":"WebSite","@id":"https:\/\/www.valerie-philippin.com\/site\/#website","url":"https:\/\/www.valerie-philippin.com\/site\/","name":"Val\u00e9rie Philippin \/ Cie Territoires de la voix","description":"FaBLab de cr\u00e9ation vocale contemporaine","publisher":{"@id":"https:\/\/www.valerie-philippin.com\/site\/#organization"},"potentialAction":[{"@type":"SearchAction","target":{"@type":"EntryPoint","urlTemplate":"https:\/\/www.valerie-philippin.com\/site\/?s={search_term_string}"},"query-input":{"@type":"PropertyValueSpecification","valueRequired":true,"valueName":"search_term_string"}}],"inLanguage":"fr-FR"},{"@type":"Organization","@id":"https:\/\/www.valerie-philippin.com\/site\/#organization","name":"Territoires de la voix","url":"https:\/\/www.valerie-philippin.com\/site\/","logo":{"@type":"ImageObject","inLanguage":"fr-FR","@id":"https:\/\/www.valerie-philippin.com\/site\/#\/schema\/logo\/image\/","url":"http:\/\/www.valerie-philippin.com\/site\/wp-content\/uploads\/2020\/06\/logoterritoiresdelavoix.png","contentUrl":"http:\/\/www.valerie-philippin.com\/site\/wp-content\/uploads\/2020\/06\/logoterritoiresdelavoix.png","width":500,"height":537,"caption":"Territoires de la voix"},"image":{"@id":"https:\/\/www.valerie-philippin.com\/site\/#\/schema\/logo\/image\/"}},{"@type":"Person","@id":"https:\/\/www.valerie-philippin.com\/site\/#\/schema\/person\/265f7bed37ab552ea1dae48334edaa9d","name":"SissiSurlepalier","description":"websister freelance","sameAs":["http:\/\/www.surlepalier.com"]}]}},"_links":{"self":[{"href":"https:\/\/www.valerie-philippin.com\/site\/wp-json\/wp\/v2\/posts\/2925","targetHints":{"allow":["GET"]}}],"collection":[{"href":"https:\/\/www.valerie-philippin.com\/site\/wp-json\/wp\/v2\/posts"}],"about":[{"href":"https:\/\/www.valerie-philippin.com\/site\/wp-json\/wp\/v2\/types\/post"}],"author":[{"embeddable":true,"href":"https:\/\/www.valerie-philippin.com\/site\/wp-json\/wp\/v2\/users\/1"}],"replies":[{"embeddable":true,"href":"https:\/\/www.valerie-philippin.com\/site\/wp-json\/wp\/v2\/comments?post=2925"}],"version-history":[{"count":10,"href":"https:\/\/www.valerie-philippin.com\/site\/wp-json\/wp\/v2\/posts\/2925\/revisions"}],"predecessor-version":[{"id":6341,"href":"https:\/\/www.valerie-philippin.com\/site\/wp-json\/wp\/v2\/posts\/2925\/revisions\/6341"}],"wp:featuredmedia":[{"embeddable":true,"href":"https:\/\/www.valerie-philippin.com\/site\/wp-json\/wp\/v2\/media\/3057"}],"wp:attachment":[{"href":"https:\/\/www.valerie-philippin.com\/site\/wp-json\/wp\/v2\/media?parent=2925"}],"wp:term":[{"taxonomy":"category","embeddable":true,"href":"https:\/\/www.valerie-philippin.com\/site\/wp-json\/wp\/v2\/categories?post=2925"},{"taxonomy":"post_tag","embeddable":true,"href":"https:\/\/www.valerie-philippin.com\/site\/wp-json\/wp\/v2\/tags?post=2925"}],"curies":[{"name":"wp","href":"https:\/\/api.w.org\/{rel}","templated":true}]}}