{"id":2921,"date":"2020-05-29T14:30:43","date_gmt":"2020-05-29T12:30:43","guid":{"rendered":"http:\/\/www.valerie-philippin.com\/valwp\/?p=2921"},"modified":"2025-09-20T14:55:33","modified_gmt":"2025-09-20T12:55:33","slug":"la-voix-soliste-contemporaine","status":"publish","type":"post","link":"https:\/\/www.valerie-philippin.com\/site\/la-voix-soliste-contemporaine\/","title":{"rendered":"La voix soliste CONTEMPORAINE"},"content":{"rendered":"\n<div class=\"wp-block-columns is-layout-flex wp-container-core-columns-is-layout-9d6595d7 wp-block-columns-is-layout-flex\">\n<div class=\"wp-block-column is-layout-flow wp-block-column-is-layout-flow\">\n<figure class=\"wp-block-image size-large lire\"><a href=\"https:\/\/symetrie.com\/fr\/titres\/la-voix-soliste-contemporaine\" target=\"_blank\" rel=\"noopener noreferrer\"><img loading=\"lazy\" decoding=\"async\" width=\"50\" height=\"50\" src=\"http:\/\/valerie-philippin.com\/site\/wp-content\/uploads\/2020\/05\/lire.png\" alt=\"ouvrir dans un nouvel onglet\" class=\"wp-image-2424\" title=\"ouvrir dans un nouvel onglet\"\/><\/a><\/figure>\n\n\n\n<p><em><strong>Livre<\/strong><\/em><br>\u00ab&nbsp;La voix soliste contemporaine, rep\u00e8res, technique et r\u00e9pertoire&nbsp;\u00bb<br>Editions Sym\u00e9trie, Lyon&nbsp;, 2017<\/p>\n\n\n\n<p>Ce livre propose des clefs pour d\u00e9couvrir, appr\u00e9cier, interpr\u00e9ter et transmettre le r\u00e9pertoire contemporain. Avec un catalogue d\u00e9taill\u00e9 de plus de cent cinquante \u0153uvres de musique de chambre \u2013 type de voix, ambitus, niveau de difficult\u00e9, commentaire technique, rep\u00e8res historiques et esth\u00e9tiques, il propose des outils de technique vocale et musicale \u00e0 l\u2019intention des interpr\u00e8tes, professeurs de chant et de formation musicale, ainsi qu\u2019\u00e0 destination des compositeurs ou de toute personne d\u00e9sireuse d\u2019\u00e9tendre ses connaissances sur la voix et le r\u00e9pertoire d\u2019aujourd\u2019hui.<\/p>\n\n\n\n<p><strong><em>Version papier \u00e9puis\u00e9e<\/em><\/strong><br><strong><em>acheter la version E-book<\/em><\/strong><br><a href=\"https:\/\/symetrie.com\/fr\/titres\/la-voix-soliste-contemporaine\">https:\/\/symetrie.com\/fr\/titres\/la-voix-soliste-contemporaine<\/a>mporaine<\/p>\n\n\n\n<p><br><br><\/p>\n<\/div>\n\n\n\n<div class=\"wp-block-column is-layout-flow wp-block-column-is-layout-flow\">\n<p><strong><em>La presse en parle <\/em><\/strong><br><em>\u00ab&nbsp; Pour les m\u00e9lomanes f\u00e9rus de musique contemporaine, Val\u00e9rie Philippin est avant tout une voix (\u2026) L&rsquo;on d\u00e9couvre avec cet impressionnant volume qu&rsquo;elle est aussi une plume, et l&rsquo;auteur de ce qui s&rsquo;impose d&#8217;embl\u00e9e comme la \u00ab&nbsp;bible&nbsp;\u00bb de la musique vocale contemporaine, destin\u00e9e aussi bien \u00e0 qui voudra la d\u00e9couvrir ou l&rsquo;approfondir, l&rsquo;interpr\u00e9ter ou l&rsquo;enseigner, la lire et l&rsquo;entendre, scruter ses diff\u00e9rents styles et leurs notations respectives. (\u2026) Tout&nbsp;y est d&rsquo;une solidit\u00e9 scientifique qui force le respect et l&rsquo;admiration, et pourrait \u00eatre sign\u00e9 ici par un musicologue, l\u00e0 par un phoniatre, mais pens\u00e9 et organis\u00e9 pour guider le n\u00e9ophyte sans l&rsquo;effrayer aussi bien que pour combler le sp\u00e9cialiste par une pr\u00e9cision remarquable de l&rsquo;information et de sa mise en perspective. Avec ce pr\u00e9cieux apport que la plupart des musicologues et phoniatres ne pourraient afficher&nbsp;: l&rsquo;exp\u00e9rience artistique, fruit d&rsquo;un long parcours v\u00e9cu, venant fertiliser la connaissance pour en faire jaillir un fruit rare&nbsp;: savant autant que sensible.&nbsp;\u00bb<\/em><br>Chantal Cazaux, r\u00e9dactrice en chef de l\u2019avant-sc\u00e8ne op\u00e9ra<\/p>\n\n\n\n<p><em>Ce livre passionnant est utile \u00e0 tous ceux (des chanteurs professionnels et interpr\u00e8tes jusqu\u2019au m\u00e9lomane curieux) qui s\u2019int\u00e9ressent \u00e0 la voix dans la musique contemporaine. L\u2019analyse des exemples donn\u00e9s est accompagn\u00e9e par des conseils pratiques d\u2019interpr\u00e9tation qui sont une aide pr\u00e9cieuse tant pour le chanteur que pour les instrumentistes impliqu\u00e9s dans ces musiques. Ce livre, qui parcourt tout le domaine de la voix contemporaine dans son int\u00e9gralit\u00e9 et sa complexit\u00e9, ne peut qu\u2019enrichir les connaissances de tous ceux qui s\u2019int\u00e9ressent \u00e0 la musique contemporaine et servir d\u2019outil premier pour les chanteurs.<\/em><br>Cristina Agosti-Gherban Cazaux,&nbsp;<a href=\"http:\/\/assadem.free.fr\/selections\/infos\/livres.htm#adultes\">Assadem<\/a><\/p>\n<\/div>\n<\/div>\n","protected":false},"excerpt":{"rendered":"<p>Livre<br \/>\n\u00c9ditions Sym\u00e9trie 2017<br \/>\nE-book parution 2024<\/p>\n","protected":false},"author":1,"featured_media":2350,"comment_status":"open","ping_status":"open","sticky":false,"template":"","format":"standard","meta":{"footnotes":""},"categories":[26],"tags":[],"class_list":["post-2921","post","type-post","status-publish","format-standard","has-post-thumbnail","hentry","category-publications"],"yoast_head":"<!-- This site is optimized with the Yoast SEO plugin v27.5 - https:\/\/yoast.com\/product\/yoast-seo-wordpress\/ -->\n<title>La voix soliste CONTEMPORAINE &#8226; Val\u00e9rie Philippin \/ Cie Territoires de la voix<\/title>\n<meta name=\"robots\" content=\"noindex, follow\" \/>\n<meta property=\"og:locale\" content=\"fr_FR\" \/>\n<meta property=\"og:type\" content=\"article\" \/>\n<meta property=\"og:title\" content=\"La voix soliste CONTEMPORAINE &#8226; Val\u00e9rie Philippin \/ Cie Territoires de la voix\" \/>\n<meta property=\"og:description\" content=\"Livre \u00c9ditions Sym\u00e9trie 2017 E-book parution 2024\" \/>\n<meta property=\"og:url\" content=\"https:\/\/www.valerie-philippin.com\/site\/la-voix-soliste-contemporaine\/\" \/>\n<meta property=\"og:site_name\" content=\"Val\u00e9rie Philippin \/ Cie Territoires de la voix\" \/>\n<meta property=\"article:published_time\" content=\"2020-05-29T12:30:43+00:00\" \/>\n<meta property=\"article:modified_time\" content=\"2025-09-20T12:55:33+00:00\" \/>\n<meta property=\"og:image\" content=\"http:\/\/www.valerie-philippin.com\/site\/wp-content\/uploads\/2020\/05\/La-voix-soliste-contemporaine.jpg\" \/>\n\t<meta property=\"og:image:width\" content=\"1024\" \/>\n\t<meta property=\"og:image:height\" content=\"1448\" \/>\n\t<meta property=\"og:image:type\" content=\"image\/jpeg\" \/>\n<meta name=\"author\" content=\"SissiSurlepalier\" \/>\n<meta name=\"twitter:card\" content=\"summary_large_image\" \/>\n<meta name=\"twitter:label1\" content=\"\u00c9crit par\" \/>\n\t<meta name=\"twitter:data1\" content=\"SissiSurlepalier\" \/>\n\t<meta name=\"twitter:label2\" content=\"Dur\u00e9e de lecture estim\u00e9e\" \/>\n\t<meta name=\"twitter:data2\" content=\"3 minutes\" \/>\n<script type=\"application\/ld+json\" class=\"yoast-schema-graph\">{\"@context\":\"https:\\\/\\\/schema.org\",\"@graph\":[{\"@type\":\"Article\",\"@id\":\"https:\\\/\\\/www.valerie-philippin.com\\\/site\\\/la-voix-soliste-contemporaine\\\/#article\",\"isPartOf\":{\"@id\":\"https:\\\/\\\/www.valerie-philippin.com\\\/site\\\/la-voix-soliste-contemporaine\\\/\"},\"author\":{\"name\":\"SissiSurlepalier\",\"@id\":\"https:\\\/\\\/www.valerie-philippin.com\\\/site\\\/#\\\/schema\\\/person\\\/265f7bed37ab552ea1dae48334edaa9d\"},\"headline\":\"La voix soliste CONTEMPORAINE\",\"datePublished\":\"2020-05-29T12:30:43+00:00\",\"dateModified\":\"2025-09-20T12:55:33+00:00\",\"mainEntityOfPage\":{\"@id\":\"https:\\\/\\\/www.valerie-philippin.com\\\/site\\\/la-voix-soliste-contemporaine\\\/\"},\"wordCount\":446,\"commentCount\":0,\"publisher\":{\"@id\":\"https:\\\/\\\/www.valerie-philippin.com\\\/site\\\/#organization\"},\"image\":{\"@id\":\"https:\\\/\\\/www.valerie-philippin.com\\\/site\\\/la-voix-soliste-contemporaine\\\/#primaryimage\"},\"thumbnailUrl\":\"https:\\\/\\\/www.valerie-philippin.com\\\/site\\\/wp-content\\\/uploads\\\/2020\\\/05\\\/La-voix-soliste-contemporaine.jpg\",\"articleSection\":[\"Publications\"],\"inLanguage\":\"fr-FR\",\"potentialAction\":[{\"@type\":\"CommentAction\",\"name\":\"Comment\",\"target\":[\"https:\\\/\\\/www.valerie-philippin.com\\\/site\\\/la-voix-soliste-contemporaine\\\/#respond\"]}]},{\"@type\":\"WebPage\",\"@id\":\"https:\\\/\\\/www.valerie-philippin.com\\\/site\\\/la-voix-soliste-contemporaine\\\/\",\"url\":\"https:\\\/\\\/www.valerie-philippin.com\\\/site\\\/la-voix-soliste-contemporaine\\\/\",\"name\":\"La voix soliste CONTEMPORAINE &#8226; Val\u00e9rie Philippin \\\/ Cie Territoires de la voix\",\"isPartOf\":{\"@id\":\"https:\\\/\\\/www.valerie-philippin.com\\\/site\\\/#website\"},\"primaryImageOfPage\":{\"@id\":\"https:\\\/\\\/www.valerie-philippin.com\\\/site\\\/la-voix-soliste-contemporaine\\\/#primaryimage\"},\"image\":{\"@id\":\"https:\\\/\\\/www.valerie-philippin.com\\\/site\\\/la-voix-soliste-contemporaine\\\/#primaryimage\"},\"thumbnailUrl\":\"https:\\\/\\\/www.valerie-philippin.com\\\/site\\\/wp-content\\\/uploads\\\/2020\\\/05\\\/La-voix-soliste-contemporaine.jpg\",\"datePublished\":\"2020-05-29T12:30:43+00:00\",\"dateModified\":\"2025-09-20T12:55:33+00:00\",\"breadcrumb\":{\"@id\":\"https:\\\/\\\/www.valerie-philippin.com\\\/site\\\/la-voix-soliste-contemporaine\\\/#breadcrumb\"},\"inLanguage\":\"fr-FR\",\"potentialAction\":[{\"@type\":\"ReadAction\",\"target\":[\"https:\\\/\\\/www.valerie-philippin.com\\\/site\\\/la-voix-soliste-contemporaine\\\/\"]}]},{\"@type\":\"ImageObject\",\"inLanguage\":\"fr-FR\",\"@id\":\"https:\\\/\\\/www.valerie-philippin.com\\\/site\\\/la-voix-soliste-contemporaine\\\/#primaryimage\",\"url\":\"https:\\\/\\\/www.valerie-philippin.com\\\/site\\\/wp-content\\\/uploads\\\/2020\\\/05\\\/La-voix-soliste-contemporaine.jpg\",\"contentUrl\":\"https:\\\/\\\/www.valerie-philippin.com\\\/site\\\/wp-content\\\/uploads\\\/2020\\\/05\\\/La-voix-soliste-contemporaine.jpg\",\"width\":1024,\"height\":1448},{\"@type\":\"BreadcrumbList\",\"@id\":\"https:\\\/\\\/www.valerie-philippin.com\\\/site\\\/la-voix-soliste-contemporaine\\\/#breadcrumb\",\"itemListElement\":[{\"@type\":\"ListItem\",\"position\":1,\"name\":\"Accueil\",\"item\":\"https:\\\/\\\/www.valerie-philippin.com\\\/site\\\/\"},{\"@type\":\"ListItem\",\"position\":2,\"name\":\"La voix soliste CONTEMPORAINE\"}]},{\"@type\":\"WebSite\",\"@id\":\"https:\\\/\\\/www.valerie-philippin.com\\\/site\\\/#website\",\"url\":\"https:\\\/\\\/www.valerie-philippin.com\\\/site\\\/\",\"name\":\"Val\u00e9rie Philippin \\\/ Cie Territoires de la voix\",\"description\":\"FaBLab de cr\u00e9ation vocale contemporaine\",\"publisher\":{\"@id\":\"https:\\\/\\\/www.valerie-philippin.com\\\/site\\\/#organization\"},\"potentialAction\":[{\"@type\":\"SearchAction\",\"target\":{\"@type\":\"EntryPoint\",\"urlTemplate\":\"https:\\\/\\\/www.valerie-philippin.com\\\/site\\\/?s={search_term_string}\"},\"query-input\":{\"@type\":\"PropertyValueSpecification\",\"valueRequired\":true,\"valueName\":\"search_term_string\"}}],\"inLanguage\":\"fr-FR\"},{\"@type\":\"Organization\",\"@id\":\"https:\\\/\\\/www.valerie-philippin.com\\\/site\\\/#organization\",\"name\":\"Territoires de la voix\",\"url\":\"https:\\\/\\\/www.valerie-philippin.com\\\/site\\\/\",\"logo\":{\"@type\":\"ImageObject\",\"inLanguage\":\"fr-FR\",\"@id\":\"https:\\\/\\\/www.valerie-philippin.com\\\/site\\\/#\\\/schema\\\/logo\\\/image\\\/\",\"url\":\"http:\\\/\\\/www.valerie-philippin.com\\\/site\\\/wp-content\\\/uploads\\\/2020\\\/06\\\/logoterritoiresdelavoix.png\",\"contentUrl\":\"http:\\\/\\\/www.valerie-philippin.com\\\/site\\\/wp-content\\\/uploads\\\/2020\\\/06\\\/logoterritoiresdelavoix.png\",\"width\":500,\"height\":537,\"caption\":\"Territoires de la voix\"},\"image\":{\"@id\":\"https:\\\/\\\/www.valerie-philippin.com\\\/site\\\/#\\\/schema\\\/logo\\\/image\\\/\"}},{\"@type\":\"Person\",\"@id\":\"https:\\\/\\\/www.valerie-philippin.com\\\/site\\\/#\\\/schema\\\/person\\\/265f7bed37ab552ea1dae48334edaa9d\",\"name\":\"SissiSurlepalier\",\"description\":\"websister freelance\",\"sameAs\":[\"http:\\\/\\\/www.surlepalier.com\"]}]}<\/script>\n<!-- \/ Yoast SEO plugin. -->","yoast_head_json":{"title":"La voix soliste CONTEMPORAINE &#8226; Val\u00e9rie Philippin \/ Cie Territoires de la voix","robots":{"index":"noindex","follow":"follow"},"og_locale":"fr_FR","og_type":"article","og_title":"La voix soliste CONTEMPORAINE &#8226; Val\u00e9rie Philippin \/ Cie Territoires de la voix","og_description":"Livre \u00c9ditions Sym\u00e9trie 2017 E-book parution 2024","og_url":"https:\/\/www.valerie-philippin.com\/site\/la-voix-soliste-contemporaine\/","og_site_name":"Val\u00e9rie Philippin \/ Cie Territoires de la voix","article_published_time":"2020-05-29T12:30:43+00:00","article_modified_time":"2025-09-20T12:55:33+00:00","og_image":[{"width":1024,"height":1448,"url":"http:\/\/www.valerie-philippin.com\/site\/wp-content\/uploads\/2020\/05\/La-voix-soliste-contemporaine.jpg","type":"image\/jpeg"}],"author":"SissiSurlepalier","twitter_card":"summary_large_image","twitter_misc":{"\u00c9crit par":"SissiSurlepalier","Dur\u00e9e de lecture estim\u00e9e":"3 minutes"},"schema":{"@context":"https:\/\/schema.org","@graph":[{"@type":"Article","@id":"https:\/\/www.valerie-philippin.com\/site\/la-voix-soliste-contemporaine\/#article","isPartOf":{"@id":"https:\/\/www.valerie-philippin.com\/site\/la-voix-soliste-contemporaine\/"},"author":{"name":"SissiSurlepalier","@id":"https:\/\/www.valerie-philippin.com\/site\/#\/schema\/person\/265f7bed37ab552ea1dae48334edaa9d"},"headline":"La voix soliste CONTEMPORAINE","datePublished":"2020-05-29T12:30:43+00:00","dateModified":"2025-09-20T12:55:33+00:00","mainEntityOfPage":{"@id":"https:\/\/www.valerie-philippin.com\/site\/la-voix-soliste-contemporaine\/"},"wordCount":446,"commentCount":0,"publisher":{"@id":"https:\/\/www.valerie-philippin.com\/site\/#organization"},"image":{"@id":"https:\/\/www.valerie-philippin.com\/site\/la-voix-soliste-contemporaine\/#primaryimage"},"thumbnailUrl":"https:\/\/www.valerie-philippin.com\/site\/wp-content\/uploads\/2020\/05\/La-voix-soliste-contemporaine.jpg","articleSection":["Publications"],"inLanguage":"fr-FR","potentialAction":[{"@type":"CommentAction","name":"Comment","target":["https:\/\/www.valerie-philippin.com\/site\/la-voix-soliste-contemporaine\/#respond"]}]},{"@type":"WebPage","@id":"https:\/\/www.valerie-philippin.com\/site\/la-voix-soliste-contemporaine\/","url":"https:\/\/www.valerie-philippin.com\/site\/la-voix-soliste-contemporaine\/","name":"La voix soliste CONTEMPORAINE &#8226; Val\u00e9rie Philippin \/ Cie Territoires de la voix","isPartOf":{"@id":"https:\/\/www.valerie-philippin.com\/site\/#website"},"primaryImageOfPage":{"@id":"https:\/\/www.valerie-philippin.com\/site\/la-voix-soliste-contemporaine\/#primaryimage"},"image":{"@id":"https:\/\/www.valerie-philippin.com\/site\/la-voix-soliste-contemporaine\/#primaryimage"},"thumbnailUrl":"https:\/\/www.valerie-philippin.com\/site\/wp-content\/uploads\/2020\/05\/La-voix-soliste-contemporaine.jpg","datePublished":"2020-05-29T12:30:43+00:00","dateModified":"2025-09-20T12:55:33+00:00","breadcrumb":{"@id":"https:\/\/www.valerie-philippin.com\/site\/la-voix-soliste-contemporaine\/#breadcrumb"},"inLanguage":"fr-FR","potentialAction":[{"@type":"ReadAction","target":["https:\/\/www.valerie-philippin.com\/site\/la-voix-soliste-contemporaine\/"]}]},{"@type":"ImageObject","inLanguage":"fr-FR","@id":"https:\/\/www.valerie-philippin.com\/site\/la-voix-soliste-contemporaine\/#primaryimage","url":"https:\/\/www.valerie-philippin.com\/site\/wp-content\/uploads\/2020\/05\/La-voix-soliste-contemporaine.jpg","contentUrl":"https:\/\/www.valerie-philippin.com\/site\/wp-content\/uploads\/2020\/05\/La-voix-soliste-contemporaine.jpg","width":1024,"height":1448},{"@type":"BreadcrumbList","@id":"https:\/\/www.valerie-philippin.com\/site\/la-voix-soliste-contemporaine\/#breadcrumb","itemListElement":[{"@type":"ListItem","position":1,"name":"Accueil","item":"https:\/\/www.valerie-philippin.com\/site\/"},{"@type":"ListItem","position":2,"name":"La voix soliste CONTEMPORAINE"}]},{"@type":"WebSite","@id":"https:\/\/www.valerie-philippin.com\/site\/#website","url":"https:\/\/www.valerie-philippin.com\/site\/","name":"Val\u00e9rie Philippin \/ Cie Territoires de la voix","description":"FaBLab de cr\u00e9ation vocale contemporaine","publisher":{"@id":"https:\/\/www.valerie-philippin.com\/site\/#organization"},"potentialAction":[{"@type":"SearchAction","target":{"@type":"EntryPoint","urlTemplate":"https:\/\/www.valerie-philippin.com\/site\/?s={search_term_string}"},"query-input":{"@type":"PropertyValueSpecification","valueRequired":true,"valueName":"search_term_string"}}],"inLanguage":"fr-FR"},{"@type":"Organization","@id":"https:\/\/www.valerie-philippin.com\/site\/#organization","name":"Territoires de la voix","url":"https:\/\/www.valerie-philippin.com\/site\/","logo":{"@type":"ImageObject","inLanguage":"fr-FR","@id":"https:\/\/www.valerie-philippin.com\/site\/#\/schema\/logo\/image\/","url":"http:\/\/www.valerie-philippin.com\/site\/wp-content\/uploads\/2020\/06\/logoterritoiresdelavoix.png","contentUrl":"http:\/\/www.valerie-philippin.com\/site\/wp-content\/uploads\/2020\/06\/logoterritoiresdelavoix.png","width":500,"height":537,"caption":"Territoires de la voix"},"image":{"@id":"https:\/\/www.valerie-philippin.com\/site\/#\/schema\/logo\/image\/"}},{"@type":"Person","@id":"https:\/\/www.valerie-philippin.com\/site\/#\/schema\/person\/265f7bed37ab552ea1dae48334edaa9d","name":"SissiSurlepalier","description":"websister freelance","sameAs":["http:\/\/www.surlepalier.com"]}]}},"_links":{"self":[{"href":"https:\/\/www.valerie-philippin.com\/site\/wp-json\/wp\/v2\/posts\/2921","targetHints":{"allow":["GET"]}}],"collection":[{"href":"https:\/\/www.valerie-philippin.com\/site\/wp-json\/wp\/v2\/posts"}],"about":[{"href":"https:\/\/www.valerie-philippin.com\/site\/wp-json\/wp\/v2\/types\/post"}],"author":[{"embeddable":true,"href":"https:\/\/www.valerie-philippin.com\/site\/wp-json\/wp\/v2\/users\/1"}],"replies":[{"embeddable":true,"href":"https:\/\/www.valerie-philippin.com\/site\/wp-json\/wp\/v2\/comments?post=2921"}],"version-history":[{"count":12,"href":"https:\/\/www.valerie-philippin.com\/site\/wp-json\/wp\/v2\/posts\/2921\/revisions"}],"predecessor-version":[{"id":6336,"href":"https:\/\/www.valerie-philippin.com\/site\/wp-json\/wp\/v2\/posts\/2921\/revisions\/6336"}],"wp:featuredmedia":[{"embeddable":true,"href":"https:\/\/www.valerie-philippin.com\/site\/wp-json\/wp\/v2\/media\/2350"}],"wp:attachment":[{"href":"https:\/\/www.valerie-philippin.com\/site\/wp-json\/wp\/v2\/media?parent=2921"}],"wp:term":[{"taxonomy":"category","embeddable":true,"href":"https:\/\/www.valerie-philippin.com\/site\/wp-json\/wp\/v2\/categories?post=2921"},{"taxonomy":"post_tag","embeddable":true,"href":"https:\/\/www.valerie-philippin.com\/site\/wp-json\/wp\/v2\/tags?post=2921"}],"curies":[{"name":"wp","href":"https:\/\/api.w.org\/{rel}","templated":true}]}}