{"id":2307,"date":"2020-08-31T16:40:41","date_gmt":"2020-08-31T14:40:41","guid":{"rendered":"http:\/\/www.valerie-philippin.com\/valwp\/?p=2307"},"modified":"2025-09-08T18:25:32","modified_gmt":"2025-09-08T16:25:32","slug":"du-son-au-mot","status":"publish","type":"post","link":"https:\/\/www.valerie-philippin.com\/site\/du-son-au-mot\/","title":{"rendered":"Du son au mot"},"content":{"rendered":"\n<div class=\"wp-block-columns is-layout-flex wp-container-core-columns-is-layout-9d6595d7 wp-block-columns-is-layout-flex\">\n<div class=\"wp-block-column is-layout-flow wp-block-column-is-layout-flow\">\n<p><strong><em>Prochaine session \u00e0 venir en ao\u00fbt 202<\/em><\/strong><em><strong>6<\/strong><\/em><br><br><strong><em>Stage co-organis\u00e9<\/em><\/strong> par les compagnies D&rsquo;un Instant \u00e0 l&rsquo;autre et Territoires de la Voix<\/p>\n\n\n\n<p><em><strong>\u00c0 propos<\/strong><\/em><br>Stage de formation professionnelle \u00e0 l&rsquo;improvisation et \u00e0 la cr\u00e9ation vocale anim\u00e9 par Christine Bertocchi, Val\u00e9rie Philippin et Claudia Solal.<br><br><strong><em>Quand<\/em><\/strong><br>5 jours par an<\/p>\n\n\n\n<p><strong><em>Contenu<\/em><\/strong><br>Les trois intervenantes partagent leurs d\u00e9marches sp\u00e9cifiques autour de la naissance du mot, de l\u2019\u00e9laboration du langage et de l\u2019exploration \u00e9tendue de la voix avec ou sans support textuel. Po\u00e9sie sonore et th\u00e9\u00e2tre musical,&nbsp;travail sur les textures vocales et composition instantan\u00e9e, langage imaginaire et fabrication de formes chant\u00e9es, c\u2019est un vaste terrain de jeux que chacune nourrit par des propositions&nbsp;improvis\u00e9es&nbsp;ou&nbsp;des balades&nbsp;exploratoires&nbsp;parmi des supports existants (textes, pi\u00e8ces vocales, \u2026). L\u2019\u00e9coute collective, la relation au corps et \u00e0 l\u2019espace, la conscience rythmique, ainsi que l\u2019imaginaire de chaque stagiaire seront mis en jeu \u00e0 travers des propositions vari\u00e9es, d\u00e9velopp\u00e9es par les intervenantes \u00e0 tour de r\u00f4le.<\/p>\n\n\n\n<p><em><strong>Public concern\u00e9<\/strong><\/em><br>Chanteurs de tout style musical, musiciens-intervenants, p\u00e9dagogues de la musique, chefs de&nbsp;ch\u0153ur, com\u00e9diens, orateurs.<\/p>\n\n\n\n<p><em><strong>Financement et prise en charge<\/strong><\/em><br>Les formations peuvent \u00eatre prises en charge par votre OPCO (AFDAS, UNIFORMATION, FONGECIF&#8230;) ou par votre employeur, dans le cadre de vos droits \u00e0 la formation continue.<\/p>\n\n\n\n<p><strong><em>Renseignements<\/em><\/strong><br>accueil@uninstantalautre.com<br>06 25 11 20 29<\/p>\n\n\n\n<p><em><strong>Pr\u00e9c\u00e9dentes \u00e9ditions<\/strong><\/em><br>2019, 2020 et 2021 \u00e0 Quincerot en C\u00f4te d&rsquo;Or<br>2022, 2023 et 2024 au Conservatoire \u00e0 Rayonnement R\u00e9gional de Bordeaux<br>2025 au TNBA-Th\u00e9\u00e2tre National de Bordeaux<br><\/p>\n\n\n\n<p><br><br><\/p>\n<\/div>\n\n\n\n<div class=\"wp-block-column is-layout-flow wp-block-column-is-layout-flow\">\n<figure class=\"wp-block-image size-large\"><img loading=\"lazy\" decoding=\"async\" width=\"1024\" height=\"683\" src=\"http:\/\/www.valerie-philippin.com\/site\/wp-content\/uploads\/IMG_0505-1024x683.jpg\" alt=\"\" class=\"wp-image-6257\" srcset=\"https:\/\/www.valerie-philippin.com\/site\/wp-content\/uploads\/IMG_0505-1024x683.jpg 1024w, https:\/\/www.valerie-philippin.com\/site\/wp-content\/uploads\/IMG_0505-500x333.jpg 500w, https:\/\/www.valerie-philippin.com\/site\/wp-content\/uploads\/IMG_0505-768x512.jpg 768w, https:\/\/www.valerie-philippin.com\/site\/wp-content\/uploads\/IMG_0505-1536x1024.jpg 1536w, https:\/\/www.valerie-philippin.com\/site\/wp-content\/uploads\/IMG_0505-2048x1365.jpg 2048w\" sizes=\"auto, (max-width: 1024px) 100vw, 1024px\" \/><\/figure>\n\n\n\n<p class=\"has-small-font-size\">Au TNBA-Th\u00e9\u00e2tre National Bordeaux Aquitaine en 2025<\/p>\n\n\n\n<figure class=\"wp-block-image size-full is-style-default\"><img loading=\"lazy\" decoding=\"async\" width=\"320\" height=\"180\" src=\"https:\/\/www.valerie-philippin.com\/site\/wp-content\/uploads\/DSC00127.jpeg\" alt=\"\" class=\"wp-image-5454\"\/><\/figure>\n\n\n\n<figure class=\"wp-block-image size-full is-style-default\"><img loading=\"lazy\" decoding=\"async\" width=\"320\" height=\"180\" src=\"https:\/\/www.valerie-philippin.com\/site\/wp-content\/uploads\/DSC00246.jpeg\" alt=\"\" class=\"wp-image-5460\"\/><\/figure>\n<\/div>\n\n\n\n<div class=\"wp-block-column is-layout-flow wp-block-column-is-layout-flow\">\n<figure class=\"wp-block-image size-large is-resized\"><img loading=\"lazy\" decoding=\"async\" width=\"511\" height=\"619\" src=\"http:\/\/valerie-philippin.com\/site\/wp-content\/uploads\/2020\/05\/Du-son-au-mot-actualit\u00e9-co-Fabien-Buring.jpg\" alt=\"\" class=\"wp-image-2308\" style=\"width:234px;height:auto\" srcset=\"https:\/\/www.valerie-philippin.com\/site\/wp-content\/uploads\/2020\/05\/Du-son-au-mot-actualit\u00e9-co-Fabien-Buring.jpg 511w, https:\/\/www.valerie-philippin.com\/site\/wp-content\/uploads\/2020\/05\/Du-son-au-mot-actualit\u00e9-co-Fabien-Buring-248x300.jpg 248w\" sizes=\"auto, (max-width: 511px) 100vw, 511px\" \/><figcaption class=\"wp-element-caption\">\u00c0 Quincerot en C\u00f4te d&rsquo;Or en 2019<br>\u00a9 Fabien Buring<\/figcaption><\/figure>\n\n\n\n<figure class=\"wp-block-image size-full is-resized is-style-default\"><img loading=\"lazy\" decoding=\"async\" width=\"320\" height=\"180\" src=\"https:\/\/www.valerie-philippin.com\/site\/wp-content\/uploads\/DSC00218.jpeg\" alt=\"\" class=\"wp-image-5459\" style=\"width:283px;height:auto\"\/><\/figure>\n\n\n\n<p class=\"has-small-font-size\">Dans les studios de danse du CRR de Bordeaux en 2023<\/p>\n<\/div>\n<\/div>\n","protected":false},"excerpt":{"rendered":"<p>Formation \u00e0 l&rsquo;improvisation<br \/>\npour artistes et enseignant.e.s<br \/>\nprochaine session ao\u00fbt 2026 &#8211; Lieu \u00e0 venir<\/p>\n","protected":false},"author":1,"featured_media":2168,"comment_status":"closed","ping_status":"closed","sticky":false,"template":"","format":"standard","meta":{"footnotes":""},"categories":[17,16],"tags":[],"class_list":["post-2307","post","type-post","status-publish","format-standard","has-post-thumbnail","hentry","category-actualite-formation-professionnelle","category-formation-professionnelle"],"yoast_head":"<!-- This site is optimized with the Yoast SEO plugin v27.5 - https:\/\/yoast.com\/product\/yoast-seo-wordpress\/ -->\n<title>Du son au mot &#8226; Val\u00e9rie Philippin \/ Cie Territoires de la voix<\/title>\n<meta name=\"robots\" content=\"noindex, follow\" \/>\n<meta property=\"og:locale\" content=\"fr_FR\" \/>\n<meta property=\"og:type\" content=\"article\" \/>\n<meta property=\"og:title\" content=\"Du son au mot &#8226; Val\u00e9rie Philippin \/ Cie Territoires de la voix\" \/>\n<meta property=\"og:description\" content=\"Formation \u00e0 l&#039;improvisation pour artistes et enseignant.e.s prochaine session ao\u00fbt 2026 - Lieu \u00e0 venir\" \/>\n<meta property=\"og:url\" content=\"https:\/\/www.valerie-philippin.com\/site\/du-son-au-mot\/\" \/>\n<meta property=\"og:site_name\" content=\"Val\u00e9rie Philippin \/ Cie Territoires de la voix\" \/>\n<meta property=\"article:published_time\" content=\"2020-08-31T14:40:41+00:00\" \/>\n<meta property=\"article:modified_time\" content=\"2025-09-08T16:25:32+00:00\" \/>\n<meta property=\"og:image\" content=\"http:\/\/www.valerie-philippin.com\/site\/wp-content\/uploads\/2020\/05\/dusonaumotinventaire.jpg\" \/>\n\t<meta property=\"og:image:width\" content=\"1024\" \/>\n\t<meta property=\"og:image:height\" content=\"576\" \/>\n\t<meta property=\"og:image:type\" content=\"image\/jpeg\" \/>\n<meta name=\"author\" content=\"SissiSurlepalier\" \/>\n<meta name=\"twitter:card\" content=\"summary_large_image\" \/>\n<meta name=\"twitter:label1\" content=\"\u00c9crit par\" \/>\n\t<meta name=\"twitter:data1\" content=\"SissiSurlepalier\" \/>\n\t<meta name=\"twitter:label2\" content=\"Dur\u00e9e de lecture estim\u00e9e\" \/>\n\t<meta name=\"twitter:data2\" content=\"3 minutes\" \/>\n<script type=\"application\/ld+json\" class=\"yoast-schema-graph\">{\"@context\":\"https:\\\/\\\/schema.org\",\"@graph\":[{\"@type\":\"Article\",\"@id\":\"https:\\\/\\\/www.valerie-philippin.com\\\/site\\\/du-son-au-mot\\\/#article\",\"isPartOf\":{\"@id\":\"https:\\\/\\\/www.valerie-philippin.com\\\/site\\\/du-son-au-mot\\\/\"},\"author\":{\"name\":\"SissiSurlepalier\",\"@id\":\"https:\\\/\\\/www.valerie-philippin.com\\\/site\\\/#\\\/schema\\\/person\\\/265f7bed37ab552ea1dae48334edaa9d\"},\"headline\":\"Du son au mot\",\"datePublished\":\"2020-08-31T14:40:41+00:00\",\"dateModified\":\"2025-09-08T16:25:32+00:00\",\"mainEntityOfPage\":{\"@id\":\"https:\\\/\\\/www.valerie-philippin.com\\\/site\\\/du-son-au-mot\\\/\"},\"wordCount\":288,\"publisher\":{\"@id\":\"https:\\\/\\\/www.valerie-philippin.com\\\/site\\\/#organization\"},\"image\":{\"@id\":\"https:\\\/\\\/www.valerie-philippin.com\\\/site\\\/du-son-au-mot\\\/#primaryimage\"},\"thumbnailUrl\":\"https:\\\/\\\/www.valerie-philippin.com\\\/site\\\/wp-content\\\/uploads\\\/2020\\\/05\\\/dusonaumotinventaire.jpg\",\"articleSection\":[\"Actualit\u00e9\",\"FabLab \\\/ Formation professionnelle\"],\"inLanguage\":\"fr-FR\"},{\"@type\":\"WebPage\",\"@id\":\"https:\\\/\\\/www.valerie-philippin.com\\\/site\\\/du-son-au-mot\\\/\",\"url\":\"https:\\\/\\\/www.valerie-philippin.com\\\/site\\\/du-son-au-mot\\\/\",\"name\":\"Du son au mot &#8226; Val\u00e9rie Philippin \\\/ Cie Territoires de la voix\",\"isPartOf\":{\"@id\":\"https:\\\/\\\/www.valerie-philippin.com\\\/site\\\/#website\"},\"primaryImageOfPage\":{\"@id\":\"https:\\\/\\\/www.valerie-philippin.com\\\/site\\\/du-son-au-mot\\\/#primaryimage\"},\"image\":{\"@id\":\"https:\\\/\\\/www.valerie-philippin.com\\\/site\\\/du-son-au-mot\\\/#primaryimage\"},\"thumbnailUrl\":\"https:\\\/\\\/www.valerie-philippin.com\\\/site\\\/wp-content\\\/uploads\\\/2020\\\/05\\\/dusonaumotinventaire.jpg\",\"datePublished\":\"2020-08-31T14:40:41+00:00\",\"dateModified\":\"2025-09-08T16:25:32+00:00\",\"breadcrumb\":{\"@id\":\"https:\\\/\\\/www.valerie-philippin.com\\\/site\\\/du-son-au-mot\\\/#breadcrumb\"},\"inLanguage\":\"fr-FR\",\"potentialAction\":[{\"@type\":\"ReadAction\",\"target\":[\"https:\\\/\\\/www.valerie-philippin.com\\\/site\\\/du-son-au-mot\\\/\"]}]},{\"@type\":\"ImageObject\",\"inLanguage\":\"fr-FR\",\"@id\":\"https:\\\/\\\/www.valerie-philippin.com\\\/site\\\/du-son-au-mot\\\/#primaryimage\",\"url\":\"https:\\\/\\\/www.valerie-philippin.com\\\/site\\\/wp-content\\\/uploads\\\/2020\\\/05\\\/dusonaumotinventaire.jpg\",\"contentUrl\":\"https:\\\/\\\/www.valerie-philippin.com\\\/site\\\/wp-content\\\/uploads\\\/2020\\\/05\\\/dusonaumotinventaire.jpg\",\"width\":1024,\"height\":576},{\"@type\":\"BreadcrumbList\",\"@id\":\"https:\\\/\\\/www.valerie-philippin.com\\\/site\\\/du-son-au-mot\\\/#breadcrumb\",\"itemListElement\":[{\"@type\":\"ListItem\",\"position\":1,\"name\":\"Accueil\",\"item\":\"https:\\\/\\\/www.valerie-philippin.com\\\/site\\\/\"},{\"@type\":\"ListItem\",\"position\":2,\"name\":\"Du son au mot\"}]},{\"@type\":\"WebSite\",\"@id\":\"https:\\\/\\\/www.valerie-philippin.com\\\/site\\\/#website\",\"url\":\"https:\\\/\\\/www.valerie-philippin.com\\\/site\\\/\",\"name\":\"Val\u00e9rie Philippin \\\/ Cie Territoires de la voix\",\"description\":\"FaBLab de cr\u00e9ation vocale contemporaine\",\"publisher\":{\"@id\":\"https:\\\/\\\/www.valerie-philippin.com\\\/site\\\/#organization\"},\"potentialAction\":[{\"@type\":\"SearchAction\",\"target\":{\"@type\":\"EntryPoint\",\"urlTemplate\":\"https:\\\/\\\/www.valerie-philippin.com\\\/site\\\/?s={search_term_string}\"},\"query-input\":{\"@type\":\"PropertyValueSpecification\",\"valueRequired\":true,\"valueName\":\"search_term_string\"}}],\"inLanguage\":\"fr-FR\"},{\"@type\":\"Organization\",\"@id\":\"https:\\\/\\\/www.valerie-philippin.com\\\/site\\\/#organization\",\"name\":\"Territoires de la voix\",\"url\":\"https:\\\/\\\/www.valerie-philippin.com\\\/site\\\/\",\"logo\":{\"@type\":\"ImageObject\",\"inLanguage\":\"fr-FR\",\"@id\":\"https:\\\/\\\/www.valerie-philippin.com\\\/site\\\/#\\\/schema\\\/logo\\\/image\\\/\",\"url\":\"http:\\\/\\\/www.valerie-philippin.com\\\/site\\\/wp-content\\\/uploads\\\/2020\\\/06\\\/logoterritoiresdelavoix.png\",\"contentUrl\":\"http:\\\/\\\/www.valerie-philippin.com\\\/site\\\/wp-content\\\/uploads\\\/2020\\\/06\\\/logoterritoiresdelavoix.png\",\"width\":500,\"height\":537,\"caption\":\"Territoires de la voix\"},\"image\":{\"@id\":\"https:\\\/\\\/www.valerie-philippin.com\\\/site\\\/#\\\/schema\\\/logo\\\/image\\\/\"}},{\"@type\":\"Person\",\"@id\":\"https:\\\/\\\/www.valerie-philippin.com\\\/site\\\/#\\\/schema\\\/person\\\/265f7bed37ab552ea1dae48334edaa9d\",\"name\":\"SissiSurlepalier\",\"description\":\"websister freelance\",\"sameAs\":[\"http:\\\/\\\/www.surlepalier.com\"]}]}<\/script>\n<!-- \/ Yoast SEO plugin. -->","yoast_head_json":{"title":"Du son au mot &#8226; Val\u00e9rie Philippin \/ Cie Territoires de la voix","robots":{"index":"noindex","follow":"follow"},"og_locale":"fr_FR","og_type":"article","og_title":"Du son au mot &#8226; Val\u00e9rie Philippin \/ Cie Territoires de la voix","og_description":"Formation \u00e0 l'improvisation pour artistes et enseignant.e.s prochaine session ao\u00fbt 2026 - Lieu \u00e0 venir","og_url":"https:\/\/www.valerie-philippin.com\/site\/du-son-au-mot\/","og_site_name":"Val\u00e9rie Philippin \/ Cie Territoires de la voix","article_published_time":"2020-08-31T14:40:41+00:00","article_modified_time":"2025-09-08T16:25:32+00:00","og_image":[{"width":1024,"height":576,"url":"http:\/\/www.valerie-philippin.com\/site\/wp-content\/uploads\/2020\/05\/dusonaumotinventaire.jpg","type":"image\/jpeg"}],"author":"SissiSurlepalier","twitter_card":"summary_large_image","twitter_misc":{"\u00c9crit par":"SissiSurlepalier","Dur\u00e9e de lecture estim\u00e9e":"3 minutes"},"schema":{"@context":"https:\/\/schema.org","@graph":[{"@type":"Article","@id":"https:\/\/www.valerie-philippin.com\/site\/du-son-au-mot\/#article","isPartOf":{"@id":"https:\/\/www.valerie-philippin.com\/site\/du-son-au-mot\/"},"author":{"name":"SissiSurlepalier","@id":"https:\/\/www.valerie-philippin.com\/site\/#\/schema\/person\/265f7bed37ab552ea1dae48334edaa9d"},"headline":"Du son au mot","datePublished":"2020-08-31T14:40:41+00:00","dateModified":"2025-09-08T16:25:32+00:00","mainEntityOfPage":{"@id":"https:\/\/www.valerie-philippin.com\/site\/du-son-au-mot\/"},"wordCount":288,"publisher":{"@id":"https:\/\/www.valerie-philippin.com\/site\/#organization"},"image":{"@id":"https:\/\/www.valerie-philippin.com\/site\/du-son-au-mot\/#primaryimage"},"thumbnailUrl":"https:\/\/www.valerie-philippin.com\/site\/wp-content\/uploads\/2020\/05\/dusonaumotinventaire.jpg","articleSection":["Actualit\u00e9","FabLab \/ Formation professionnelle"],"inLanguage":"fr-FR"},{"@type":"WebPage","@id":"https:\/\/www.valerie-philippin.com\/site\/du-son-au-mot\/","url":"https:\/\/www.valerie-philippin.com\/site\/du-son-au-mot\/","name":"Du son au mot &#8226; Val\u00e9rie Philippin \/ Cie Territoires de la voix","isPartOf":{"@id":"https:\/\/www.valerie-philippin.com\/site\/#website"},"primaryImageOfPage":{"@id":"https:\/\/www.valerie-philippin.com\/site\/du-son-au-mot\/#primaryimage"},"image":{"@id":"https:\/\/www.valerie-philippin.com\/site\/du-son-au-mot\/#primaryimage"},"thumbnailUrl":"https:\/\/www.valerie-philippin.com\/site\/wp-content\/uploads\/2020\/05\/dusonaumotinventaire.jpg","datePublished":"2020-08-31T14:40:41+00:00","dateModified":"2025-09-08T16:25:32+00:00","breadcrumb":{"@id":"https:\/\/www.valerie-philippin.com\/site\/du-son-au-mot\/#breadcrumb"},"inLanguage":"fr-FR","potentialAction":[{"@type":"ReadAction","target":["https:\/\/www.valerie-philippin.com\/site\/du-son-au-mot\/"]}]},{"@type":"ImageObject","inLanguage":"fr-FR","@id":"https:\/\/www.valerie-philippin.com\/site\/du-son-au-mot\/#primaryimage","url":"https:\/\/www.valerie-philippin.com\/site\/wp-content\/uploads\/2020\/05\/dusonaumotinventaire.jpg","contentUrl":"https:\/\/www.valerie-philippin.com\/site\/wp-content\/uploads\/2020\/05\/dusonaumotinventaire.jpg","width":1024,"height":576},{"@type":"BreadcrumbList","@id":"https:\/\/www.valerie-philippin.com\/site\/du-son-au-mot\/#breadcrumb","itemListElement":[{"@type":"ListItem","position":1,"name":"Accueil","item":"https:\/\/www.valerie-philippin.com\/site\/"},{"@type":"ListItem","position":2,"name":"Du son au mot"}]},{"@type":"WebSite","@id":"https:\/\/www.valerie-philippin.com\/site\/#website","url":"https:\/\/www.valerie-philippin.com\/site\/","name":"Val\u00e9rie Philippin \/ Cie Territoires de la voix","description":"FaBLab de cr\u00e9ation vocale contemporaine","publisher":{"@id":"https:\/\/www.valerie-philippin.com\/site\/#organization"},"potentialAction":[{"@type":"SearchAction","target":{"@type":"EntryPoint","urlTemplate":"https:\/\/www.valerie-philippin.com\/site\/?s={search_term_string}"},"query-input":{"@type":"PropertyValueSpecification","valueRequired":true,"valueName":"search_term_string"}}],"inLanguage":"fr-FR"},{"@type":"Organization","@id":"https:\/\/www.valerie-philippin.com\/site\/#organization","name":"Territoires de la voix","url":"https:\/\/www.valerie-philippin.com\/site\/","logo":{"@type":"ImageObject","inLanguage":"fr-FR","@id":"https:\/\/www.valerie-philippin.com\/site\/#\/schema\/logo\/image\/","url":"http:\/\/www.valerie-philippin.com\/site\/wp-content\/uploads\/2020\/06\/logoterritoiresdelavoix.png","contentUrl":"http:\/\/www.valerie-philippin.com\/site\/wp-content\/uploads\/2020\/06\/logoterritoiresdelavoix.png","width":500,"height":537,"caption":"Territoires de la voix"},"image":{"@id":"https:\/\/www.valerie-philippin.com\/site\/#\/schema\/logo\/image\/"}},{"@type":"Person","@id":"https:\/\/www.valerie-philippin.com\/site\/#\/schema\/person\/265f7bed37ab552ea1dae48334edaa9d","name":"SissiSurlepalier","description":"websister freelance","sameAs":["http:\/\/www.surlepalier.com"]}]}},"_links":{"self":[{"href":"https:\/\/www.valerie-philippin.com\/site\/wp-json\/wp\/v2\/posts\/2307","targetHints":{"allow":["GET"]}}],"collection":[{"href":"https:\/\/www.valerie-philippin.com\/site\/wp-json\/wp\/v2\/posts"}],"about":[{"href":"https:\/\/www.valerie-philippin.com\/site\/wp-json\/wp\/v2\/types\/post"}],"author":[{"embeddable":true,"href":"https:\/\/www.valerie-philippin.com\/site\/wp-json\/wp\/v2\/users\/1"}],"replies":[{"embeddable":true,"href":"https:\/\/www.valerie-philippin.com\/site\/wp-json\/wp\/v2\/comments?post=2307"}],"version-history":[{"count":55,"href":"https:\/\/www.valerie-philippin.com\/site\/wp-json\/wp\/v2\/posts\/2307\/revisions"}],"predecessor-version":[{"id":6305,"href":"https:\/\/www.valerie-philippin.com\/site\/wp-json\/wp\/v2\/posts\/2307\/revisions\/6305"}],"wp:featuredmedia":[{"embeddable":true,"href":"https:\/\/www.valerie-philippin.com\/site\/wp-json\/wp\/v2\/media\/2168"}],"wp:attachment":[{"href":"https:\/\/www.valerie-philippin.com\/site\/wp-json\/wp\/v2\/media?parent=2307"}],"wp:term":[{"taxonomy":"category","embeddable":true,"href":"https:\/\/www.valerie-philippin.com\/site\/wp-json\/wp\/v2\/categories?post=2307"},{"taxonomy":"post_tag","embeddable":true,"href":"https:\/\/www.valerie-philippin.com\/site\/wp-json\/wp\/v2\/tags?post=2307"}],"curies":[{"name":"wp","href":"https:\/\/api.w.org\/{rel}","templated":true}]}}