{"id":2282,"date":"2024-02-07T20:12:00","date_gmt":"2024-02-07T19:12:00","guid":{"rendered":"http:\/\/www.valerie-philippin.com\/valwp\/?p=2282"},"modified":"2024-09-12T14:40:18","modified_gmt":"2024-09-12T12:40:18","slug":"qui-voix-la","status":"publish","type":"post","link":"https:\/\/www.valerie-philippin.com\/site\/qui-voix-la\/","title":{"rendered":"Qui.voix.l\u00c0"},"content":{"rendered":"\n<div class=\"wp-block-columns is-layout-flex wp-container-core-columns-is-layout-9d6595d7 wp-block-columns-is-layout-flex\">\n<div class=\"wp-block-column is-layout-flow wp-block-column-is-layout-flow\" style=\"flex-basis:100%\">\n<div class=\"wp-block-columns is-layout-flex wp-container-core-columns-is-layout-9d6595d7 wp-block-columns-is-layout-flex\">\n<div class=\"wp-block-column is-layout-flow wp-block-column-is-layout-flow\">\n<h4 class=\"wp-block-heading has-text-align-left has-cyan-bluish-gray-color has-text-color\"><em>GROUPE VOCAL &#8211; Cr\u00e9ation <\/em><\/h4>\n\n\n\n<p><em><strong>\u00c0 propos<\/strong><\/em><\/p>\n\n\n\n<p>Val\u00e9rie Philippin propose de partager son exp\u00e9rience de la voix et de la sc\u00e8ne contemporaine avec un ensemble de chanteurs de tous niveaux et de tous \u00e2ges, amateurs et professionnels, en famille et entre amis, autour de compositions originales et de r\u00e9pertoires divers privil\u00e9giant l\u2019oralit\u00e9, l\u2019invention et l\u2019improvisation. L\u2019atelier permet d\u2019explorer la voix de fa\u00e7on conviviale, \u00e0 la fois ludique et exigeante, de d\u00e9velopper l\u2019expression vocale chant\u00e9e et parl\u00e9e, l\u2019improvisation, l\u2019\u00e9coute et la m\u00e9moire, l\u2019\u00e9criture et la composition. La pluralit\u00e9 des niveaux et des exp\u00e9riences permet une progression rapide, les plus avanc\u00e9s partageant leur exp\u00e9rience avec les d\u00e9butants. L\u2019atelier donne des restitutions publiques et participe \u00e0 des projets professionnels men\u00e9s par la Cie Territoires de la Voix et \u00e0 des rencontres avec d\u2019autres ateliers de la compagnie.<\/p>\n\n\n\n<p><em><strong>Public concern\u00e9<\/strong><\/em><br>Chanteur.euse.s amateurices de tous \u00e2ges et professionnel.le.s<\/p>\n\n\n\n<p><em><strong>Fr\u00e9quence<\/strong><\/em><br>&#8211; Pour toutes et tous, une s\u00e9ance de 14h30 \u00e0 18h avec une pause-go\u00fbter partag\u00e9<br>&#8211; Pour celles et ceux qui le souhaitent, une s\u00e9ance compl\u00e9mentaire de technique vocale et \u00ab&nbsp;1 par voix&nbsp;\u00bb de 11h \u00e0 13h<\/p>\n\n\n\n<p><strong><em>Calendrier 202<\/em>3-2<\/strong>4<br> 22 octobre \/ 19 novembre \/ 17 d\u00e9cembre \/ 21 janvier \/ 11 f\u00e9vrier \/ 17 mars \/ 7 avril \/ 26 mai \/ 8-9 juin. Restitution publique au Garage moderne dans le cadre du Festival <em>Montrez la Voix !<\/em> 2024<\/p>\n\n\n\n<p><em><strong>Lieu<\/strong><\/em><br>Garage Moderne &#8211; Quartier Bordeaux-Maritime<br>D&rsquo;autres lieux de la ville de Bordeaux peuvent occasionnellement nous accueillir.<\/p>\n\n\n\n<p><strong><em>Tarif<\/em>s<\/strong><br>S\u00e9ance pour tous&nbsp;:  25 \u20ac adultes, 10 \u20ac moins de 18 ans<br>S\u00e9ance compl\u00e9mentaire&nbsp; : 15 \u20ac<br>Adh\u00e9sion annuelle \u00e0 Territoires de la Voix&nbsp;: 10 \u20ac<\/p>\n<\/div>\n\n\n\n<div class=\"wp-block-column is-layout-flow wp-block-column-is-layout-flow\">\n<figure class=\"wp-block-image size-large is-style-default\"><img loading=\"lazy\" decoding=\"async\" width=\"724\" height=\"1024\" src=\"http:\/\/www.valerie-philippin.com\/site\/wp-content\/uploads\/QVL-2023-24-tract-1-1-pdf-724x1024.jpg\" alt=\"\" class=\"wp-image-4264\"\/><\/figure>\n\n\n\n<figure class=\"wp-block-image size-large is-style-default\"><img loading=\"lazy\" decoding=\"async\" width=\"1024\" height=\"576\" src=\"http:\/\/www.valerie-philippin.com\/site\/wp-content\/uploads\/C0558T01-1024x576.jpg\" alt=\"\" class=\"wp-image-4417\" srcset=\"https:\/\/www.valerie-philippin.com\/site\/wp-content\/uploads\/C0558T01-1024x576.jpg 1024w, https:\/\/www.valerie-philippin.com\/site\/wp-content\/uploads\/C0558T01-500x281.jpg 500w, https:\/\/www.valerie-philippin.com\/site\/wp-content\/uploads\/C0558T01-768x432.jpg 768w, https:\/\/www.valerie-philippin.com\/site\/wp-content\/uploads\/C0558T01.jpg 1280w\" sizes=\"auto, (max-width: 1024px) 100vw, 1024px\" \/><\/figure>\n\n\n\n<figure class=\"wp-block-image size-large is-style-default\"><img loading=\"lazy\" decoding=\"async\" width=\"1024\" height=\"576\" src=\"http:\/\/www.valerie-philippin.com\/site\/wp-content\/uploads\/DSC00716-1024x576.jpg\" alt=\"\" class=\"wp-image-4421\" srcset=\"https:\/\/www.valerie-philippin.com\/site\/wp-content\/uploads\/DSC00716-1024x576.jpg 1024w, https:\/\/www.valerie-philippin.com\/site\/wp-content\/uploads\/DSC00716-500x281.jpg 500w, https:\/\/www.valerie-philippin.com\/site\/wp-content\/uploads\/DSC00716-768x432.jpg 768w, https:\/\/www.valerie-philippin.com\/site\/wp-content\/uploads\/DSC00716-1536x864.jpg 1536w, https:\/\/www.valerie-philippin.com\/site\/wp-content\/uploads\/DSC00716-2048x1152.jpg 2048w\" sizes=\"auto, (max-width: 1024px) 100vw, 1024px\" \/><figcaption class=\"wp-element-caption\">Au Garage Moderne<\/figcaption><\/figure>\n\n\n\n<figure class=\"wp-block-image size-large is-style-default\"><img loading=\"lazy\" decoding=\"async\" width=\"1024\" height=\"461\" src=\"http:\/\/www.valerie-philippin.com\/site\/wp-content\/uploads\/20231119_162747-1024x461.jpg\" alt=\"\" class=\"wp-image-4423\" srcset=\"https:\/\/www.valerie-philippin.com\/site\/wp-content\/uploads\/20231119_162747-1024x461.jpg 1024w, https:\/\/www.valerie-philippin.com\/site\/wp-content\/uploads\/20231119_162747-500x225.jpg 500w, https:\/\/www.valerie-philippin.com\/site\/wp-content\/uploads\/20231119_162747-768x346.jpg 768w, https:\/\/www.valerie-philippin.com\/site\/wp-content\/uploads\/20231119_162747-1536x691.jpg 1536w, https:\/\/www.valerie-philippin.com\/site\/wp-content\/uploads\/20231119_162747-2048x922.jpg 2048w\" sizes=\"auto, (max-width: 1024px) 100vw, 1024px\" \/><\/figure>\n<\/div>\n\n\n\n<div class=\"wp-block-column is-layout-flow wp-block-column-is-layout-flow\">\n<p><em><strong>R\u00e9alisations publ<\/strong><\/em><strong><em>iques<\/em><\/strong><\/p>\n\n\n\n<p>2023  et 2024 &#8211; Participation au festival \u00ab\u00a0Montrez la Voix\u00a0\u00bb au Garage Moderne<\/p>\n\n\n\n<p>2022 &#8211; Repr\u00e9sentation au Garage Moderne, partag\u00e9e avec l&rsquo;atelier Belles-Parleuses Beaux-Parleurs du DITEP d&rsquo;Eysines<\/p>\n\n\n\n<p>2021 &#8211; Participation au <em>Cabaret Voyageur<\/em> musiques traditionnelles, contemporaines, po\u00e9sie sonore et improvisations &#8211; Garage Moderne, Bordeaux<\/p>\n\n\n\n<p>2019 &#8211; Participation \u00e0 <em>Chic Botanique<\/em>, performance chant\u00e9e sur l\u2019intelligence des plantes, mise en sc\u00e8ne de Thierry Poquet (compagnie Eolie Songe &#8211; Lille) \u2013 Festival Facts au Forum des Arts et de la Culture de Talence<\/p>\n\n\n\n<p>2018 &#8211; Participation \u00e0 une performance du trio lyrique D\u00e9CLIC \u00e0 la libraire La Machine \u00e0 Musique &#8211; Bordeaux<\/p>\n\n\n\n<p>2017 \u2013 Participation \u00e0 une conf\u00e9rence chant\u00e9e de Val\u00e9rie Philippin avec les \u00e9tudiants en chant du Conservatoire de Bordeaux, soir\u00e9e \u00e0 la Villa 88 \u00e0 Bordeaux, programmation du Festival International de chant choral EUFONIA en partenariat avec la Compagnie musicale Eclats.<\/p>\n<\/div>\n<\/div>\n<\/div>\n<\/div>\n","protected":false},"excerpt":{"rendered":"<p>Atelier interg\u00e9n\u00e9rationnel de cr\u00e9ation vocale<br \/>\nMen\u00e9 par Val\u00e9rie Philippin<br \/>\nGarage Moderne &#8211; Bordeaux<br \/>\nde 2017 \u00e0 2024<\/p>\n","protected":false},"author":1,"featured_media":2057,"comment_status":"closed","ping_status":"closed","sticky":false,"template":"","format":"standard","meta":{"footnotes":""},"categories":[15,13],"tags":[],"class_list":["post-2282","post","type-post","status-publish","format-standard","has-post-thumbnail","hentry","category-inventaire","category-ateliers-pour-tous"],"yoast_head":"<!-- This site is optimized with the Yoast SEO plugin v27.5 - https:\/\/yoast.com\/product\/yoast-seo-wordpress\/ -->\n<title>Qui.voix.l\u00c0 &#8226; Val\u00e9rie Philippin \/ Cie Territoires de la voix<\/title>\n<meta name=\"robots\" content=\"noindex, follow\" \/>\n<meta property=\"og:locale\" content=\"fr_FR\" \/>\n<meta property=\"og:type\" content=\"article\" \/>\n<meta property=\"og:title\" content=\"Qui.voix.l\u00c0 &#8226; Val\u00e9rie Philippin \/ Cie Territoires de la voix\" \/>\n<meta property=\"og:description\" content=\"Atelier interg\u00e9n\u00e9rationnel de cr\u00e9ation vocale Men\u00e9 par Val\u00e9rie Philippin Garage Moderne - Bordeaux de 2017 \u00e0 2024\" \/>\n<meta property=\"og:url\" content=\"https:\/\/www.valerie-philippin.com\/site\/qui-voix-la\/\" \/>\n<meta property=\"og:site_name\" content=\"Val\u00e9rie Philippin \/ Cie Territoires de la voix\" \/>\n<meta property=\"article:published_time\" content=\"2024-02-07T19:12:00+00:00\" \/>\n<meta property=\"article:modified_time\" content=\"2024-09-12T12:40:18+00:00\" \/>\n<meta property=\"og:image\" content=\"http:\/\/www.valerie-philippin.com\/site\/wp-content\/uploads\/2020\/05\/quivoixla.jpg\" \/>\n\t<meta property=\"og:image:width\" content=\"578\" \/>\n\t<meta property=\"og:image:height\" content=\"341\" \/>\n\t<meta property=\"og:image:type\" content=\"image\/jpeg\" \/>\n<meta name=\"author\" content=\"SissiSurlepalier\" \/>\n<meta name=\"twitter:card\" content=\"summary_large_image\" \/>\n<meta name=\"twitter:label1\" content=\"\u00c9crit par\" \/>\n\t<meta name=\"twitter:data1\" content=\"SissiSurlepalier\" \/>\n\t<meta name=\"twitter:label2\" content=\"Dur\u00e9e de lecture estim\u00e9e\" \/>\n\t<meta name=\"twitter:data2\" content=\"4 minutes\" \/>\n<script type=\"application\/ld+json\" class=\"yoast-schema-graph\">{\"@context\":\"https:\\\/\\\/schema.org\",\"@graph\":[{\"@type\":\"Article\",\"@id\":\"https:\\\/\\\/www.valerie-philippin.com\\\/site\\\/qui-voix-la\\\/#article\",\"isPartOf\":{\"@id\":\"https:\\\/\\\/www.valerie-philippin.com\\\/site\\\/qui-voix-la\\\/\"},\"author\":{\"name\":\"SissiSurlepalier\",\"@id\":\"https:\\\/\\\/www.valerie-philippin.com\\\/site\\\/#\\\/schema\\\/person\\\/265f7bed37ab552ea1dae48334edaa9d\"},\"headline\":\"Qui.voix.l\u00c0\",\"datePublished\":\"2024-02-07T19:12:00+00:00\",\"dateModified\":\"2024-09-12T12:40:18+00:00\",\"mainEntityOfPage\":{\"@id\":\"https:\\\/\\\/www.valerie-philippin.com\\\/site\\\/qui-voix-la\\\/\"},\"wordCount\":423,\"publisher\":{\"@id\":\"https:\\\/\\\/www.valerie-philippin.com\\\/site\\\/#organization\"},\"image\":{\"@id\":\"https:\\\/\\\/www.valerie-philippin.com\\\/site\\\/qui-voix-la\\\/#primaryimage\"},\"thumbnailUrl\":\"https:\\\/\\\/www.valerie-philippin.com\\\/site\\\/wp-content\\\/uploads\\\/2020\\\/05\\\/quivoixla.jpg\",\"articleSection\":[\"Inventaire\",\"FabLab \\\/ Ateliers\"],\"inLanguage\":\"fr-FR\"},{\"@type\":\"WebPage\",\"@id\":\"https:\\\/\\\/www.valerie-philippin.com\\\/site\\\/qui-voix-la\\\/\",\"url\":\"https:\\\/\\\/www.valerie-philippin.com\\\/site\\\/qui-voix-la\\\/\",\"name\":\"Qui.voix.l\u00c0 &#8226; Val\u00e9rie Philippin \\\/ Cie Territoires de la voix\",\"isPartOf\":{\"@id\":\"https:\\\/\\\/www.valerie-philippin.com\\\/site\\\/#website\"},\"primaryImageOfPage\":{\"@id\":\"https:\\\/\\\/www.valerie-philippin.com\\\/site\\\/qui-voix-la\\\/#primaryimage\"},\"image\":{\"@id\":\"https:\\\/\\\/www.valerie-philippin.com\\\/site\\\/qui-voix-la\\\/#primaryimage\"},\"thumbnailUrl\":\"https:\\\/\\\/www.valerie-philippin.com\\\/site\\\/wp-content\\\/uploads\\\/2020\\\/05\\\/quivoixla.jpg\",\"datePublished\":\"2024-02-07T19:12:00+00:00\",\"dateModified\":\"2024-09-12T12:40:18+00:00\",\"breadcrumb\":{\"@id\":\"https:\\\/\\\/www.valerie-philippin.com\\\/site\\\/qui-voix-la\\\/#breadcrumb\"},\"inLanguage\":\"fr-FR\",\"potentialAction\":[{\"@type\":\"ReadAction\",\"target\":[\"https:\\\/\\\/www.valerie-philippin.com\\\/site\\\/qui-voix-la\\\/\"]}]},{\"@type\":\"ImageObject\",\"inLanguage\":\"fr-FR\",\"@id\":\"https:\\\/\\\/www.valerie-philippin.com\\\/site\\\/qui-voix-la\\\/#primaryimage\",\"url\":\"https:\\\/\\\/www.valerie-philippin.com\\\/site\\\/wp-content\\\/uploads\\\/2020\\\/05\\\/quivoixla.jpg\",\"contentUrl\":\"https:\\\/\\\/www.valerie-philippin.com\\\/site\\\/wp-content\\\/uploads\\\/2020\\\/05\\\/quivoixla.jpg\",\"width\":578,\"height\":341},{\"@type\":\"BreadcrumbList\",\"@id\":\"https:\\\/\\\/www.valerie-philippin.com\\\/site\\\/qui-voix-la\\\/#breadcrumb\",\"itemListElement\":[{\"@type\":\"ListItem\",\"position\":1,\"name\":\"Accueil\",\"item\":\"https:\\\/\\\/www.valerie-philippin.com\\\/site\\\/\"},{\"@type\":\"ListItem\",\"position\":2,\"name\":\"Qui.voix.l\u00c0\"}]},{\"@type\":\"WebSite\",\"@id\":\"https:\\\/\\\/www.valerie-philippin.com\\\/site\\\/#website\",\"url\":\"https:\\\/\\\/www.valerie-philippin.com\\\/site\\\/\",\"name\":\"Val\u00e9rie Philippin \\\/ Cie Territoires de la voix\",\"description\":\"FaBLab de cr\u00e9ation vocale contemporaine\",\"publisher\":{\"@id\":\"https:\\\/\\\/www.valerie-philippin.com\\\/site\\\/#organization\"},\"potentialAction\":[{\"@type\":\"SearchAction\",\"target\":{\"@type\":\"EntryPoint\",\"urlTemplate\":\"https:\\\/\\\/www.valerie-philippin.com\\\/site\\\/?s={search_term_string}\"},\"query-input\":{\"@type\":\"PropertyValueSpecification\",\"valueRequired\":true,\"valueName\":\"search_term_string\"}}],\"inLanguage\":\"fr-FR\"},{\"@type\":\"Organization\",\"@id\":\"https:\\\/\\\/www.valerie-philippin.com\\\/site\\\/#organization\",\"name\":\"Territoires de la voix\",\"url\":\"https:\\\/\\\/www.valerie-philippin.com\\\/site\\\/\",\"logo\":{\"@type\":\"ImageObject\",\"inLanguage\":\"fr-FR\",\"@id\":\"https:\\\/\\\/www.valerie-philippin.com\\\/site\\\/#\\\/schema\\\/logo\\\/image\\\/\",\"url\":\"http:\\\/\\\/www.valerie-philippin.com\\\/site\\\/wp-content\\\/uploads\\\/2020\\\/06\\\/logoterritoiresdelavoix.png\",\"contentUrl\":\"http:\\\/\\\/www.valerie-philippin.com\\\/site\\\/wp-content\\\/uploads\\\/2020\\\/06\\\/logoterritoiresdelavoix.png\",\"width\":500,\"height\":537,\"caption\":\"Territoires de la voix\"},\"image\":{\"@id\":\"https:\\\/\\\/www.valerie-philippin.com\\\/site\\\/#\\\/schema\\\/logo\\\/image\\\/\"}},{\"@type\":\"Person\",\"@id\":\"https:\\\/\\\/www.valerie-philippin.com\\\/site\\\/#\\\/schema\\\/person\\\/265f7bed37ab552ea1dae48334edaa9d\",\"name\":\"SissiSurlepalier\",\"description\":\"websister freelance\",\"sameAs\":[\"http:\\\/\\\/www.surlepalier.com\"]}]}<\/script>\n<!-- \/ Yoast SEO plugin. -->","yoast_head_json":{"title":"Qui.voix.l\u00c0 &#8226; Val\u00e9rie Philippin \/ Cie Territoires de la voix","robots":{"index":"noindex","follow":"follow"},"og_locale":"fr_FR","og_type":"article","og_title":"Qui.voix.l\u00c0 &#8226; Val\u00e9rie Philippin \/ Cie Territoires de la voix","og_description":"Atelier interg\u00e9n\u00e9rationnel de cr\u00e9ation vocale Men\u00e9 par Val\u00e9rie Philippin Garage Moderne - Bordeaux de 2017 \u00e0 2024","og_url":"https:\/\/www.valerie-philippin.com\/site\/qui-voix-la\/","og_site_name":"Val\u00e9rie Philippin \/ Cie Territoires de la voix","article_published_time":"2024-02-07T19:12:00+00:00","article_modified_time":"2024-09-12T12:40:18+00:00","og_image":[{"width":578,"height":341,"url":"http:\/\/www.valerie-philippin.com\/site\/wp-content\/uploads\/2020\/05\/quivoixla.jpg","type":"image\/jpeg"}],"author":"SissiSurlepalier","twitter_card":"summary_large_image","twitter_misc":{"\u00c9crit par":"SissiSurlepalier","Dur\u00e9e de lecture estim\u00e9e":"4 minutes"},"schema":{"@context":"https:\/\/schema.org","@graph":[{"@type":"Article","@id":"https:\/\/www.valerie-philippin.com\/site\/qui-voix-la\/#article","isPartOf":{"@id":"https:\/\/www.valerie-philippin.com\/site\/qui-voix-la\/"},"author":{"name":"SissiSurlepalier","@id":"https:\/\/www.valerie-philippin.com\/site\/#\/schema\/person\/265f7bed37ab552ea1dae48334edaa9d"},"headline":"Qui.voix.l\u00c0","datePublished":"2024-02-07T19:12:00+00:00","dateModified":"2024-09-12T12:40:18+00:00","mainEntityOfPage":{"@id":"https:\/\/www.valerie-philippin.com\/site\/qui-voix-la\/"},"wordCount":423,"publisher":{"@id":"https:\/\/www.valerie-philippin.com\/site\/#organization"},"image":{"@id":"https:\/\/www.valerie-philippin.com\/site\/qui-voix-la\/#primaryimage"},"thumbnailUrl":"https:\/\/www.valerie-philippin.com\/site\/wp-content\/uploads\/2020\/05\/quivoixla.jpg","articleSection":["Inventaire","FabLab \/ Ateliers"],"inLanguage":"fr-FR"},{"@type":"WebPage","@id":"https:\/\/www.valerie-philippin.com\/site\/qui-voix-la\/","url":"https:\/\/www.valerie-philippin.com\/site\/qui-voix-la\/","name":"Qui.voix.l\u00c0 &#8226; Val\u00e9rie Philippin \/ Cie Territoires de la voix","isPartOf":{"@id":"https:\/\/www.valerie-philippin.com\/site\/#website"},"primaryImageOfPage":{"@id":"https:\/\/www.valerie-philippin.com\/site\/qui-voix-la\/#primaryimage"},"image":{"@id":"https:\/\/www.valerie-philippin.com\/site\/qui-voix-la\/#primaryimage"},"thumbnailUrl":"https:\/\/www.valerie-philippin.com\/site\/wp-content\/uploads\/2020\/05\/quivoixla.jpg","datePublished":"2024-02-07T19:12:00+00:00","dateModified":"2024-09-12T12:40:18+00:00","breadcrumb":{"@id":"https:\/\/www.valerie-philippin.com\/site\/qui-voix-la\/#breadcrumb"},"inLanguage":"fr-FR","potentialAction":[{"@type":"ReadAction","target":["https:\/\/www.valerie-philippin.com\/site\/qui-voix-la\/"]}]},{"@type":"ImageObject","inLanguage":"fr-FR","@id":"https:\/\/www.valerie-philippin.com\/site\/qui-voix-la\/#primaryimage","url":"https:\/\/www.valerie-philippin.com\/site\/wp-content\/uploads\/2020\/05\/quivoixla.jpg","contentUrl":"https:\/\/www.valerie-philippin.com\/site\/wp-content\/uploads\/2020\/05\/quivoixla.jpg","width":578,"height":341},{"@type":"BreadcrumbList","@id":"https:\/\/www.valerie-philippin.com\/site\/qui-voix-la\/#breadcrumb","itemListElement":[{"@type":"ListItem","position":1,"name":"Accueil","item":"https:\/\/www.valerie-philippin.com\/site\/"},{"@type":"ListItem","position":2,"name":"Qui.voix.l\u00c0"}]},{"@type":"WebSite","@id":"https:\/\/www.valerie-philippin.com\/site\/#website","url":"https:\/\/www.valerie-philippin.com\/site\/","name":"Val\u00e9rie Philippin \/ Cie Territoires de la voix","description":"FaBLab de cr\u00e9ation vocale contemporaine","publisher":{"@id":"https:\/\/www.valerie-philippin.com\/site\/#organization"},"potentialAction":[{"@type":"SearchAction","target":{"@type":"EntryPoint","urlTemplate":"https:\/\/www.valerie-philippin.com\/site\/?s={search_term_string}"},"query-input":{"@type":"PropertyValueSpecification","valueRequired":true,"valueName":"search_term_string"}}],"inLanguage":"fr-FR"},{"@type":"Organization","@id":"https:\/\/www.valerie-philippin.com\/site\/#organization","name":"Territoires de la voix","url":"https:\/\/www.valerie-philippin.com\/site\/","logo":{"@type":"ImageObject","inLanguage":"fr-FR","@id":"https:\/\/www.valerie-philippin.com\/site\/#\/schema\/logo\/image\/","url":"http:\/\/www.valerie-philippin.com\/site\/wp-content\/uploads\/2020\/06\/logoterritoiresdelavoix.png","contentUrl":"http:\/\/www.valerie-philippin.com\/site\/wp-content\/uploads\/2020\/06\/logoterritoiresdelavoix.png","width":500,"height":537,"caption":"Territoires de la voix"},"image":{"@id":"https:\/\/www.valerie-philippin.com\/site\/#\/schema\/logo\/image\/"}},{"@type":"Person","@id":"https:\/\/www.valerie-philippin.com\/site\/#\/schema\/person\/265f7bed37ab552ea1dae48334edaa9d","name":"SissiSurlepalier","description":"websister freelance","sameAs":["http:\/\/www.surlepalier.com"]}]}},"_links":{"self":[{"href":"https:\/\/www.valerie-philippin.com\/site\/wp-json\/wp\/v2\/posts\/2282","targetHints":{"allow":["GET"]}}],"collection":[{"href":"https:\/\/www.valerie-philippin.com\/site\/wp-json\/wp\/v2\/posts"}],"about":[{"href":"https:\/\/www.valerie-philippin.com\/site\/wp-json\/wp\/v2\/types\/post"}],"author":[{"embeddable":true,"href":"https:\/\/www.valerie-philippin.com\/site\/wp-json\/wp\/v2\/users\/1"}],"replies":[{"embeddable":true,"href":"https:\/\/www.valerie-philippin.com\/site\/wp-json\/wp\/v2\/comments?post=2282"}],"version-history":[{"count":57,"href":"https:\/\/www.valerie-philippin.com\/site\/wp-json\/wp\/v2\/posts\/2282\/revisions"}],"predecessor-version":[{"id":5538,"href":"https:\/\/www.valerie-philippin.com\/site\/wp-json\/wp\/v2\/posts\/2282\/revisions\/5538"}],"wp:featuredmedia":[{"embeddable":true,"href":"https:\/\/www.valerie-philippin.com\/site\/wp-json\/wp\/v2\/media\/2057"}],"wp:attachment":[{"href":"https:\/\/www.valerie-philippin.com\/site\/wp-json\/wp\/v2\/media?parent=2282"}],"wp:term":[{"taxonomy":"category","embeddable":true,"href":"https:\/\/www.valerie-philippin.com\/site\/wp-json\/wp\/v2\/categories?post=2282"},{"taxonomy":"post_tag","embeddable":true,"href":"https:\/\/www.valerie-philippin.com\/site\/wp-json\/wp\/v2\/tags?post=2282"}],"curies":[{"name":"wp","href":"https:\/\/api.w.org\/{rel}","templated":true}]}}